{"id":715880,"date":"2024-12-20T18:36:58","date_gmt":"2024-12-20T17:36:58","guid":{"rendered":"https:\/\/www.hashtag.al\/?p=715880"},"modified":"2024-12-20T18:36:58","modified_gmt":"2024-12-20T17:36:58","slug":"basha-berisha-na-akuzonte-per-pazar-me-ramen-sot-e-pranoi-bashkepunimin","status":"publish","type":"post","link":"https:\/\/www.hashtag.al\/index.php\/2024\/12\/20\/basha-berisha-na-akuzonte-per-pazar-me-ramen-sot-e-pranoi-bashkepunimin\/","title":{"rendered":"Basha: Berisha na akuzonte p\u00ebr pazar me Ram\u00ebn sot e pranoi bashk\u00ebpunimin","gt_translate_keys":[{"key":"rendered","format":"text"}]},"content":{"rendered":"<p style=\"text-align: left;\"><span style=\"color: #000000;\"><img loading=\"lazy\" decoding=\"async\" class=\"alignnone size-medium wp-image-690621\" src=\"https:\/\/www.hashtag.al\/wp-content\/uploads\/2024\/07\/basha-300x167.png\" alt=\"\" width=\"300\" height=\"167\" srcset=\"https:\/\/www.hashtag.al\/wp-content\/uploads\/2024\/07\/basha-300x167.png 300w, https:\/\/www.hashtag.al\/wp-content\/uploads\/2024\/07\/basha-768x429.png 768w, https:\/\/www.hashtag.al\/wp-content\/uploads\/2024\/07\/basha-750x415.png 750w, https:\/\/www.hashtag.al\/wp-content\/uploads\/2024\/07\/basha.png 980w\" sizes=\"auto, (max-width: 300px) 100vw, 300px\" \/><\/span><\/p>\n<p style=\"text-align: left;\"><span style=\"color: #000000;\">Kryetari i Partis\u00eb Demokratike Demokrat\u00ebt Euroatlantik\u00eb, Lulzim Basha, ka akuzuar ish-kryeministrin Sali Berisha p\u00ebr hipokrizi dhe sabotim t\u00eb drejt\u00ebsis\u00eb, duke pranuar vet\u00eb se amnistia e votuar n\u00eb bashk\u00ebpunim me kryeministrin Edi Rama ishte nj\u00eb goditje kund\u00ebr SPAK-ut.<\/span><\/p>\n<p style=\"text-align: left;\"><span style=\"color: #000000;\">Basha tha se Berisha ka pranuar publikisht q\u00eb pakti i tij me mazhoranc\u00ebn ka sabotuar p\u00ebrpjekjet e SPAK-ut p\u00ebr t\u00eb luftuar pand\u00ebshkueshm\u00ebrin\u00eb, nd\u00ebrsa nuk mban p\u00ebrgjegj\u00ebsi p\u00ebr lirimin e t\u00eb korruptuarve.<\/span><\/p>\n<p style=\"text-align: left;\"><span style=\"color: #000000;\">&#8220;<em>Ky \u00ebsht\u00eb momenti p\u00ebr shqiptar\u00ebt t\u00eb kuptojn\u00eb se kush ka vepruar gjithmon\u00eb me koherenc\u00eb dhe kush ka b\u00ebr\u00eb pazare n\u00eb kurriz t\u00eb luft\u00ebs kund\u00ebr korrupsionit<\/em>,&#8221; u shpreh Basha.<\/span><\/p>\n<p style=\"text-align: left;\"><span style=\"color: #000000;\">Ai i b\u00ebri thirrje qytetar\u00ebve q\u00eb m\u00eb 11 maj t\u00eb zgjedhin midis atyre q\u00eb mb\u00ebshtesin sinqerisht pun\u00ebn e SPAK-ut dhe atyre q\u00eb p\u00ebrdorin parlamentin p\u00ebr t\u00eb shp\u00ebtuar t\u00eb korruptuarit. &#8220;Zgjidhni t\u00eb ardhmen, jo hipokrizin\u00eb,&#8221; p\u00ebrfundoi Basha.<\/span><\/p>\n<p style=\"text-align: left;\"><span style=\"color: #000000;\">&#8220;<em>Berisha pranon vet\u00eb se amnistia e votuar me Ram\u00ebn ishte nj\u00eb goditje kund\u00ebr SPAK, por nuk mban p\u00ebrgjegj\u00ebsi p\u00ebr lirimin e t\u00eb korruptuarve. Kjo \u00ebsht\u00eb hipokrizi n\u00eb form\u00ebn e saj m\u00eb t\u00eb past\u00ebr.<\/em><\/span><\/p>\n<p style=\"text-align: left;\"><span style=\"color: #000000;\"><em>Dikur na akuzonte ne se po shpifnim vet\u00ebm sepse paralajm\u00ebruam disa her\u00eb pasojat e pazarit mes tij dhe Edi Ram\u00ebs, nd\u00ebrsa sot pranon hapur se pakti i tij me mazhoranc\u00ebn sabotoi drejt\u00ebsin\u00eb dhe mesazhin q\u00eb SPAK k\u00ebrkon t\u00eb \u00e7oj\u00eb kund\u00ebr pand\u00ebshkueshm\u00ebris\u00eb.<\/em><\/span><\/p>\n<p style=\"text-align: left;\"><span style=\"color: #000000;\"><em>Ky \u00ebsht\u00eb momenti p\u00ebr shqiptar\u00ebt t\u00eb kuptojn\u00eb se kush ka vepruar gjithmon\u00eb me koherenc\u00eb dhe kush ka b\u00ebr\u00eb pazare n\u00eb kurriz t\u00eb luft\u00ebs kund\u00ebr korrupsionit.<\/em><\/span><\/p>\n<p style=\"text-align: left;\"><span style=\"color: #000000;\"><em>M\u00eb 11 maj, vota juaj do t\u00eb jet\u00eb mes atyre q\u00eb mb\u00ebshtesin sinqerisht pun\u00ebn e SPAK, dhe atyre q\u00eb e p\u00ebrdorin parlamentin p\u00ebr t\u00eb shp\u00ebtuar t\u00eb korruptuarit. Zgjidhni t\u00eb ardhmen, jo hipokrizin\u00eb<\/em>!&#8221;, shkruan Basha.<\/span><\/p>\n<div style=\"width: 640px;\" class=\"wp-video\"><video class=\"wp-video-shortcode\" id=\"video-715880-1\" width=\"640\" height=\"324\" preload=\"metadata\" controls=\"controls\"><source type=\"video\/mp4\" src=\"https:\/\/www.hashtag.al\/wp-content\/uploads\/2024\/12\/AQPAWb_wT6L3Nk3-xIFRbT7SL8isyfZ4mZVp4mUyhRaRTPvV4LznU_jLELhnSg953fcLP6jCNS71giHf2G6kT49O.mp4?_=1\" \/><a href=\"https:\/\/www.hashtag.al\/wp-content\/uploads\/2024\/12\/AQPAWb_wT6L3Nk3-xIFRbT7SL8isyfZ4mZVp4mUyhRaRTPvV4LznU_jLELhnSg953fcLP6jCNS71giHf2G6kT49O.mp4\">https:\/\/www.hashtag.al\/wp-content\/uploads\/2024\/12\/AQPAWb_wT6L3Nk3-xIFRbT7SL8isyfZ4mZVp4mUyhRaRTPvV4LznU_jLELhnSg953fcLP6jCNS71giHf2G6kT49O.mp4<\/a><\/video><\/div>\n","protected":false,"gt_translate_keys":[{"key":"rendered","format":"html"}]},"excerpt":{"rendered":"<p>Kryetari i Partis\u00eb Demokratike Demokrat\u00ebt Euroatlantik\u00eb, Lulzim Basha, ka akuzuar ish-kryeministrin Sali Berisha p\u00ebr hipokrizi dhe sabotim t\u00eb drejt\u00ebsis\u00eb, duke pranuar vet\u00eb se amnistia e votuar n\u00eb bashk\u00ebpunim me kryeministrin Edi Rama ishte nj\u00eb goditje kund\u00ebr SPAK-ut. Basha tha se Berisha ka pranuar publikisht q\u00eb pakti i tij me mazhoranc\u00ebn ka sabotuar p\u00ebrpjekjet e SPAK-ut [&hellip;]<\/p>\n","protected":false,"gt_translate_keys":[{"key":"rendered","format":"html"}]},"author":32,"featured_media":703068,"comment_status":"closed","ping_status":"open","sticky":false,"template":"","format":"standard","meta":{"footnotes":""},"categories":[65,13],"tags":[],"class_list":["post-715880","post","type-post","status-publish","format-standard","has-post-thumbnail","hentry","category-lajme","category-te-fundit"],"gt_translate_keys":[{"key":"link","format":"url"}],"_links":{"self":[{"href":"https:\/\/www.hashtag.al\/index.php\/wp-json\/wp\/v2\/posts\/715880","targetHints":{"allow":["GET"]}}],"collection":[{"href":"https:\/\/www.hashtag.al\/index.php\/wp-json\/wp\/v2\/posts"}],"about":[{"href":"https:\/\/www.hashtag.al\/index.php\/wp-json\/wp\/v2\/types\/post"}],"author":[{"embeddable":true,"href":"https:\/\/www.hashtag.al\/index.php\/wp-json\/wp\/v2\/users\/32"}],"replies":[{"embeddable":true,"href":"https:\/\/www.hashtag.al\/index.php\/wp-json\/wp\/v2\/comments?post=715880"}],"version-history":[{"count":99999,"href":"https:\/\/www.hashtag.al\/index.php\/wp-json\/wp\/v2\/posts\/715880\/revisions"}],"predecessor-version":[{"id":715882,"href":"https:\/\/www.hashtag.al\/index.php\/wp-json\/wp\/v2\/posts\/715880\/revisions\/715882"}],"wp:featuredmedia":[{"embeddable":true,"href":"https:\/\/www.hashtag.al\/index.php\/wp-json\/wp\/v2\/media\/703068"}],"wp:attachment":[{"href":"https:\/\/www.hashtag.al\/index.php\/wp-json\/wp\/v2\/media?parent=715880"}],"wp:term":[{"taxonomy":"category","embeddable":true,"href":"https:\/\/www.hashtag.al\/index.php\/wp-json\/wp\/v2\/categories?post=715880"},{"taxonomy":"post_tag","embeddable":true,"href":"https:\/\/www.hashtag.al\/index.php\/wp-json\/wp\/v2\/tags?post=715880"}],"curies":[{"name":"wp","href":"https:\/\/api.w.org\/{rel}","templated":true}]}}