{"id":715389,"date":"2024-12-18T09:44:28","date_gmt":"2024-12-18T08:44:28","guid":{"rendered":"https:\/\/www.hashtag.al\/?p=715389"},"modified":"2024-12-18T09:44:28","modified_gmt":"2024-12-18T08:44:28","slug":"lajcak-kosova-ta-themeloje-asociacionin-serbia-ti-njohe-simbolet-e-kosoves","status":"publish","type":"post","link":"https:\/\/www.hashtag.al\/index.php\/2024\/12\/18\/lajcak-kosova-ta-themeloje-asociacionin-serbia-ti-njohe-simbolet-e-kosoves\/","title":{"rendered":"Laj\u00e7ak: Kosova ta themeloj\u00eb Asociacionin, Serbia t&#8217;i njoh\u00eb simbolet e Kosov\u00ebs","gt_translate_keys":[{"key":"rendered","format":"text"}]},"content":{"rendered":"<div class=\"col-xs-12 col-sm-12 col-md-8 col-lg-8 pull-left bottom-offset content-offset\">\n<div id=\"article-content\" class=\"content-floated-wrap fb-quotable\">\n<div class=\"wsw\">\n<p><span style=\"color: #000000;\"><img loading=\"lazy\" decoding=\"async\" class=\"aligncenter size-full wp-image-715390\" src=\"https:\/\/www.hashtag.al\/wp-content\/uploads\/2024\/12\/Screenshot-2024-12-18-093006.png\" alt=\"\" width=\"971\" height=\"555\" srcset=\"https:\/\/www.hashtag.al\/wp-content\/uploads\/2024\/12\/Screenshot-2024-12-18-093006.png 971w, https:\/\/www.hashtag.al\/wp-content\/uploads\/2024\/12\/Screenshot-2024-12-18-093006-300x171.png 300w, https:\/\/www.hashtag.al\/wp-content\/uploads\/2024\/12\/Screenshot-2024-12-18-093006-768x439.png 768w\" sizes=\"auto, (max-width: 971px) 100vw, 971px\" \/><\/span><\/p>\n<p><span style=\"color: #000000;\">P\u00ebrfaq\u00ebsuesi i posa\u00e7\u00ebm i Bashkimit Evropian p\u00ebr dialogun Kosov\u00eb-Serbi, Mirosllav Laj\u00e7ak, ka th\u00ebn\u00eb se ua ka kujtuar Prishtin\u00ebs dhe Beogradit, t\u00eb mart\u00ebn n\u00eb Bruksel, se normalizimi i marr\u00ebdh\u00ebnieve n\u00ebnkupton integrim n\u00eb BE, dhe se dy proceset jan\u00eb t\u00eb nd\u00ebrlidhura me nj\u00ebri-tjetrin.<\/span><\/p>\n<p><span style=\"color: #000000;\">Laj\u00e7ak ka th\u00ebn\u00eb se me kryenegociatorin e Kosov\u00ebs, Besnik Bislimi, dhe me at\u00eb t\u00eb Serbis\u00eb, Petar Petkoviq, kan\u00eb diskutuar p\u00ebr hapat drejt zbatimit t\u00eb\u00a0Marr\u00ebveshjes s\u00eb Ohrit, teksa ka p\u00ebrmendur \u201cshtensionimin, p\u00ebrgjegj\u00ebsin\u00eb p\u00ebr sulmet e 2023-t\u00ebs, riintegrimin e serb\u00ebve t\u00eb Kosov\u00ebs, themelimin e Asociacionit t\u00eb komunave me shumic\u00eb serbe, njohjen e dokumenteve dhe simboleve t\u00eb Kosov\u00ebs\u201d.<\/span><\/p>\n<p><span style=\"color: #000000;\">Deklaratat e Laj\u00e7akut, t\u00eb b\u00ebra n\u00eb llogarin\u00eb e tij n\u00eb rrjetin social X, erdh\u00ebn nj\u00eb dit\u00eb pasi Kosova dhe Serbia p\u00ebrmbyll\u00ebn me sukses negociatat p\u00ebr zbatimin e Deklarat\u00ebs s\u00eb vitit 2023 p\u00ebr Personat e Zhdukur gjat\u00eb luft\u00ebs n\u00eb Kosov\u00eb.<\/span><\/p>\n<p><span style=\"color: #000000;\">Laj\u00e7ak ka th\u00ebn\u00eb se dakordimi p\u00ebr zbatimin e Deklarat\u00ebs p\u00ebr t\u00eb pagjeturit ishte \u201cnj\u00eb hap i r\u00ebnd\u00ebsish\u00ebm q\u00eb p\u00ebrfundimisht do t\u00eb sjell\u00eb nj\u00eb p\u00ebrmbyllje p\u00ebr familjet\u201d.<\/span><\/p>\n<p><span style=\"color: #000000;\">Sipas Kryqit t\u00eb Kuq, n\u00eb Kosov\u00eb jan\u00eb ende\u00a01.612 persona t\u00eb pagjetur\u00a0nga lufta.<\/span><\/p>\n<p><span style=\"color: #000000;\">Emisari evropian ka paralajm\u00ebruar se Brukseli s\u00eb shpejti do t\u00eb jet\u00eb mikprit\u00ebs i takimit t\u00eb par\u00eb t\u00eb nj\u00eb Komisioni t\u00eb P\u00ebrbashk\u00ebt, nd\u00ebrkaq Bislimi ka th\u00ebn\u00eb se ky komision do t\u00eb filloj\u00eb t\u00eb merret me \u00e7\u00ebshtjet q\u00eb i takojn\u00eb nga janari i 2025-t\u00ebs.<\/span><\/p>\n<p><span style=\"color: #000000;\">Kosova dhe Serbia arrit\u00ebn marr\u00ebveshje m\u00eb 2023 p\u00ebr\u00a0Deklarat\u00ebn e p\u00ebrbashk\u00ebt p\u00ebr personat e zhdukur,\u00a0n\u00eb kuad\u00ebr t\u00eb dialogut p\u00ebr normalizimin e marr\u00ebdh\u00ebnieve t\u00eb nd\u00ebrmjet\u00ebsuar nga Bashkimi Evropian.<\/span><\/p>\n<p><span style=\"color: #000000;\">Zotimet q\u00eb u b\u00ebn\u00eb me k\u00ebt\u00eb deklarat\u00eb, p\u00ebrfshijn\u00eb: qasje t\u00eb plot\u00eb n\u00eb informacione t\u00eb besueshme, mes tyre edhe ato me status t\u00eb klasifikuar; v\u00ebnie n\u00eb dispozicion t\u00eb t\u00eb gjitha dokumenteve me r\u00ebnd\u00ebsi p\u00ebr p\u00ebrcaktimin e fatit t\u00eb personave t\u00eb zhdukur, si dhe pun\u00eb t\u00eb p\u00ebrbashk\u00ebt p\u00ebrmes nj\u00eb komisioni t\u00eb kryesuar nga Bashkimi Evropian.<\/span><\/p>\n<p><span style=\"color: #000000;\">Por, deri tani, asnj\u00eb prej k\u00ebtyre nuk \u00ebsht\u00eb realizuar n\u00eb praktik\u00eb.<a href=\"https:\/\/www.evropaelire.org\/a\/lajcak-kosova-serbia-asociacioni-simbolet\/33244032.html\"><span style=\"color: #0000ff;\"><strong>\/REL<\/strong><\/span><\/a><\/span><\/p>\n<\/div>\n<\/div>\n<\/div>\n","protected":false,"gt_translate_keys":[{"key":"rendered","format":"html"}]},"excerpt":{"rendered":"<p>P\u00ebrfaq\u00ebsuesi i posa\u00e7\u00ebm i Bashkimit Evropian p\u00ebr dialogun Kosov\u00eb-Serbi, Mirosllav Laj\u00e7ak, ka th\u00ebn\u00eb se ua ka kujtuar Prishtin\u00ebs dhe Beogradit, t\u00eb mart\u00ebn n\u00eb Bruksel, se normalizimi i marr\u00ebdh\u00ebnieve n\u00ebnkupton integrim n\u00eb BE, dhe se dy proceset jan\u00eb t\u00eb nd\u00ebrlidhura me nj\u00ebri-tjetrin. Laj\u00e7ak ka th\u00ebn\u00eb se me kryenegociatorin e Kosov\u00ebs, Besnik Bislimi, dhe me at\u00eb t\u00eb [&hellip;]<\/p>\n","protected":false,"gt_translate_keys":[{"key":"rendered","format":"html"}]},"author":49,"featured_media":715390,"comment_status":"closed","ping_status":"open","sticky":false,"template":"","format":"standard","meta":{"footnotes":""},"categories":[149],"tags":[],"class_list":["post-715389","post","type-post","status-publish","format-standard","has-post-thumbnail","hentry","category-kosoverajon"],"gt_translate_keys":[{"key":"link","format":"url"}],"_links":{"self":[{"href":"https:\/\/www.hashtag.al\/index.php\/wp-json\/wp\/v2\/posts\/715389","targetHints":{"allow":["GET"]}}],"collection":[{"href":"https:\/\/www.hashtag.al\/index.php\/wp-json\/wp\/v2\/posts"}],"about":[{"href":"https:\/\/www.hashtag.al\/index.php\/wp-json\/wp\/v2\/types\/post"}],"author":[{"embeddable":true,"href":"https:\/\/www.hashtag.al\/index.php\/wp-json\/wp\/v2\/users\/49"}],"replies":[{"embeddable":true,"href":"https:\/\/www.hashtag.al\/index.php\/wp-json\/wp\/v2\/comments?post=715389"}],"version-history":[{"count":99999,"href":"https:\/\/www.hashtag.al\/index.php\/wp-json\/wp\/v2\/posts\/715389\/revisions"}],"predecessor-version":[{"id":715391,"href":"https:\/\/www.hashtag.al\/index.php\/wp-json\/wp\/v2\/posts\/715389\/revisions\/715391"}],"wp:featuredmedia":[{"embeddable":true,"href":"https:\/\/www.hashtag.al\/index.php\/wp-json\/wp\/v2\/media\/715390"}],"wp:attachment":[{"href":"https:\/\/www.hashtag.al\/index.php\/wp-json\/wp\/v2\/media?parent=715389"}],"wp:term":[{"taxonomy":"category","embeddable":true,"href":"https:\/\/www.hashtag.al\/index.php\/wp-json\/wp\/v2\/categories?post=715389"},{"taxonomy":"post_tag","embeddable":true,"href":"https:\/\/www.hashtag.al\/index.php\/wp-json\/wp\/v2\/tags?post=715389"}],"curies":[{"name":"wp","href":"https:\/\/api.w.org\/{rel}","templated":true}]}}