{"id":715202,"date":"2024-12-17T10:25:54","date_gmt":"2024-12-17T09:25:54","guid":{"rendered":"https:\/\/www.hashtag.al\/?p=715202"},"modified":"2024-12-17T10:25:54","modified_gmt":"2024-12-17T09:25:54","slug":"celja-e-grupkapitullit-te-6-komisionerja-per-zgjerimin-duam-te-forcojme-unionin","status":"publish","type":"post","link":"https:\/\/www.hashtag.al\/index.php\/2024\/12\/17\/celja-e-grupkapitullit-te-6-komisionerja-per-zgjerimin-duam-te-forcojme-unionin\/","title":{"rendered":"\u00c7elja e grupkapitullit t\u00eb 6, Komisionerja p\u00ebr Zgjerimin: Duam t\u00eb forcojm\u00eb unionin","gt_translate_keys":[{"key":"rendered","format":"text"}]},"content":{"rendered":"<p><img loading=\"lazy\" decoding=\"async\" class=\"aligncenter size-full wp-image-715203\" src=\"https:\/\/www.hashtag.al\/wp-content\/uploads\/2024\/12\/Screenshot-2024-12-17-102423.png\" alt=\"\" width=\"1001\" height=\"650\" srcset=\"https:\/\/www.hashtag.al\/wp-content\/uploads\/2024\/12\/Screenshot-2024-12-17-102423.png 1001w, https:\/\/www.hashtag.al\/wp-content\/uploads\/2024\/12\/Screenshot-2024-12-17-102423-300x195.png 300w, https:\/\/www.hashtag.al\/wp-content\/uploads\/2024\/12\/Screenshot-2024-12-17-102423-768x499.png 768w\" sizes=\"auto, (max-width: 1001px) 100vw, 1001px\" \/><\/p>\n<p><span style=\"color: #000000;\">Komisionerja p\u00ebr Fqinj\u00ebsin\u00eb dhe Negociatat p\u00ebr Zgjerimin, Marta Kos, e ka cil\u00ebsuar hapjen e grupkapitullit t\u00eb 6 n\u00eb procesin e integrimit t\u00eb Shqip\u00ebris\u00eb n\u00eb Bashkimin Europian si nj\u00eb &#8220;gur kilometrik&#8221;.<\/span><\/p>\n<p><span style=\"color: #000000;\"> Ajo fal\u00ebnderoi presidenc\u00ebn hungareze p\u00ebr mund\u00ebsimin e k\u00ebtij hapi dhe shprehu shpres\u00ebn se procesi do t\u00eb vazhdoj\u00eb me sukses edhe gjat\u00eb presidenc\u00ebs polake.<\/span><\/p>\n<p><span style=\"color: #000000;\">Kos theksoi se hapja e k\u00ebtij grupkapitulli \u00ebsht\u00eb nj\u00eb mesazh pozitiv p\u00ebr Shqip\u00ebrin\u00eb dhe p\u00ebr rajonin, duke i treguar se zgjerimi i BE \u00ebsht\u00eb nj\u00eb prioritet i vazhduesh\u00ebm.<\/span><\/p>\n<p><span style=\"color: #000000;\"><em>\u201cGur kilometrik\u201d \u00ebsht\u00eb aksesi i Shqip\u00ebris\u00eb dhe hapja e grupkapitullit t\u00eb 6.<br \/>\nFalenderoj presidenc\u00ebn hungareze p\u00ebr t\u00eb b\u00ebr\u00eb t\u00eb mundur nj\u00eb gj\u00eb t\u00eb till\u00eb, shpresoj t\u00eb vijoj\u00eb edhe n\u00eb presidenc\u00ebn polake.<br \/>\nHapja \u00ebsht\u00eb mesazh p\u00ebr Shqip\u00ebrin\u00eb dhe rajonin se zgjerimi prioritet p\u00ebr BE dhe jemi t\u00eb p\u00ebrkushtuar p\u00ebr t\u00eb marr\u00eb rezultatet t\u00eb tjer\u00eb p\u00ebr t\u00eb p\u00ebrforcuar unionin n\u00eb baz\u00eb edhe t\u00eb ndryshimeve gjeopolitike q\u00eb po ndodhin.<br \/>\nNegociatat \u00ebsht\u00eb nj\u00eb proces q\u00eb do t\u00eb sjelle p\u00ebrfitime p\u00ebr qytetar\u00ebt, nd\u00ebrsa ne do t\u00eb nd\u00ebrtojm\u00eb n\u00eb t\u00eb ardhme t\u00eb p\u00ebrbashk\u00ebt dhe t\u00eb lul\u00ebzuar\u201d,<\/em>\u00a0tha ajo.<\/span><\/p>\n","protected":false,"gt_translate_keys":[{"key":"rendered","format":"html"}]},"excerpt":{"rendered":"<p>Komisionerja p\u00ebr Fqinj\u00ebsin\u00eb dhe Negociatat p\u00ebr Zgjerimin, Marta Kos, e ka cil\u00ebsuar hapjen e grupkapitullit t\u00eb 6 n\u00eb procesin e integrimit t\u00eb Shqip\u00ebris\u00eb n\u00eb Bashkimin Europian si nj\u00eb &#8220;gur kilometrik&#8221;. Ajo fal\u00ebnderoi presidenc\u00ebn hungareze p\u00ebr mund\u00ebsimin e k\u00ebtij hapi dhe shprehu shpres\u00ebn se procesi do t\u00eb vazhdoj\u00eb me sukses edhe gjat\u00eb presidenc\u00ebs polake. Kos theksoi [&hellip;]<\/p>\n","protected":false,"gt_translate_keys":[{"key":"rendered","format":"html"}]},"author":49,"featured_media":715203,"comment_status":"closed","ping_status":"open","sticky":false,"template":"","format":"standard","meta":{"footnotes":""},"categories":[65],"tags":[],"class_list":["post-715202","post","type-post","status-publish","format-standard","has-post-thumbnail","hentry","category-lajme"],"gt_translate_keys":[{"key":"link","format":"url"}],"_links":{"self":[{"href":"https:\/\/www.hashtag.al\/index.php\/wp-json\/wp\/v2\/posts\/715202","targetHints":{"allow":["GET"]}}],"collection":[{"href":"https:\/\/www.hashtag.al\/index.php\/wp-json\/wp\/v2\/posts"}],"about":[{"href":"https:\/\/www.hashtag.al\/index.php\/wp-json\/wp\/v2\/types\/post"}],"author":[{"embeddable":true,"href":"https:\/\/www.hashtag.al\/index.php\/wp-json\/wp\/v2\/users\/49"}],"replies":[{"embeddable":true,"href":"https:\/\/www.hashtag.al\/index.php\/wp-json\/wp\/v2\/comments?post=715202"}],"version-history":[{"count":99999,"href":"https:\/\/www.hashtag.al\/index.php\/wp-json\/wp\/v2\/posts\/715202\/revisions"}],"predecessor-version":[{"id":715204,"href":"https:\/\/www.hashtag.al\/index.php\/wp-json\/wp\/v2\/posts\/715202\/revisions\/715204"}],"wp:featuredmedia":[{"embeddable":true,"href":"https:\/\/www.hashtag.al\/index.php\/wp-json\/wp\/v2\/media\/715203"}],"wp:attachment":[{"href":"https:\/\/www.hashtag.al\/index.php\/wp-json\/wp\/v2\/media?parent=715202"}],"wp:term":[{"taxonomy":"category","embeddable":true,"href":"https:\/\/www.hashtag.al\/index.php\/wp-json\/wp\/v2\/categories?post=715202"},{"taxonomy":"post_tag","embeddable":true,"href":"https:\/\/www.hashtag.al\/index.php\/wp-json\/wp\/v2\/tags?post=715202"}],"curies":[{"name":"wp","href":"https:\/\/api.w.org\/{rel}","templated":true}]}}