{"id":714756,"date":"2024-12-14T10:05:16","date_gmt":"2024-12-14T09:05:16","guid":{"rendered":"https:\/\/www.hashtag.al\/?p=714756"},"modified":"2024-12-14T10:05:16","modified_gmt":"2024-12-14T09:05:16","slug":"parlamenti-i-korese-se-jugut-voton-per-shkarkimin-e-presidentit","status":"publish","type":"post","link":"https:\/\/www.hashtag.al\/index.php\/2024\/12\/14\/parlamenti-i-korese-se-jugut-voton-per-shkarkimin-e-presidentit\/","title":{"rendered":"Parlamenti i Kores\u00eb s\u00eb Jugut voton p\u00ebr shkarkimin e Presidentit","gt_translate_keys":[{"key":"rendered","format":"text"}]},"content":{"rendered":"<p><span style=\"color: #000000;\"><a style=\"color: #000000;\" href=\"https:\/\/www.hashtag.al\/wp-content\/uploads\/2024\/12\/kore-e-jugut.png\"><img loading=\"lazy\" decoding=\"async\" class=\"aligncenter size-full wp-image-714757\" src=\"https:\/\/www.hashtag.al\/wp-content\/uploads\/2024\/12\/kore-e-jugut.png\" alt=\"\" width=\"1184\" height=\"648\" srcset=\"https:\/\/www.hashtag.al\/wp-content\/uploads\/2024\/12\/kore-e-jugut.png 1184w, https:\/\/www.hashtag.al\/wp-content\/uploads\/2024\/12\/kore-e-jugut-300x164.png 300w, https:\/\/www.hashtag.al\/wp-content\/uploads\/2024\/12\/kore-e-jugut-1024x560.png 1024w, https:\/\/www.hashtag.al\/wp-content\/uploads\/2024\/12\/kore-e-jugut-768x420.png 768w\" sizes=\"auto, (max-width: 1184px) 100vw, 1184px\" \/><\/a><\/span><\/p>\n<p><span style=\"color: #000000;\">Parlamenti i Kores\u00eb s\u00eb Jugut ka votuar p\u00ebr shkarkimin e Yoon Suk Yeol, me 204 ligjv\u00ebn\u00ebs q\u00eb votuan n\u00eb favor t\u00eb mocionit.<\/span><\/p>\n<p><span style=\"color: #000000;\">Do t\u00eb thot\u00eb se Yoon do t\u00eb pezullohet menj\u00ebher\u00eb nga detyra dhe kryeministri do t\u00eb b\u00ebhet presidenti n\u00eb detyr\u00eb.<\/span><\/p>\n<p><span style=\"color: #000000;\">Por kjo nuk garanton domosdoshm\u00ebrisht se ai do t\u00eb shkarkohet p\u00ebrgjithmon\u00eb nga detyra.<\/span><\/p>\n<p><span style=\"color: #000000;\">I gjith\u00eb procesi mund t\u00eb zgjas\u00eb me jav\u00eb t\u00eb t\u00ebra, pasi nj\u00eb gjyq do duhet t\u00eb mbahet n\u00eb Gjykat\u00ebn Kushtetuese. N\u00ebse gjasht\u00eb nga n\u00ebnt\u00eb an\u00ebtar\u00ebt e k\u00ebshillit votojn\u00eb p\u00ebr t\u00eb mb\u00ebshtetur shkarkimin, vet\u00ebm at\u00ebher\u00eb presidenti do t\u00eb shkarkohet nga detyra.<\/span><\/p>\n<p><span style=\"color: #000000;\">N\u00eb k\u00ebt\u00eb skenar, zgjedhjet p\u00ebr presidentin e ardhsh\u00ebm do t\u00eb shpallen brenda 60 dit\u00ebve nga vendimi.<\/span><\/p>\n<p><span style=\"color: #000000;\">N\u00eb momentin e shpalljes s\u00eb rezultateve, brohoritjet shp\u00ebrthyen nga Partia Demokratike, nd\u00ebrsa an\u00ebtar\u00ebt e partis\u00eb n\u00eb pushtet u larguan t\u00eb qet\u00eb nga dhoma.<\/span><\/p>\n<p><span style=\"color: #000000;\">Gjat\u00eb num\u00ebrimit t\u00eb votave, disa ligjv\u00ebn\u00ebs t\u00eb partis\u00eb n\u00eb pushtet u pan\u00eb duke shtr\u00ebnguar duart n\u00eb lutje.<\/span><\/p>\n<p><span style=\"color: #000000;\">T\u00eb 300 deputet\u00ebt mor\u00ebn pjes\u00eb, me 204 vota pro, 85 kund\u00ebr, tre abstenime dhe kat\u00ebr vota t\u00eb pavlefshme, mocioni kaloi.<\/span><\/p>\n<p><span style=\"color: #000000;\">Kryetari \u00cboo \u00cbon-shik njoftoi se votimi i shkarkimit kishte kaluar dhe p\u00ebrfundoi seanc\u00ebn.<\/span><\/p>\n<p><span style=\"color: #000000;\">&#8220;P\u00ebr njer\u00ebzit, ne shpresojm\u00eb q\u00eb fundi i vitit tuaj t\u00eb jet\u00eb pak m\u00eb i lumtur tani dhe t\u00eb gjitha festimet tuaja t\u00eb anuluara t\u00eb fundvitit t\u00eb rikthehen,&#8221; tha ai.<\/span><\/p>\n<p><span style=\"color: #000000;\">&#8220;E ardhmja e Republik\u00ebs s\u00eb Kores\u00eb dhe shpresa jon\u00eb \u00ebsht\u00eb n\u00eb duart e njer\u00ebzve, shpresa jon\u00eb \u00ebsht\u00eb e fort\u00eb. Faleminderit shum\u00eb,&#8221; tha ai nd\u00ebrsa p\u00ebrfundoi seanc\u00ebn.<\/span><\/p>\n","protected":false,"gt_translate_keys":[{"key":"rendered","format":"html"}]},"excerpt":{"rendered":"<p>Parlamenti i Kores\u00eb s\u00eb Jugut ka votuar p\u00ebr shkarkimin e Yoon Suk Yeol, me 204 ligjv\u00ebn\u00ebs q\u00eb votuan n\u00eb favor t\u00eb mocionit. Do t\u00eb thot\u00eb se Yoon do t\u00eb pezullohet menj\u00ebher\u00eb nga detyra dhe kryeministri do t\u00eb b\u00ebhet presidenti n\u00eb detyr\u00eb. Por kjo nuk garanton domosdoshm\u00ebrisht se ai do t\u00eb shkarkohet p\u00ebrgjithmon\u00eb nga detyra. I [&hellip;]<\/p>\n","protected":false,"gt_translate_keys":[{"key":"rendered","format":"html"}]},"author":32,"featured_media":714757,"comment_status":"closed","ping_status":"open","sticky":false,"template":"","format":"standard","meta":{"footnotes":""},"categories":[6,13],"tags":[],"class_list":["post-714756","post","type-post","status-publish","format-standard","has-post-thumbnail","hentry","category-nderkombetare","category-te-fundit"],"gt_translate_keys":[{"key":"link","format":"url"}],"_links":{"self":[{"href":"https:\/\/www.hashtag.al\/index.php\/wp-json\/wp\/v2\/posts\/714756","targetHints":{"allow":["GET"]}}],"collection":[{"href":"https:\/\/www.hashtag.al\/index.php\/wp-json\/wp\/v2\/posts"}],"about":[{"href":"https:\/\/www.hashtag.al\/index.php\/wp-json\/wp\/v2\/types\/post"}],"author":[{"embeddable":true,"href":"https:\/\/www.hashtag.al\/index.php\/wp-json\/wp\/v2\/users\/32"}],"replies":[{"embeddable":true,"href":"https:\/\/www.hashtag.al\/index.php\/wp-json\/wp\/v2\/comments?post=714756"}],"version-history":[{"count":99999,"href":"https:\/\/www.hashtag.al\/index.php\/wp-json\/wp\/v2\/posts\/714756\/revisions"}],"predecessor-version":[{"id":714758,"href":"https:\/\/www.hashtag.al\/index.php\/wp-json\/wp\/v2\/posts\/714756\/revisions\/714758"}],"wp:featuredmedia":[{"embeddable":true,"href":"https:\/\/www.hashtag.al\/index.php\/wp-json\/wp\/v2\/media\/714757"}],"wp:attachment":[{"href":"https:\/\/www.hashtag.al\/index.php\/wp-json\/wp\/v2\/media?parent=714756"}],"wp:term":[{"taxonomy":"category","embeddable":true,"href":"https:\/\/www.hashtag.al\/index.php\/wp-json\/wp\/v2\/categories?post=714756"},{"taxonomy":"post_tag","embeddable":true,"href":"https:\/\/www.hashtag.al\/index.php\/wp-json\/wp\/v2\/tags?post=714756"}],"curies":[{"name":"wp","href":"https:\/\/api.w.org\/{rel}","templated":true}]}}