{"id":714621,"date":"2024-12-13T09:42:39","date_gmt":"2024-12-13T08:42:39","guid":{"rendered":"https:\/\/www.hashtag.al\/?p=714621"},"modified":"2024-12-13T09:49:20","modified_gmt":"2024-12-13T08:49:20","slug":"sherr-mes-nxenesve-ne-gjimnaz-17-vjecari-godet-me-thike-ne-krah-bashkemoshatarin-ne-fier","status":"publish","type":"post","link":"https:\/\/www.hashtag.al\/index.php\/2024\/12\/13\/sherr-mes-nxenesve-ne-gjimnaz-17-vjecari-godet-me-thike-ne-krah-bashkemoshatarin-ne-fier\/","title":{"rendered":"Sherr mes nx\u00ebn\u00ebsve n\u00eb gjimnaz, 17-vje\u00e7ari godet me thik\u00eb bashk\u00ebmoshatarin n\u00eb Fier","gt_translate_keys":[{"key":"rendered","format":"text"}]},"content":{"rendered":"<p style=\"text-align: left;\"><span style=\"color: #000000;\"><img loading=\"lazy\" decoding=\"async\" class=\"aligncenter size-full wp-image-714622\" src=\"https:\/\/www.hashtag.al\/wp-content\/uploads\/2024\/12\/Screenshot-2024-12-13-094000.png\" alt=\"\" width=\"605\" height=\"351\" srcset=\"https:\/\/www.hashtag.al\/wp-content\/uploads\/2024\/12\/Screenshot-2024-12-13-094000.png 605w, https:\/\/www.hashtag.al\/wp-content\/uploads\/2024\/12\/Screenshot-2024-12-13-094000-300x174.png 300w, https:\/\/www.hashtag.al\/wp-content\/uploads\/2024\/12\/Screenshot-2024-12-13-094000-250x145.png 250w\" sizes=\"auto, (max-width: 605px) 100vw, 605px\" \/><\/span><\/p>\n<p><span style=\"color: #000000;\">Nj\u00eb ngjarje e r\u00ebnd\u00eb ka ndodhur k\u00ebt\u00eb m\u00ebngjes n\u00eb fshatin Cakran t\u00eb Fierit, ku dy nx\u00ebn\u00ebs t\u00eb shkoll\u00ebs s\u00eb mesme u p\u00ebrfshin\u00eb n\u00eb nj\u00eb konflikt t\u00eb dhunsh\u00ebm me thika.<\/span><\/p>\n<p><span style=\"color: #000000;\"> Incidenti ka ndodhur rreth or\u00ebs 08:30, kur nj\u00ebri nga nx\u00ebn\u00ebsit, shtetasi B. D., 17 vje\u00e7, ka goditur me thik\u00eb n\u00eb krah bashk\u00ebmoshatarin e tij, shtetasin Y. Xh.<\/span><\/p>\n<p><span style=\"color: #000000;\"> Pas ngjarjes, i l\u00ebnduari \u00ebsht\u00eb transportuar n\u00eb spital p\u00ebr ndihm\u00eb mjek\u00ebsore, nd\u00ebrsa policia ka arrestuar autorin dhe ka sekuestruar mjetin prer\u00ebs si prov\u00eb materiale. Grupi hetimor po punon p\u00ebr zbardhjen e plot\u00eb t\u00eb shkaqeve t\u00eb k\u00ebtij incidenti t\u00eb dhunsh\u00ebm.<\/span><\/p>\n<p style=\"text-align: left;\"><span style=\"color: #000000;\"><strong>NJOFTIMI:<\/strong><\/span><\/p>\n<p style=\"text-align: left;\"><span style=\"color: #000000;\">Rreth or\u00ebs 08:30, n\u00eb fshatin Cakran, Fier, n\u00eb ambjentet e shkoll\u00ebs s\u00eb mesme Cakran, gjat\u00eb nj\u00eb konflikti t\u00eb \u00e7astit mes dy nx\u00ebn\u00ebsve, nj\u00ebri prej tyre shtetasi, B. D.,17 vje\u00e7, ka goditur me mjet prer\u00ebs n\u00eb krah bashk\u00ebmoshatarin shtetasin Y. Xh, t\u00eb (dy nx\u00ebn\u00ebs t\u00eb k\u00ebsaj shkolle).<\/span><\/p>\n<p style=\"text-align: left;\"><span style=\"color: #000000;\">Shtetasi Y. Xh., u transportua n\u00eb spitalin Rajonal Fier, p\u00ebr ndihm\u00eb mjeksore, jasht\u00eb rrezikut p\u00ebr jet\u00ebn.<\/span><\/p>\n<p style=\"text-align: left;\"><span style=\"color: #000000;\">Nd\u00ebrkoh\u00eb sh\u00ebrbimet e Policis\u00eb kan\u00eb kapur dhe shoq\u00ebruar, n\u00eb Komisariat p\u00ebr veprime t\u00eb m\u00ebtejshme shtetasin B. D, si dhe kan\u00eb sekuestruar n\u00eb cil\u00ebsin\u00eb e prov\u00ebs materiale mjetin prer\u00ebs (thik\u00eb).<\/span><\/p>\n<p style=\"text-align: left;\"><span style=\"color: #000000;\">Grupi hetimor po punon p\u00ebr sqarimin e plot\u00eb t\u00eb rrethanave t\u00eb rastit.<\/span><\/p>\n","protected":false,"gt_translate_keys":[{"key":"rendered","format":"html"}]},"excerpt":{"rendered":"<p>Nj\u00eb ngjarje e r\u00ebnd\u00eb ka ndodhur k\u00ebt\u00eb m\u00ebngjes n\u00eb fshatin Cakran t\u00eb Fierit, ku dy nx\u00ebn\u00ebs t\u00eb shkoll\u00ebs s\u00eb mesme u p\u00ebrfshin\u00eb n\u00eb nj\u00eb konflikt t\u00eb dhunsh\u00ebm me thika. Incidenti ka ndodhur rreth or\u00ebs 08:30, kur nj\u00ebri nga nx\u00ebn\u00ebsit, shtetasi B. D., 17 vje\u00e7, ka goditur me thik\u00eb n\u00eb krah bashk\u00ebmoshatarin e tij, shtetasin Y. [&hellip;]<\/p>\n","protected":false,"gt_translate_keys":[{"key":"rendered","format":"html"}]},"author":49,"featured_media":714622,"comment_status":"closed","ping_status":"open","sticky":false,"template":"","format":"standard","meta":{"footnotes":""},"categories":[65],"tags":[],"class_list":["post-714621","post","type-post","status-publish","format-standard","has-post-thumbnail","hentry","category-lajme"],"gt_translate_keys":[{"key":"link","format":"url"}],"_links":{"self":[{"href":"https:\/\/www.hashtag.al\/index.php\/wp-json\/wp\/v2\/posts\/714621","targetHints":{"allow":["GET"]}}],"collection":[{"href":"https:\/\/www.hashtag.al\/index.php\/wp-json\/wp\/v2\/posts"}],"about":[{"href":"https:\/\/www.hashtag.al\/index.php\/wp-json\/wp\/v2\/types\/post"}],"author":[{"embeddable":true,"href":"https:\/\/www.hashtag.al\/index.php\/wp-json\/wp\/v2\/users\/49"}],"replies":[{"embeddable":true,"href":"https:\/\/www.hashtag.al\/index.php\/wp-json\/wp\/v2\/comments?post=714621"}],"version-history":[{"count":99999,"href":"https:\/\/www.hashtag.al\/index.php\/wp-json\/wp\/v2\/posts\/714621\/revisions"}],"predecessor-version":[{"id":714625,"href":"https:\/\/www.hashtag.al\/index.php\/wp-json\/wp\/v2\/posts\/714621\/revisions\/714625"}],"wp:featuredmedia":[{"embeddable":true,"href":"https:\/\/www.hashtag.al\/index.php\/wp-json\/wp\/v2\/media\/714622"}],"wp:attachment":[{"href":"https:\/\/www.hashtag.al\/index.php\/wp-json\/wp\/v2\/media?parent=714621"}],"wp:term":[{"taxonomy":"category","embeddable":true,"href":"https:\/\/www.hashtag.al\/index.php\/wp-json\/wp\/v2\/categories?post=714621"},{"taxonomy":"post_tag","embeddable":true,"href":"https:\/\/www.hashtag.al\/index.php\/wp-json\/wp\/v2\/tags?post=714621"}],"curies":[{"name":"wp","href":"https:\/\/api.w.org\/{rel}","templated":true}]}}