{"id":714615,"date":"2024-12-13T09:15:58","date_gmt":"2024-12-13T08:15:58","guid":{"rendered":"https:\/\/www.hashtag.al\/?p=714615"},"modified":"2024-12-13T09:22:21","modified_gmt":"2024-12-13T08:22:21","slug":"macron-do-te-emeroje-sot-kryeministrin-e-ri-te-frances","status":"publish","type":"post","link":"https:\/\/www.hashtag.al\/index.php\/2024\/12\/13\/macron-do-te-emeroje-sot-kryeministrin-e-ri-te-frances\/","title":{"rendered":"Macron do t\u00eb em\u00ebroj\u00eb sot kryeministrin e ri t\u00eb Franc\u00ebs","gt_translate_keys":[{"key":"rendered","format":"text"}]},"content":{"rendered":"<p style=\"text-align: left;\"><span style=\"color: #000000;\"><img loading=\"lazy\" decoding=\"async\" class=\"aligncenter size-full wp-image-681351\" src=\"https:\/\/www.hashtag.al\/wp-content\/uploads\/2024\/06\/Macron-1-e1718270943165.jpg\" alt=\"\" width=\"2048\" height=\"979\" srcset=\"https:\/\/www.hashtag.al\/wp-content\/uploads\/2024\/06\/Macron-1-e1718270943165.jpg 2048w, https:\/\/www.hashtag.al\/wp-content\/uploads\/2024\/06\/Macron-1-e1718270943165-300x143.jpg 300w, https:\/\/www.hashtag.al\/wp-content\/uploads\/2024\/06\/Macron-1-e1718270943165-1024x490.jpg 1024w, https:\/\/www.hashtag.al\/wp-content\/uploads\/2024\/06\/Macron-1-e1718270943165-768x367.jpg 768w, https:\/\/www.hashtag.al\/wp-content\/uploads\/2024\/06\/Macron-1-e1718270943165-1536x734.jpg 1536w\" sizes=\"auto, (max-width: 2048px) 100vw, 2048px\" \/><\/span><\/p>\n<p style=\"text-align: left;\"><span style=\"color: #000000;\">Presidenti francez Emmanuel Macron pritet t\u00eb shpall\u00eb sot zgjedhjen e tij p\u00ebr kryeministrin e ri, pas largimit t\u00eb Michel Barnier, i cili u p\u00ebrjashtua nga parlamenti m\u00eb 4 dhjetor, me nj\u00eb vot\u00eb mosbesimi.<\/span><\/p>\n<p style=\"text-align: left;\"><span style=\"color: #000000;\">Zgjedhja e par\u00eb e Macron p\u00ebrflitet t\u00eb jet\u00eb centristi veteran Francois Bayrou, por ai po shkakton reagime si nga e majta ashtu edhe nga e djathta.<\/span><\/p>\n<p style=\"text-align: left;\"><span style=\"color: #000000;\">Emra t\u00eb tjer\u00eb q\u00eb po konsiderohen p\u00ebrfshijn\u00eb ish-kryeministrin Bernard Cazeneuve, ministrin aktual t\u00eb mbrojtjes Sebastien Lecornu, si dhe ish-ministrin e jasht\u00ebm Jean-Yves Le Drian.<\/span><\/p>\n<p style=\"text-align: left;\"><span style=\"color: #000000;\">R\u00ebnia e qeveris\u00eb ka b\u00ebr\u00eb presion mbi <span style=\"color: #0000ff;\"><a style=\"color: #0000ff;\" href=\"https:\/\/www.france24.com\/en\/france\/20241212-live-france-president-emmanuel-macron-names-new-prime-minister-budget-crisis\">Macron<\/a> <\/span>pasi ai thirri zgjedhje t\u00eb parakohshme n\u00eb fillim t\u00eb k\u00ebtij viti, t\u00eb cilat dhan\u00eb efekt t\u00eb kund\u00ebrt p\u00ebr t\u00eb.<\/span><\/p>\n<p style=\"text-align: left;\"><span style=\"color: #000000;\">Partit\u00eb opozitare kan\u00eb k\u00ebrkuar dor\u00ebheqjen e Macron n\u00eb mes t\u00eb kriz\u00ebs politike dhe ekonomike, me nj\u00eb buxhet t\u00eb vitit 2025 q\u00eb ende nuk \u00ebsht\u00eb miratuar nga parlamenti.<\/span><\/p>\n<p style=\"text-align: left;\"><span style=\"color: #000000;\">Megjithat\u00eb, presidenti n\u00eb nj\u00eb fjalim televiziv tha se do t\u00eb q\u00ebndroj\u00eb \u201cderi n\u00eb fund\u201d t\u00eb mandatit t\u00eb tij pes\u00ebvje\u00e7ar, deri n\u00eb maj 2027.<\/span><\/p>\n","protected":false,"gt_translate_keys":[{"key":"rendered","format":"html"}]},"excerpt":{"rendered":"<p>Presidenti francez Emmanuel Macron pritet t\u00eb shpall\u00eb sot zgjedhjen e tij p\u00ebr kryeministrin e ri, pas largimit t\u00eb Michel Barnier, i cili u p\u00ebrjashtua nga parlamenti m\u00eb 4 dhjetor, me nj\u00eb vot\u00eb mosbesimi. Zgjedhja e par\u00eb e Macron p\u00ebrflitet t\u00eb jet\u00eb centristi veteran Francois Bayrou, por ai po shkakton reagime si nga e majta ashtu [&hellip;]<\/p>\n","protected":false,"gt_translate_keys":[{"key":"rendered","format":"html"}]},"author":49,"featured_media":681351,"comment_status":"closed","ping_status":"open","sticky":false,"template":"","format":"standard","meta":{"footnotes":""},"categories":[6],"tags":[],"class_list":["post-714615","post","type-post","status-publish","format-standard","has-post-thumbnail","hentry","category-nderkombetare"],"gt_translate_keys":[{"key":"link","format":"url"}],"_links":{"self":[{"href":"https:\/\/www.hashtag.al\/index.php\/wp-json\/wp\/v2\/posts\/714615","targetHints":{"allow":["GET"]}}],"collection":[{"href":"https:\/\/www.hashtag.al\/index.php\/wp-json\/wp\/v2\/posts"}],"about":[{"href":"https:\/\/www.hashtag.al\/index.php\/wp-json\/wp\/v2\/types\/post"}],"author":[{"embeddable":true,"href":"https:\/\/www.hashtag.al\/index.php\/wp-json\/wp\/v2\/users\/49"}],"replies":[{"embeddable":true,"href":"https:\/\/www.hashtag.al\/index.php\/wp-json\/wp\/v2\/comments?post=714615"}],"version-history":[{"count":99999,"href":"https:\/\/www.hashtag.al\/index.php\/wp-json\/wp\/v2\/posts\/714615\/revisions"}],"predecessor-version":[{"id":714617,"href":"https:\/\/www.hashtag.al\/index.php\/wp-json\/wp\/v2\/posts\/714615\/revisions\/714617"}],"wp:featuredmedia":[{"embeddable":true,"href":"https:\/\/www.hashtag.al\/index.php\/wp-json\/wp\/v2\/media\/681351"}],"wp:attachment":[{"href":"https:\/\/www.hashtag.al\/index.php\/wp-json\/wp\/v2\/media?parent=714615"}],"wp:term":[{"taxonomy":"category","embeddable":true,"href":"https:\/\/www.hashtag.al\/index.php\/wp-json\/wp\/v2\/categories?post=714615"},{"taxonomy":"post_tag","embeddable":true,"href":"https:\/\/www.hashtag.al\/index.php\/wp-json\/wp\/v2\/tags?post=714615"}],"curies":[{"name":"wp","href":"https:\/\/api.w.org\/{rel}","templated":true}]}}