{"id":714599,"date":"2024-12-13T07:30:44","date_gmt":"2024-12-13T06:30:44","guid":{"rendered":"https:\/\/www.hashtag.al\/?p=714599"},"modified":"2024-12-13T07:42:57","modified_gmt":"2024-12-13T06:42:57","slug":"sulmi-izraelit-ne-kampin-e-nuseiratit-numri-i-viktimave-rritet-ne-33","status":"publish","type":"post","link":"https:\/\/www.hashtag.al\/index.php\/2024\/12\/13\/sulmi-izraelit-ne-kampin-e-nuseiratit-numri-i-viktimave-rritet-ne-33\/","title":{"rendered":"Sulmi izraelit n\u00eb kampin e Nuseiratit, numri i viktimave rritet n\u00eb 33","gt_translate_keys":[{"key":"rendered","format":"text"}]},"content":{"rendered":"<p style=\"text-align: left;\"><span style=\"color: #000000;\"><img loading=\"lazy\" decoding=\"async\" class=\"aligncenter size-full wp-image-714600\" src=\"https:\/\/www.hashtag.al\/wp-content\/uploads\/2024\/12\/Screenshot-2024-12-13-072853.png\" alt=\"\" width=\"755\" height=\"427\" srcset=\"https:\/\/www.hashtag.al\/wp-content\/uploads\/2024\/12\/Screenshot-2024-12-13-072853.png 755w, https:\/\/www.hashtag.al\/wp-content\/uploads\/2024\/12\/Screenshot-2024-12-13-072853-300x170.png 300w\" sizes=\"auto, (max-width: 755px) 100vw, 755px\" \/><\/span><\/p>\n<p style=\"text-align: left;\"><span style=\"color: #000000;\">Sulmet izraelite q\u00eb godit\u00ebn kampin e refugjat\u00ebve n\u00eb\u00a0Nuseirat\u00a0n\u00eb Gaz\u00ebn qendrore kan\u00eb shkaktuar t\u00eb pakt\u00ebn 33 viktima, shumica e t\u00eb cil\u00ebve an\u00ebtar\u00eb t\u00eb familjes al-Sheikh Ali.<\/span><\/p>\n<p style=\"text-align: left;\"><span style=\"color: #000000;\">Kjo \u00ebsht\u00eb raportuar nga zyra e shtypit e qeveris\u00eb s\u00eb Gaz\u00ebs, duke shpjeguar se lagjja e banimit kishte shum\u00eb godina q\u00eb strehonin dhjet\u00ebra civil\u00eb, f\u00ebmij\u00eb, gra dhe persona t\u00eb zhvendosur.<\/span><\/p>\n<p style=\"text-align: left;\"><span style=\"color: #000000;\">Izraeli goditi Gaz\u00ebn qendrore dhe kampin e Nuseirat n\u00eb nj\u00eb sulm ajror n\u00eb dat\u00ebn 5 dhjetor, nd\u00ebrsa sulme pati dhe n\u00eb rajone t\u00eb tjera t\u00eb vendit si n\u00eb Gaz\u00ebn jugore.\u00a0<\/span><\/p>\n<div class=\"ads_desktop\" style=\"text-align: left;\">\n<div id=\"div-gpt-ad-1677676482954-0\" data-google-query-id=\"CPK4osyOpIoDFfyAgwgdztMKpA\"><\/div>\n<\/div>\n<p style=\"text-align: left;\"><span style=\"color: #000000;\">Q\u00eb prej fillimit t\u00eb luft\u00ebs m\u00eb 7 tetor t\u00eb 2023 rreth 44,532 palestinez\u00eb jan\u00eb vrar\u00eb dhe 105,538 t\u00eb tjer\u00eb jan\u00eb<a href=\"https:\/\/www.aljazeera.com\/news\/2024\/12\/13\/palestinians-decry-barbaric-israel-strike-on-nuseirat-that-killed-dozens\"><span style=\"color: #0000ff;\"> plagosur.<\/span><\/a><\/span><\/p>\n","protected":false,"gt_translate_keys":[{"key":"rendered","format":"html"}]},"excerpt":{"rendered":"<p>Sulmet izraelite q\u00eb godit\u00ebn kampin e refugjat\u00ebve n\u00eb\u00a0Nuseirat\u00a0n\u00eb Gaz\u00ebn qendrore kan\u00eb shkaktuar t\u00eb pakt\u00ebn 33 viktima, shumica e t\u00eb cil\u00ebve an\u00ebtar\u00eb t\u00eb familjes al-Sheikh Ali. Kjo \u00ebsht\u00eb raportuar nga zyra e shtypit e qeveris\u00eb s\u00eb Gaz\u00ebs, duke shpjeguar se lagjja e banimit kishte shum\u00eb godina q\u00eb strehonin dhjet\u00ebra civil\u00eb, f\u00ebmij\u00eb, gra dhe persona t\u00eb zhvendosur. [&hellip;]<\/p>\n","protected":false,"gt_translate_keys":[{"key":"rendered","format":"html"}]},"author":49,"featured_media":714600,"comment_status":"closed","ping_status":"open","sticky":false,"template":"","format":"standard","meta":{"footnotes":""},"categories":[6],"tags":[],"class_list":["post-714599","post","type-post","status-publish","format-standard","has-post-thumbnail","hentry","category-nderkombetare"],"gt_translate_keys":[{"key":"link","format":"url"}],"_links":{"self":[{"href":"https:\/\/www.hashtag.al\/index.php\/wp-json\/wp\/v2\/posts\/714599","targetHints":{"allow":["GET"]}}],"collection":[{"href":"https:\/\/www.hashtag.al\/index.php\/wp-json\/wp\/v2\/posts"}],"about":[{"href":"https:\/\/www.hashtag.al\/index.php\/wp-json\/wp\/v2\/types\/post"}],"author":[{"embeddable":true,"href":"https:\/\/www.hashtag.al\/index.php\/wp-json\/wp\/v2\/users\/49"}],"replies":[{"embeddable":true,"href":"https:\/\/www.hashtag.al\/index.php\/wp-json\/wp\/v2\/comments?post=714599"}],"version-history":[{"count":99999,"href":"https:\/\/www.hashtag.al\/index.php\/wp-json\/wp\/v2\/posts\/714599\/revisions"}],"predecessor-version":[{"id":714601,"href":"https:\/\/www.hashtag.al\/index.php\/wp-json\/wp\/v2\/posts\/714599\/revisions\/714601"}],"wp:featuredmedia":[{"embeddable":true,"href":"https:\/\/www.hashtag.al\/index.php\/wp-json\/wp\/v2\/media\/714600"}],"wp:attachment":[{"href":"https:\/\/www.hashtag.al\/index.php\/wp-json\/wp\/v2\/media?parent=714599"}],"wp:term":[{"taxonomy":"category","embeddable":true,"href":"https:\/\/www.hashtag.al\/index.php\/wp-json\/wp\/v2\/categories?post=714599"},{"taxonomy":"post_tag","embeddable":true,"href":"https:\/\/www.hashtag.al\/index.php\/wp-json\/wp\/v2\/tags?post=714599"}],"curies":[{"name":"wp","href":"https:\/\/api.w.org\/{rel}","templated":true}]}}