{"id":714373,"date":"2024-12-11T19:35:58","date_gmt":"2024-12-11T18:35:58","guid":{"rendered":"https:\/\/www.hashtag.al\/?p=714373"},"modified":"2024-12-11T19:35:58","modified_gmt":"2024-12-11T18:35:58","slug":"berisha-spak-u-ne-doren-e-rames-e-ndersen-ndaj-cilit-do-ai","status":"publish","type":"post","link":"https:\/\/www.hashtag.al\/index.php\/2024\/12\/11\/berisha-spak-u-ne-doren-e-rames-e-ndersen-ndaj-cilit-do-ai\/","title":{"rendered":"Berisha: SPAK-u n\u00eb dor\u00ebn e Ram\u00ebs, e nd\u00ebrsen ndaj cilit do ai","gt_translate_keys":[{"key":"rendered","format":"text"}]},"content":{"rendered":"<p><span style=\"color: #000000;\"><a style=\"color: #000000;\" href=\"https:\/\/www.hashtag.al\/wp-content\/uploads\/2024\/12\/berisha-1.jpeg\"><img loading=\"lazy\" decoding=\"async\" class=\"aligncenter size-full wp-image-714374\" src=\"https:\/\/www.hashtag.al\/wp-content\/uploads\/2024\/12\/berisha-1.jpeg\" alt=\"\" width=\"900\" height=\"600\" srcset=\"https:\/\/www.hashtag.al\/wp-content\/uploads\/2024\/12\/berisha-1.jpeg 900w, https:\/\/www.hashtag.al\/wp-content\/uploads\/2024\/12\/berisha-1-300x200.jpeg 300w, https:\/\/www.hashtag.al\/wp-content\/uploads\/2024\/12\/berisha-1-768x512.jpeg 768w\" sizes=\"auto, (max-width: 900px) 100vw, 900px\" \/><\/a><\/span><\/p>\n<p><span style=\"color: #000000;\">Kreu i Partis\u00eb Demokratike Sali Berisha theksoi se drejt\u00ebsia \u00ebsht\u00eb &#8220;e kontrolluar dhe e paralizuar,&#8221; pavar\u00ebsisht opozitarizmit dhe transparenc\u00ebs s\u00eb Partis\u00eb Demokratike.<\/span><\/p>\n<p><span style=\"color: #000000;\">Berisha tha se SPAK-u \u00ebsht\u00eb nj\u00eb instrument n\u00eb duart e kryeministrit Edi Rama p\u00ebr t\u00eb nd\u00ebshkuar sipas preferencave t\u00eb tij.<\/span><\/p>\n<p><span style=\"color: #000000;\">Berisha kritikoi ngritjen e &#8220;mitit t\u00eb mashtrimit&#8221; dhe pretendoi se ministrat e arrestuar jan\u00eb ish-ministra t\u00eb larguar nga vet\u00eb Rama, duke theksuar se nuk ka pasur arrestime reale t\u00eb zyrtar\u00ebve aktual\u00eb t\u00eb r\u00ebnd\u00ebsish\u00ebm.<\/span><\/p>\n<p><span style=\"color: #000000;\">Ai p\u00ebrmendi rastin e Ilir Met\u00ebs si nj\u00eb ish-president, ish-kryeministri dhe ish-kryetari parlamenti q\u00eb, sipas tij, jan\u00eb trajtuar n\u00eb m\u00ebnyr\u00eb t\u00eb padrejt\u00eb dhe posht\u00ebruese.<\/span><\/p>\n<p><span style=\"color: #000000;\">M\u00eb tej ai akuzoi SPAK-un p\u00ebr mosveprime ndaj figurave si Erion Veliaj, duke aluduar p\u00ebr presione dhe k\u00ebrc\u00ebnime q\u00eb ndalojn\u00eb hetimet.<\/span><\/p>\n<p><span style=\"color: #000000;\"><em>\u201cMe gjith\u00eb k\u00ebt\u00eb opozitariz\u00ebm, me gjith\u00eb k\u00ebt\u00eb transparenc\u00eb, me gjith\u00eb t\u00eb v\u00ebrtetat e m\u00ebdha q\u00eb ne iu paraqit\u00ebm shqiptar\u00ebve, p\u00ebrs\u00ebri drejt\u00ebsia e kontrolluar q\u00ebndron e paralizuar.<\/em><\/span><\/p>\n<p><span style=\"color: #000000;\"><em>Por mitet q\u00eb ngrihen mbi g\u00ebnjeshtr\u00ebn, nuk duhet t\u00eb na trembin kurr\u00eb.<\/em><\/span><\/p>\n<p><span style=\"color: #000000;\"><em>SPAK-u \u00ebsht\u00eb Skapi i partis\u00eb, m\u00eb shum\u00eb se kurr\u00eb. Po, \u00ebsht\u00eb ai Skapi n\u00eb duart e Edi Ram\u00ebs q\u00eb nd\u00ebrsen ndaj cilitdo q\u00eb ai don vet.<\/em><\/span><\/p>\n<p><span style=\"color: #000000;\"><em>Kur d\u00ebgjon r\u00ebndom\u00eb njer\u00ebz q\u00eb thon\u00eb: po arreston ministra, n\u00eb nj\u00eb koh\u00eb kur nuk ka arrestuar ndonj\u00eb minist\u00ebr t\u00eb ve\u00e7ant\u00eb, kurr\u00eb gjer sot, asnj\u00eb t\u00eb ve\u00e7ant\u00eb. Imagjinoni ju, si ngritet miti i mashtrimit, miti mbi g\u00ebnjeshtr\u00ebn e mashtrimit.<\/em><\/span><\/p>\n<p><span style=\"color: #000000;\"><em>Ka arrestuar ish-ministra q\u00eb i ka hequr Edi Rama. P\u00ebrkundrazi, ajo q\u00eb po zhvillohet k\u00ebto dit\u00eb \u00ebsht\u00eb turpi m\u00eb i madh.<\/em><\/span><\/p>\n<p><span style=\"color: #000000;\"><em>Nj\u00eb ish-president, ish-kryeminist\u00ebr, ish-kryetar parlamenti, e nxjerrin pa i treguar nj\u00eb mandat dhe asgj\u00eb. E zvarrisin n\u00eb rrug\u00eb, e godasin tek kthehej n\u00eb pun\u00eb. Kurse, Velica i le tek dera dy or\u00eb, gjersa ultimatumet e Alban Dabull\u00ebs shkojn\u00eb tek Edi Rama, se mezi shkuan: q\u00eb po guxove nj\u00eb qime t\u2019i prek\u00ebsh Erion Velis\u00eb, do t\u00eb nxjerr dosjen e Olsi Ram\u00ebs, t\u00eb Xibrak\u00ebs. \u00cbsht\u00eb e v\u00ebrteta.<\/em><\/span><\/p>\n<p><span style=\"color: #000000;\"><em>Shkuan n\u00eb galeri, \u00e7far\u00eb nuk gjet\u00ebn atje. Arka me fatura. Po \u00e7far\u00eb faturash thoni ju?<\/em><\/span><\/p>\n<p><span style=\"color: #000000;\"><em>Fatura 300 mij\u00ebshe, fatura 500 mij\u00ebshe, fatura t\u00eb pafundme. Po, po, dhe tani p\u00ebrpiqen t\u2019i japin rrug\u00ebs, nuk din\u00eb ku t\u2019i \u00e7ojn\u00eb, p\u00ebrve\u00e7 220 mij\u00eb euro q\u00eb p\u00ebrpiqen t\u2019i korrigjojn\u00eb, t\u2019i b\u00ebjn\u00eb 20 mij\u00eb. Salloni i masazhit me tajlandez\u00eb, etj.<\/em><\/span><\/p>\n<p><span style=\"color: #000000;\"><em>Pra, edhe kjo ka qen\u00eb nj\u00eb sukses i yni. Sepse ne, kemi b\u00ebr\u00eb detyr\u00ebn, asgj\u00eb m\u00eb shum\u00eb, por ama i kemi b\u00ebr\u00eb, nuk kemi futur gj\u00eb n\u00eb sirtar ne, ua kemi plasur n\u00eb fytyr\u00eb mbar\u00eb shqiptar\u00ebve, dhe kjo ka b\u00ebr\u00eb q\u00eb ata t\u00eb p\u00ebriqen t\u00eb tregojn\u00eb sikur po b\u00ebjn\u00eb di\u00e7ka.<\/em><\/span><\/p>\n<p><span style=\"color: #000000;\"><em>N\u00eb k\u00ebt\u00eb rrethan\u00eb, kur narkoshteti \u00ebsht\u00eb m\u00eb i diskretituar se kurr\u00eb, kur faktoi se ndenjat e k\u00ebtyre njer\u00ebzve p\u00ebr qytetar\u00ebt shqiptar\u00eb jan\u00eb p\u00ebr\u00e7mimi, jan\u00eb urrejtja.<\/em><\/span><\/p>\n<p><span style=\"color: #000000;\"><em>T\u2019u marrin taksa shqiptar\u00ebve 8.2 miliard\u00eb euro, dhe prej k\u00ebtyre taksave t\u2019u japin pensionist\u00ebve 16 milion\u00eb euro, t\u2019u japin t\u00eb rinjve asnj\u00eb qindark\u00eb, t\u2019u japin ferm\u00ebr\u00ebve q\u00eb jan\u00eb 40% e popullat\u00ebs 44 milion\u00eb euro. Nuk mund t\u00eb ket\u00eb ciniz\u00ebm dhe injorim m\u00eb t\u00eb madh ky q\u00eb iu b\u00ebn qytetar\u00ebve t\u00eb vendit t\u00ebnd\u201d-<\/em>deklaroi Berisha \u00eb mbledhjen me Kolegjin e kryetar\u00ebve t\u00eb deg\u00ebve dhe drejtuesit politik n\u00eb qarqe.<\/span><\/p>\n","protected":false,"gt_translate_keys":[{"key":"rendered","format":"html"}]},"excerpt":{"rendered":"<p>Kreu i Partis\u00eb Demokratike Sali Berisha theksoi se drejt\u00ebsia \u00ebsht\u00eb &#8220;e kontrolluar dhe e paralizuar,&#8221; pavar\u00ebsisht opozitarizmit dhe transparenc\u00ebs s\u00eb Partis\u00eb Demokratike. Berisha tha se SPAK-u \u00ebsht\u00eb nj\u00eb instrument n\u00eb duart e kryeministrit Edi Rama p\u00ebr t\u00eb nd\u00ebshkuar sipas preferencave t\u00eb tij. Berisha kritikoi ngritjen e &#8220;mitit t\u00eb mashtrimit&#8221; dhe pretendoi se ministrat e arrestuar [&hellip;]<\/p>\n","protected":false,"gt_translate_keys":[{"key":"rendered","format":"html"}]},"author":32,"featured_media":714374,"comment_status":"closed","ping_status":"open","sticky":false,"template":"","format":"standard","meta":{"footnotes":""},"categories":[65,13],"tags":[],"class_list":["post-714373","post","type-post","status-publish","format-standard","has-post-thumbnail","hentry","category-lajme","category-te-fundit"],"gt_translate_keys":[{"key":"link","format":"url"}],"_links":{"self":[{"href":"https:\/\/www.hashtag.al\/index.php\/wp-json\/wp\/v2\/posts\/714373","targetHints":{"allow":["GET"]}}],"collection":[{"href":"https:\/\/www.hashtag.al\/index.php\/wp-json\/wp\/v2\/posts"}],"about":[{"href":"https:\/\/www.hashtag.al\/index.php\/wp-json\/wp\/v2\/types\/post"}],"author":[{"embeddable":true,"href":"https:\/\/www.hashtag.al\/index.php\/wp-json\/wp\/v2\/users\/32"}],"replies":[{"embeddable":true,"href":"https:\/\/www.hashtag.al\/index.php\/wp-json\/wp\/v2\/comments?post=714373"}],"version-history":[{"count":99999,"href":"https:\/\/www.hashtag.al\/index.php\/wp-json\/wp\/v2\/posts\/714373\/revisions"}],"predecessor-version":[{"id":714375,"href":"https:\/\/www.hashtag.al\/index.php\/wp-json\/wp\/v2\/posts\/714373\/revisions\/714375"}],"wp:featuredmedia":[{"embeddable":true,"href":"https:\/\/www.hashtag.al\/index.php\/wp-json\/wp\/v2\/media\/714374"}],"wp:attachment":[{"href":"https:\/\/www.hashtag.al\/index.php\/wp-json\/wp\/v2\/media?parent=714373"}],"wp:term":[{"taxonomy":"category","embeddable":true,"href":"https:\/\/www.hashtag.al\/index.php\/wp-json\/wp\/v2\/categories?post=714373"},{"taxonomy":"post_tag","embeddable":true,"href":"https:\/\/www.hashtag.al\/index.php\/wp-json\/wp\/v2\/tags?post=714373"}],"curies":[{"name":"wp","href":"https:\/\/api.w.org\/{rel}","templated":true}]}}