{"id":714149,"date":"2024-12-10T20:56:52","date_gmt":"2024-12-10T19:56:52","guid":{"rendered":"https:\/\/www.hashtag.al\/?p=714149"},"modified":"2024-12-10T20:56:52","modified_gmt":"2024-12-10T19:56:52","slug":"nuk-do-arratisem-si-assad-sherbimet-e-huaja-duan-te-me-rrezojne-vucic-pas-protestave-ne-rritje","status":"publish","type":"post","link":"https:\/\/www.hashtag.al\/index.php\/2024\/12\/10\/nuk-do-arratisem-si-assad-sherbimet-e-huaja-duan-te-me-rrezojne-vucic-pas-protestave-ne-rritje\/","title":{"rendered":"\u201cNuk do arratisem si Assad, sh\u00ebrbimet e huaja duan t\u00eb m\u00eb rr\u00ebzojn\u00eb\u201d &#8211; Vu\u00e7i\u00e7 pas protestave n\u00eb rritje","gt_translate_keys":[{"key":"rendered","format":"text"}]},"content":{"rendered":"<p><img loading=\"lazy\" decoding=\"async\" class=\"aligncenter size-full wp-image-714150\" src=\"https:\/\/www.hashtag.al\/wp-content\/uploads\/2024\/12\/vucic-1.jpg\" alt=\"\" width=\"1440\" height=\"960\" srcset=\"https:\/\/www.hashtag.al\/wp-content\/uploads\/2024\/12\/vucic-1.jpg 1440w, https:\/\/www.hashtag.al\/wp-content\/uploads\/2024\/12\/vucic-1-300x200.jpg 300w, https:\/\/www.hashtag.al\/wp-content\/uploads\/2024\/12\/vucic-1-1024x683.jpg 1024w, https:\/\/www.hashtag.al\/wp-content\/uploads\/2024\/12\/vucic-1-768x512.jpg 768w\" sizes=\"auto, (max-width: 1440px) 100vw, 1440px\" \/><\/p>\n<p><span style=\"color: #000000;\">Presidenti i Serbis\u00eb akuzoi t\u00eb mart\u00ebn sh\u00ebrbimet e huaja t\u00eb inteligjenc\u00ebs se po p\u00ebrpiqeshin ta rr\u00ebzonin nga pushteti n\u00eb vazhd\u00ebn e p\u00ebrhapjes s\u00eb protestave n\u00eb shtetin ballkanik dhe se ai nuk do largohej nga vendi si kreu i rr\u00ebzuar sirian Bashar Assad.<\/span><\/p>\n<p><span style=\"color: #000000;\">Presidenti Aleksandar Vu\u00e7i\u00e7 postoi nj\u00eb videomesazh n\u00eb Instagram duke th\u00ebn\u00eb: <em>\u201cUn\u00eb do luftoj p\u00ebr Serbin\u00eb dhe do t&#8217;i sh\u00ebrbej vet\u00ebm popullit tim serb dhe t\u00eb gjith\u00eb qytetar\u00ebve t\u00eb tjer\u00eb t\u00eb Serbis\u00eb, nuk do t&#8217;u sh\u00ebrbej kurr\u00eb t\u00eb huajve, atyre q\u00eb k\u00ebrkojn\u00eb t\u00eb mposhtin, posht\u00ebrojn\u00eb dhe shkat\u00ebrrojn\u00eb Serbin\u00eb.\u201d<\/em><\/span><\/p>\n<p><span style=\"color: #000000;\">Kund\u00ebrshtar\u00ebt e kreut populist e krahasuan at\u00eb me Assad-in, i cili iku n\u00eb Mosk\u00eb pas nj\u00eb p\u00ebrparimi t\u00eb beft\u00eb t\u00eb rebel\u00ebve, duke i dh\u00ebn\u00eb fund sundimit t\u00eb hekurt gjysm\u00eb shekullor t\u00eb familjes s\u00eb tij.<\/span><\/p>\n<p><span style=\"color: #000000;\">Kund\u00ebrshtar\u00ebt e Vu\u00e7i\u00e7it n\u00eb Serbi e kan\u00eb krahasuar at\u00eb me Assad-in dhe diktator\u00ebt e tjer\u00eb bot\u00ebror\u00eb, duke parashikuar se ai gjithashtu mund t\u00eb p\u00ebrpiqet t\u00eb largohet nga vendi n\u00ebse humbet kontrollin e fort\u00eb t\u00eb pushtetit mes protestave t\u00eb shkaktuara nga shembja e \u00e7atis\u00eb s\u00eb nj\u00eb stacioni hekurudhor n\u00eb qytetin verior t\u00eb Novi Sadit m\u00eb 1 n\u00ebntor ku u vran\u00eb 15 persona.<\/span><\/p>\n<p><span style=\"color: #000000;\">Protestuesit n\u00eb Novi Sad, Beograd dhe qytete t\u00eb tjera serbe kan\u00eb faj\u00ebsuar p\u00ebr kolapsin vdekjeprur\u00ebs korrupsionin e shfrenuar n\u00eb vend q\u00eb \u00e7oi n\u00eb punime t\u00eb dob\u00ebta t\u00eb rinovimit n\u00eb nd\u00ebrtes\u00ebn e stacionit n\u00eb Novi Sad &#8211; pjes\u00eb e nj\u00eb marr\u00ebveshjeje m\u00eb t\u00eb gjer\u00eb me kompanit\u00eb shtet\u00ebrore kineze t\u00eb p\u00ebrfshira n\u00eb nj\u00eb num\u00ebr projekte infrastrukturore n\u00eb vendin ballkanik.<\/span><\/p>\n<p><span style=\"color: #000000;\">R\u00ebnia e mbules\u00ebs prej betony \u00ebsht\u00eb kthyer n\u00eb nj\u00eb pik\u00eb ndezjeje p\u00ebr pak\u00ebnaq\u00ebsi m\u00eb t\u00eb gjer\u00eb me sundimin autokratik n\u00eb rritje t\u00eb Vu\u00e7i\u00e7it, duke pasqyruar k\u00ebrkesat publike p\u00ebr ndryshime demokratike n\u00eb vend.<\/span><\/p>\n<p><span style=\"color: #000000;\">N\u00eb video, Vu\u00e7i\u00e7 pretendoi se protestave n\u00eb p\u00ebrhapje, t\u00eb cilave u jan\u00eb bashkuar s\u00eb fundmi student\u00eb t\u00eb universitetit, financohen nga Per\u00ebndimi me q\u00ebllimin p\u00ebr ta rr\u00ebzuar at\u00eb dhe qeverin\u00eb e tij nga pushteti \u201cme taktika hibride q\u00eb p\u00ebrdoren p\u00ebr t\u00eb minuar vendin\u201d.<\/span><\/p>\n<p><span style=\"color: #000000;\"><em>\u201cN\u00ebse ata mendojn\u00eb se jam Assad-i dhe se do ik diku, gabohen. Nuk do e b\u00ebj\u201d<\/em>, tha Vu\u00e7i\u00e7.<\/span><\/p>\n<p><span style=\"color: #000000;\">Vu\u00e7i\u00e7 tha se n\u00eb dit\u00ebt dhe jav\u00ebt n\u00eb vijim, ai do shfaq\u00eb &#8220;me holl\u00ebsi t\u00eb plota sa para jan\u00eb paguar gjat\u00eb kat\u00ebr viteve t\u00eb fundit p\u00ebr t\u00eb shkat\u00ebrruar Serbin\u00eb&#8221; dhe p\u00ebr ta b\u00ebr\u00eb at\u00eb nj\u00eb shtet vasal, &#8220;i cili nuk do merrte vendimet e veta apo do zgjidhte t\u00eb ardhmen e vet, por n\u00eb vend t\u00eb k\u00ebsaj do duhej t\u00eb d\u00ebgjonte dhe t&#8217;i sh\u00ebrbente dikujt tjet\u00ebr.\u201d<\/span><\/p>\n<p><span style=\"color: #000000;\">Kombi ballkanik po k\u00ebrkon zyrtarisht an\u00ebtar\u00ebsimin n\u00eb Bashkimin Evropian, nd\u00ebrkoh\u00eb q\u00eb mban lidhje shum\u00eb t\u00eb ngushta me Rusin\u00eb dhe Kin\u00ebn. Vu\u00e7i\u00e7, i cili pretendon asnjan\u00ebsin\u00eb politike t\u00eb Serbis\u00eb, \u00ebsht\u00eb zotuar vazhdimisht q\u00eb t\u00eb mos i bashkohet kurr\u00eb sanksioneve per\u00ebndimore kund\u00ebr Mosk\u00ebs p\u00ebr pushtimin e saj n\u00eb Ukrain\u00eb.<\/span><\/p>\n<p><span style=\"color: #000000;\">N\u00eb nj\u00eb l\u00ebvizje q\u00eb mund ta pengoj\u00eb m\u00eb tej Serbin\u00eb nga ambiciet e saj t\u00eb shpallura n\u00eb BE, ligjv\u00ebn\u00ebsit e parlamentit komb\u00ebtar kan\u00eb filluar t\u00eb diskutojn\u00eb nj\u00eb projektligj q\u00eb do krijonte nj\u00eb regjist\u00ebr t\u00eb &#8220;agjent\u00ebve t\u00eb huaj&#8221; &#8211; nj\u00eb kopje e nj\u00eb ligji kufizues t\u00eb miratuar m\u00eb par\u00eb n\u00eb Rusi.<\/span><\/p>\n<p><span style=\"color: #000000;\">Projektligji synon t\u00eb rregulloj\u00eb organizatat dhe individ\u00ebt q\u00eb marrin m\u00eb shum\u00eb se 50% t\u00eb financimit t\u00eb tyre nga burime t\u00eb huaja. Kritik\u00ebt si brenda Serbis\u00eb ashtu edhe nd\u00ebrkomb\u00ebtarisht kan\u00eb paralajm\u00ebruar se nj\u00eb ligj i till\u00eb mund t\u00eb stigmatizoj\u00eb organizatat e shoq\u00ebris\u00eb civile, t\u00eb pengoj\u00eb operacionet e tyre dhe t\u00eb kufizoj\u00eb lirin\u00eb e shprehjes.<\/span><\/p>\n","protected":false,"gt_translate_keys":[{"key":"rendered","format":"html"}]},"excerpt":{"rendered":"<p>Presidenti i Serbis\u00eb akuzoi t\u00eb mart\u00ebn sh\u00ebrbimet e huaja t\u00eb inteligjenc\u00ebs se po p\u00ebrpiqeshin ta rr\u00ebzonin nga pushteti n\u00eb vazhd\u00ebn e p\u00ebrhapjes s\u00eb protestave n\u00eb shtetin ballkanik dhe se ai nuk do largohej nga vendi si kreu i rr\u00ebzuar sirian Bashar Assad. Presidenti Aleksandar Vu\u00e7i\u00e7 postoi nj\u00eb videomesazh n\u00eb Instagram duke th\u00ebn\u00eb: \u201cUn\u00eb do luftoj [&hellip;]<\/p>\n","protected":false,"gt_translate_keys":[{"key":"rendered","format":"html"}]},"author":51,"featured_media":714150,"comment_status":"closed","ping_status":"open","sticky":false,"template":"","format":"standard","meta":{"footnotes":""},"categories":[149],"tags":[],"class_list":["post-714149","post","type-post","status-publish","format-standard","has-post-thumbnail","hentry","category-kosoverajon"],"gt_translate_keys":[{"key":"link","format":"url"}],"_links":{"self":[{"href":"https:\/\/www.hashtag.al\/index.php\/wp-json\/wp\/v2\/posts\/714149","targetHints":{"allow":["GET"]}}],"collection":[{"href":"https:\/\/www.hashtag.al\/index.php\/wp-json\/wp\/v2\/posts"}],"about":[{"href":"https:\/\/www.hashtag.al\/index.php\/wp-json\/wp\/v2\/types\/post"}],"author":[{"embeddable":true,"href":"https:\/\/www.hashtag.al\/index.php\/wp-json\/wp\/v2\/users\/51"}],"replies":[{"embeddable":true,"href":"https:\/\/www.hashtag.al\/index.php\/wp-json\/wp\/v2\/comments?post=714149"}],"version-history":[{"count":99999,"href":"https:\/\/www.hashtag.al\/index.php\/wp-json\/wp\/v2\/posts\/714149\/revisions"}],"predecessor-version":[{"id":714151,"href":"https:\/\/www.hashtag.al\/index.php\/wp-json\/wp\/v2\/posts\/714149\/revisions\/714151"}],"wp:featuredmedia":[{"embeddable":true,"href":"https:\/\/www.hashtag.al\/index.php\/wp-json\/wp\/v2\/media\/714150"}],"wp:attachment":[{"href":"https:\/\/www.hashtag.al\/index.php\/wp-json\/wp\/v2\/media?parent=714149"}],"wp:term":[{"taxonomy":"category","embeddable":true,"href":"https:\/\/www.hashtag.al\/index.php\/wp-json\/wp\/v2\/categories?post=714149"},{"taxonomy":"post_tag","embeddable":true,"href":"https:\/\/www.hashtag.al\/index.php\/wp-json\/wp\/v2\/tags?post=714149"}],"curies":[{"name":"wp","href":"https:\/\/api.w.org\/{rel}","templated":true}]}}