{"id":713899,"date":"2024-12-09T12:39:41","date_gmt":"2024-12-09T11:39:41","guid":{"rendered":"https:\/\/www.hashtag.al\/?p=713899"},"modified":"2024-12-09T12:39:41","modified_gmt":"2024-12-09T11:39:41","slug":"berisha-me-23-dhjetor-protesta-me-e-fuqishme-qe-eshte-pare","status":"publish","type":"post","link":"https:\/\/www.hashtag.al\/index.php\/2024\/12\/09\/berisha-me-23-dhjetor-protesta-me-e-fuqishme-qe-eshte-pare\/","title":{"rendered":"Berisha: M\u00eb 23 dhjetor protesta m\u00eb e fuqishm\u00eb q\u00eb \u00ebsht\u00eb par\u00eb","gt_translate_keys":[{"key":"rendered","format":"text"}]},"content":{"rendered":"<p><img loading=\"lazy\" decoding=\"async\" class=\"aligncenter size-full wp-image-713900\" src=\"https:\/\/www.hashtag.al\/wp-content\/uploads\/2024\/12\/berisha-1.png\" alt=\"\" width=\"1298\" height=\"716\" srcset=\"https:\/\/www.hashtag.al\/wp-content\/uploads\/2024\/12\/berisha-1.png 1298w, https:\/\/www.hashtag.al\/wp-content\/uploads\/2024\/12\/berisha-1-300x165.png 300w, https:\/\/www.hashtag.al\/wp-content\/uploads\/2024\/12\/berisha-1-1024x565.png 1024w, https:\/\/www.hashtag.al\/wp-content\/uploads\/2024\/12\/berisha-1-768x424.png 768w, https:\/\/www.hashtag.al\/wp-content\/uploads\/2024\/12\/berisha-1-750x415.png 750w\" sizes=\"auto, (max-width: 1298px) 100vw, 1298px\" \/><\/p>\n<p><span style=\"color: #000000;\">Kreu i PD-s\u00eb Berisha ka njoftuar se protesta e ardhshme e opozit\u00ebs do jet\u00eb m\u00eb 23 dhjetor. <\/span><\/p>\n<p><span style=\"color: #000000;\">Ai tha se ajo do jet\u00eb mosbindja civile m\u00eb e fuqishme q\u00eb ka par\u00eb ndonj\u00ebher\u00eb vendi.<\/span><\/p>\n<p><span style=\"color: #000000;\"><em>\u201cOpozita ka zgjedhur mosbindjen civile si rrug\u00ebn e vetme p\u00ebr t\u00eb nxjerr\u00eb vendin nga kjo situat\u00eb.\u00a0<\/em><\/span><em>Sot e tutje do luftojm\u00eb p\u00ebr nj\u00eb qeveri kujdestare p\u00ebr organizimin e zgjedhjeve t\u00eb lira e t\u00eb ndershme. K\u00ebt\u00eb e b\u00ebri Maqedonia dhe vet\u00ebm t\u00eb mira ka par\u00eb. Edi Rama qeveri teknike nuk pranon n\u00ebse nuk i imponohet.&#8221;<\/em> &#8211; tha <span style=\"color: #000000;\">Berisha.<\/span><\/p>\n","protected":false,"gt_translate_keys":[{"key":"rendered","format":"html"}]},"excerpt":{"rendered":"<p>Kreu i PD-s\u00eb Berisha ka njoftuar se protesta e ardhshme e opozit\u00ebs do jet\u00eb m\u00eb 23 dhjetor. Ai tha se ajo do jet\u00eb mosbindja civile m\u00eb e fuqishme q\u00eb ka par\u00eb ndonj\u00ebher\u00eb vendi. \u201cOpozita ka zgjedhur mosbindjen civile si rrug\u00ebn e vetme p\u00ebr t\u00eb nxjerr\u00eb vendin nga kjo situat\u00eb.\u00a0Sot e tutje do luftojm\u00eb p\u00ebr nj\u00eb [&hellip;]<\/p>\n","protected":false,"gt_translate_keys":[{"key":"rendered","format":"html"}]},"author":51,"featured_media":713900,"comment_status":"closed","ping_status":"open","sticky":false,"template":"","format":"standard","meta":{"footnotes":""},"categories":[65],"tags":[],"class_list":["post-713899","post","type-post","status-publish","format-standard","has-post-thumbnail","hentry","category-lajme"],"gt_translate_keys":[{"key":"link","format":"url"}],"_links":{"self":[{"href":"https:\/\/www.hashtag.al\/index.php\/wp-json\/wp\/v2\/posts\/713899","targetHints":{"allow":["GET"]}}],"collection":[{"href":"https:\/\/www.hashtag.al\/index.php\/wp-json\/wp\/v2\/posts"}],"about":[{"href":"https:\/\/www.hashtag.al\/index.php\/wp-json\/wp\/v2\/types\/post"}],"author":[{"embeddable":true,"href":"https:\/\/www.hashtag.al\/index.php\/wp-json\/wp\/v2\/users\/51"}],"replies":[{"embeddable":true,"href":"https:\/\/www.hashtag.al\/index.php\/wp-json\/wp\/v2\/comments?post=713899"}],"version-history":[{"count":99999,"href":"https:\/\/www.hashtag.al\/index.php\/wp-json\/wp\/v2\/posts\/713899\/revisions"}],"predecessor-version":[{"id":713901,"href":"https:\/\/www.hashtag.al\/index.php\/wp-json\/wp\/v2\/posts\/713899\/revisions\/713901"}],"wp:featuredmedia":[{"embeddable":true,"href":"https:\/\/www.hashtag.al\/index.php\/wp-json\/wp\/v2\/media\/713900"}],"wp:attachment":[{"href":"https:\/\/www.hashtag.al\/index.php\/wp-json\/wp\/v2\/media?parent=713899"}],"wp:term":[{"taxonomy":"category","embeddable":true,"href":"https:\/\/www.hashtag.al\/index.php\/wp-json\/wp\/v2\/categories?post=713899"},{"taxonomy":"post_tag","embeddable":true,"href":"https:\/\/www.hashtag.al\/index.php\/wp-json\/wp\/v2\/tags?post=713899"}],"curies":[{"name":"wp","href":"https:\/\/api.w.org\/{rel}","templated":true}]}}