{"id":713893,"date":"2024-12-09T12:24:44","date_gmt":"2024-12-09T11:24:44","guid":{"rendered":"https:\/\/www.hashtag.al\/?p=713893"},"modified":"2024-12-09T12:24:44","modified_gmt":"2024-12-09T11:24:44","slug":"i-akuzuar-per-vrasjen-e-bashkemoshatarit-14-vjecari-kerkon-lirimin-nga-burgu","status":"publish","type":"post","link":"https:\/\/www.hashtag.al\/index.php\/2024\/12\/09\/i-akuzuar-per-vrasjen-e-bashkemoshatarit-14-vjecari-kerkon-lirimin-nga-burgu\/","title":{"rendered":"I akuzuar p\u00ebr vrasjen e bashk\u00ebmoshatarit, 14-vje\u00e7ari k\u00ebrkon lirimin nga burgu","gt_translate_keys":[{"key":"rendered","format":"text"}]},"content":{"rendered":"<p><img loading=\"lazy\" decoding=\"async\" class=\"aligncenter size-full wp-image-713894\" src=\"https:\/\/www.hashtag.al\/wp-content\/uploads\/2024\/12\/900-0-1732221985x900-0-1732127080xautori-i-dyshuar-mario-perlleshi-vrasje-martin-cani-637-716.jpeg\" alt=\"\" width=\"900\" height=\"683\" srcset=\"https:\/\/www.hashtag.al\/wp-content\/uploads\/2024\/12\/900-0-1732221985x900-0-1732127080xautori-i-dyshuar-mario-perlleshi-vrasje-martin-cani-637-716.jpeg 900w, https:\/\/www.hashtag.al\/wp-content\/uploads\/2024\/12\/900-0-1732221985x900-0-1732127080xautori-i-dyshuar-mario-perlleshi-vrasje-martin-cani-637-716-300x228.jpeg 300w, https:\/\/www.hashtag.al\/wp-content\/uploads\/2024\/12\/900-0-1732221985x900-0-1732127080xautori-i-dyshuar-mario-perlleshi-vrasje-martin-cani-637-716-768x583.jpeg 768w\" sizes=\"auto, (max-width: 900px) 100vw, 900px\" \/><\/p>\n<p><span style=\"color: #000000;\">14-vje\u00e7ari M.P. i arrestuar p\u00ebr vrasjen e bashk\u00ebmoshatarit Martin Cani dhe plagosjen e bashk\u00ebmoshatarit tjet\u00ebr Luis Me\u00e7ja, ka k\u00ebrkuar ndryshim t\u00eb mas\u00ebs s\u00eb siguris\u00eb, nd\u00ebrsa ndodhet n\u00eb burg.<\/span><\/p>\n<p><span style=\"color: #000000;\"> K\u00ebrkesa \u00ebsht\u00eb dor\u00ebzuar p\u00ebrmes avokatit raporton p\u00ebr News24 gazetarja Klodian Lala.<\/span><\/p>\n<p><span style=\"color: #000000;\">I mituri \u00ebsht\u00eb marr\u00eb n\u00eb pyetje nga prokuror\u00ebt nd\u00ebrsa ajo q\u00eb ka th\u00ebn\u00eb nuk \u00ebsht\u00eb zbuluar ende.<\/span><\/p>\n<p><span style=\"color: #000000;\">Ngjarja e r\u00ebnd\u00eb ndodhi pran\u00eb shkoll\u00ebs \u201cFan Noli\u201d n\u00eb Tiran\u00eb, ku Martin Cani u q\u00ebllua p\u00ebr vdekje me thik\u00eb nga bashk\u00ebmoshatari M.P. <\/span><\/p>\n<p><span style=\"color: #000000;\">I plagosuri Luis Me\u00e7ja ka pohuar se \u00ebsht\u00eb q\u00eblluar nga nj\u00eb person i dyt\u00eb me thik\u00eb nd\u00ebrsa policia dhe ministri i Brendsh\u00ebm Hoxha kan\u00eb deklaruar se autori i krimit \u00ebsht\u00eb nj\u00eb i vet\u00ebm.<\/span><\/p>\n","protected":false,"gt_translate_keys":[{"key":"rendered","format":"html"}]},"excerpt":{"rendered":"<p>14-vje\u00e7ari M.P. i arrestuar p\u00ebr vrasjen e bashk\u00ebmoshatarit Martin Cani dhe plagosjen e bashk\u00ebmoshatarit tjet\u00ebr Luis Me\u00e7ja, ka k\u00ebrkuar ndryshim t\u00eb mas\u00ebs s\u00eb siguris\u00eb, nd\u00ebrsa ndodhet n\u00eb burg. K\u00ebrkesa \u00ebsht\u00eb dor\u00ebzuar p\u00ebrmes avokatit raporton p\u00ebr News24 gazetarja Klodian Lala. I mituri \u00ebsht\u00eb marr\u00eb n\u00eb pyetje nga prokuror\u00ebt nd\u00ebrsa ajo q\u00eb ka th\u00ebn\u00eb nuk \u00ebsht\u00eb zbuluar [&hellip;]<\/p>\n","protected":false,"gt_translate_keys":[{"key":"rendered","format":"html"}]},"author":51,"featured_media":713894,"comment_status":"closed","ping_status":"open","sticky":false,"template":"","format":"standard","meta":{"footnotes":""},"categories":[65],"tags":[],"class_list":["post-713893","post","type-post","status-publish","format-standard","has-post-thumbnail","hentry","category-lajme"],"gt_translate_keys":[{"key":"link","format":"url"}],"_links":{"self":[{"href":"https:\/\/www.hashtag.al\/index.php\/wp-json\/wp\/v2\/posts\/713893","targetHints":{"allow":["GET"]}}],"collection":[{"href":"https:\/\/www.hashtag.al\/index.php\/wp-json\/wp\/v2\/posts"}],"about":[{"href":"https:\/\/www.hashtag.al\/index.php\/wp-json\/wp\/v2\/types\/post"}],"author":[{"embeddable":true,"href":"https:\/\/www.hashtag.al\/index.php\/wp-json\/wp\/v2\/users\/51"}],"replies":[{"embeddable":true,"href":"https:\/\/www.hashtag.al\/index.php\/wp-json\/wp\/v2\/comments?post=713893"}],"version-history":[{"count":99999,"href":"https:\/\/www.hashtag.al\/index.php\/wp-json\/wp\/v2\/posts\/713893\/revisions"}],"predecessor-version":[{"id":713895,"href":"https:\/\/www.hashtag.al\/index.php\/wp-json\/wp\/v2\/posts\/713893\/revisions\/713895"}],"wp:featuredmedia":[{"embeddable":true,"href":"https:\/\/www.hashtag.al\/index.php\/wp-json\/wp\/v2\/media\/713894"}],"wp:attachment":[{"href":"https:\/\/www.hashtag.al\/index.php\/wp-json\/wp\/v2\/media?parent=713893"}],"wp:term":[{"taxonomy":"category","embeddable":true,"href":"https:\/\/www.hashtag.al\/index.php\/wp-json\/wp\/v2\/categories?post=713893"},{"taxonomy":"post_tag","embeddable":true,"href":"https:\/\/www.hashtag.al\/index.php\/wp-json\/wp\/v2\/tags?post=713893"}],"curies":[{"name":"wp","href":"https:\/\/api.w.org\/{rel}","templated":true}]}}