{"id":713046,"date":"2024-12-04T15:04:00","date_gmt":"2024-12-04T14:04:00","guid":{"rendered":"https:\/\/www.hashtag.al\/?p=713046"},"modified":"2024-12-04T15:04:00","modified_gmt":"2024-12-04T14:04:00","slug":"gjonaj-brenda-dhjetorit-depozitohet-ne-kuvend-nje-pakete-ligjore-kunder-dhunes-online-ndaj-grave","status":"publish","type":"post","link":"https:\/\/www.hashtag.al\/index.php\/2024\/12\/04\/gjonaj-brenda-dhjetorit-depozitohet-ne-kuvend-nje-pakete-ligjore-kunder-dhunes-online-ndaj-grave\/","title":{"rendered":"Gjonaj: Brenda dhjetorit depozitohet n\u00eb Kuvend nj\u00eb paket\u00eb ligjore kund\u00ebr dhun\u00ebs online ndaj grave","gt_translate_keys":[{"key":"rendered","format":"text"}]},"content":{"rendered":"<p><span style=\"color: #000000;\"><a href=\"https:\/\/www.hashtag.al\/wp-content\/uploads\/2024\/12\/Gjonaj1-768x512-1.jpg\"><img loading=\"lazy\" decoding=\"async\" class=\"aligncenter size-full wp-image-713047\" src=\"https:\/\/www.hashtag.al\/wp-content\/uploads\/2024\/12\/Gjonaj1-768x512-1.jpg\" alt=\"\" width=\"768\" height=\"512\" srcset=\"https:\/\/www.hashtag.al\/wp-content\/uploads\/2024\/12\/Gjonaj1-768x512-1.jpg 768w, https:\/\/www.hashtag.al\/wp-content\/uploads\/2024\/12\/Gjonaj1-768x512-1-300x200.jpg 300w\" sizes=\"auto, (max-width: 768px) 100vw, 768px\" \/><\/a><\/span><\/p>\n<p><span style=\"color: #000000;\">N\u00eb ambientet e Kuvendit t\u00eb Republik\u00ebs s\u00eb Shqip\u00ebris\u00eb u zhvillua sot tryeza e hapur me tem\u00eb \u201cDhuna me baz\u00eb gjinore n\u00eb hap\u00ebsir\u00ebn digjitale\u201d, nj\u00eb iniciativ\u00eb e znj. Etilda Gjonaj, Reportere e P\u00ebrgjithshme p\u00ebr dhun\u00ebn ndaj grave n\u00eb Asamblen\u00eb Parlamentare t\u00eb K\u00ebshillit t\u00eb Evrop\u00ebs, n\u00eb bashk\u00ebpunim me Aleanc\u00ebn e Grave Deputete, UN \u00cbomen Albania dhe NDI Albania.<\/span><\/p>\n<p><span style=\"color: #000000;\">Q\u00ebllimi i k\u00ebsaj tryeze ishte prezantimi i gjetjeve p\u00ebr paketen ligjore per dhunen psikologjike dhe online ndaj grave me te gjithe aktoret e shoqerise civile, sistemin e drejtesise, gazetare, perfaqesues te organizatave nderkombetare dhe aktiviste!<\/span><\/p>\n<p><span style=\"color: #000000;\">Aktiviteti u mb\u00ebshtet nga Ambasada e Suedis\u00eb dhe Agjencia Zvicerane p\u00ebr Zhvillim dhe Bashk\u00ebpunim.<\/span><\/p>\n<p><span style=\"color: #000000;\">N\u00eb k\u00ebt\u00eb takim mor\u00ebn pjes\u00eb Zv. Kryeministrja e Shqip\u00ebris\u00eb, znj. Belinda Balluku; Ministrja e Sh\u00ebndet\u00ebsis\u00eb dhe Mbrojtjes Sociale, znj. Albana Ko\u00e7iu; Ministrja e Arsimit dhe Sportit, znj. Ogerta Manastirliu; Drejtuesja e Zyr\u00ebs s\u00eb K\u00ebshillit t\u00eb Europ\u00ebs n\u00eb Shqip\u00ebri, znj. Giulia Re; Ambasadorja e Zvicr\u00ebs, znj. Ruth Huber; si dhe z. Erik Illes, Z\u00ebvend\u00ebs Shef i Misionit dhe Shef i Bashk\u00ebpunimit p\u00ebr Zhvillim, Ambasada e Suedis\u00eb n\u00eb Shqip\u00ebri.<\/span><\/p>\n<p><span style=\"color: #000000;\">Diskutimi i tyre theksoi r\u00ebnd\u00ebsin\u00eb e bashk\u00ebpunimit institucional, nd\u00ebrkomb\u00ebtar dhe n\u00eb \u00e7do segment t\u00eb shoq\u00ebris\u00eb p\u00ebr adresimin e sfidave t\u00eb dhun\u00ebs digjitale.<\/span><\/p>\n<p><span style=\"color: #000000;\">N\u00eb fjal\u00ebn e saj t\u00eb hapjes, znj. Etilda Gjonaj, theksoi r\u00ebnd\u00ebsin\u00eb e krijimit t\u00eb nj\u00eb \u201czinxhiri rezistence\u201d p\u00ebr t\u00eb siguruar nj\u00eb hap\u00ebsir\u00eb digjitale t\u00eb sigurt dhe gjith\u00ebp\u00ebrfshir\u00ebse.<\/span><\/p>\n<p><span style=\"color: #000000;\"><em>\u00a0\u201cN\u00eb epok\u00ebn digjitale, jan\u00eb shfaqur forma t\u00eb reja dhune ndaj grave, si ngacmimi online, gjuha e urrejtjes, komentet seksiste dhe k\u00ebrc\u00ebnimet, t\u00eb cilat jan\u00eb po aq t\u00eb d\u00ebmshme dhe serioze sa dhuna fizike,\u201d<\/em> deklaroi znj. Gjonaj.<\/span><\/p>\n<p><span style=\"color: #000000;\">Paketa ligjore do te depozitohet brenda muajit dhjetor ne kuvend si produkt i gjithe aleances se grave deputete te Kuvendit te Shqiperise!<\/span><\/p>\n<p><span style=\"color: #000000;\">Gjat\u00eb fjal\u00ebs s\u00eb saj, znj. Gjonaj n\u00ebnvizoi r\u00ebnd\u00ebsin\u00eb e identifikimit t\u00eb boshll\u00ebqeve n\u00eb legjislacion dhe nevoj\u00ebn p\u00ebr forcimin e zbatimit t\u00eb tij, si dhe ndjekjen e modeleve nd\u00ebrkomb\u00ebtare si Direktiva e Bashkimit Europian apo Konventa e Stambollit si udh\u00ebrr\u00ebfyes p\u00ebr hapat e ardhsh\u00ebm.<\/span><\/p>\n<p><span style=\"color: #000000;\">N\u00eb nisma t\u00eb tilla duhet t\u00eb jemi bashk\u00eb t\u00eb gjith\u00eb aktoret politike pavaresisht perkatesise!<\/span><\/p>\n<p><span style=\"color: #000000;\">Diskutimet dhe rekomandimet e nxjerra nga ky takim do te jene pjese e nj\u00eb iniciative ligjore qe do te paraqitet n\u00eb Kuvend!<\/span><\/p>\n","protected":false,"gt_translate_keys":[{"key":"rendered","format":"html"}]},"excerpt":{"rendered":"<p>N\u00eb ambientet e Kuvendit t\u00eb Republik\u00ebs s\u00eb Shqip\u00ebris\u00eb u zhvillua sot tryeza e hapur me tem\u00eb \u201cDhuna me baz\u00eb gjinore n\u00eb hap\u00ebsir\u00ebn digjitale\u201d, nj\u00eb iniciativ\u00eb e znj. Etilda Gjonaj, Reportere e P\u00ebrgjithshme p\u00ebr dhun\u00ebn ndaj grave n\u00eb Asamblen\u00eb Parlamentare t\u00eb K\u00ebshillit t\u00eb Evrop\u00ebs, n\u00eb bashk\u00ebpunim me Aleanc\u00ebn e Grave Deputete, UN \u00cbomen Albania dhe NDI [&hellip;]<\/p>\n","protected":false,"gt_translate_keys":[{"key":"rendered","format":"html"}]},"author":32,"featured_media":713047,"comment_status":"closed","ping_status":"open","sticky":false,"template":"","format":"standard","meta":{"footnotes":""},"categories":[65],"tags":[],"class_list":["post-713046","post","type-post","status-publish","format-standard","has-post-thumbnail","hentry","category-lajme"],"gt_translate_keys":[{"key":"link","format":"url"}],"_links":{"self":[{"href":"https:\/\/www.hashtag.al\/index.php\/wp-json\/wp\/v2\/posts\/713046","targetHints":{"allow":["GET"]}}],"collection":[{"href":"https:\/\/www.hashtag.al\/index.php\/wp-json\/wp\/v2\/posts"}],"about":[{"href":"https:\/\/www.hashtag.al\/index.php\/wp-json\/wp\/v2\/types\/post"}],"author":[{"embeddable":true,"href":"https:\/\/www.hashtag.al\/index.php\/wp-json\/wp\/v2\/users\/32"}],"replies":[{"embeddable":true,"href":"https:\/\/www.hashtag.al\/index.php\/wp-json\/wp\/v2\/comments?post=713046"}],"version-history":[{"count":99999,"href":"https:\/\/www.hashtag.al\/index.php\/wp-json\/wp\/v2\/posts\/713046\/revisions"}],"predecessor-version":[{"id":713048,"href":"https:\/\/www.hashtag.al\/index.php\/wp-json\/wp\/v2\/posts\/713046\/revisions\/713048"}],"wp:featuredmedia":[{"embeddable":true,"href":"https:\/\/www.hashtag.al\/index.php\/wp-json\/wp\/v2\/media\/713047"}],"wp:attachment":[{"href":"https:\/\/www.hashtag.al\/index.php\/wp-json\/wp\/v2\/media?parent=713046"}],"wp:term":[{"taxonomy":"category","embeddable":true,"href":"https:\/\/www.hashtag.al\/index.php\/wp-json\/wp\/v2\/categories?post=713046"},{"taxonomy":"post_tag","embeddable":true,"href":"https:\/\/www.hashtag.al\/index.php\/wp-json\/wp\/v2\/tags?post=713046"}],"curies":[{"name":"wp","href":"https:\/\/api.w.org\/{rel}","templated":true}]}}