{"id":712853,"date":"2024-12-03T17:59:54","date_gmt":"2024-12-03T16:59:54","guid":{"rendered":"https:\/\/www.hashtag.al\/?p=712853"},"modified":"2024-12-03T17:59:54","modified_gmt":"2024-12-03T16:59:54","slug":"veliaj-bashkia-e-tiranes-do-nise-projektin-per-ndertimin-e-banesave-sociale","status":"publish","type":"post","link":"https:\/\/www.hashtag.al\/index.php\/2024\/12\/03\/veliaj-bashkia-e-tiranes-do-nise-projektin-per-ndertimin-e-banesave-sociale\/","title":{"rendered":"Veliaj: Bashkia e Tiran\u00ebs do nis\u00eb projektin p\u00ebr nd\u00ebrtimin e banesave sociale","gt_translate_keys":[{"key":"rendered","format":"text"}]},"content":{"rendered":"<p><span style=\"color: #000000;\"><a href=\"https:\/\/www.hashtag.al\/wp-content\/uploads\/2024\/12\/e8430691-1c8c-4838-bd34-b73ee96ef9f8-768x512-1.jpg\"><img loading=\"lazy\" decoding=\"async\" class=\"aligncenter size-full wp-image-712854\" src=\"https:\/\/www.hashtag.al\/wp-content\/uploads\/2024\/12\/e8430691-1c8c-4838-bd34-b73ee96ef9f8-768x512-1.jpg\" alt=\"\" width=\"768\" height=\"512\" srcset=\"https:\/\/www.hashtag.al\/wp-content\/uploads\/2024\/12\/e8430691-1c8c-4838-bd34-b73ee96ef9f8-768x512-1.jpg 768w, https:\/\/www.hashtag.al\/wp-content\/uploads\/2024\/12\/e8430691-1c8c-4838-bd34-b73ee96ef9f8-768x512-1-300x200.jpg 300w\" sizes=\"auto, (max-width: 768px) 100vw, 768px\" \/><\/a><\/span><\/p>\n<p><span style=\"color: #000000;\">Bashkia e Tiran\u00ebs ka propozuar nj\u00eb projekt t\u00eb ri p\u00ebr nd\u00ebrtimin e banesave sociale, duke p\u00ebrcaktuar dy pasuri t\u00eb reja si zona n\u00eb zhvillim n\u00eb rrug\u00ebn \u201cHamdi Pepa\u201d.<\/span><\/p>\n<p><span style=\"color: #000000;\">I gjith\u00eb projekti do t\u00eb financohet nga fondi i banesave sociale.<\/span><\/p>\n<p><span style=\"color: #000000;\">Kryebashkiaku Veliaj deklaroi se zona e re ku do nd\u00ebrtohen banesat sociale, ka t\u00eb gjitha sh\u00ebrbimet e nevojshme pran\u00eb.<\/span><\/p>\n<p><span style=\"color: #000000;\"><em>\u201cB\u00ebhet fjal\u00eb p\u00ebr t\u00eb ndar\u00eb nj\u00eb pasuri q\u00eb \u00ebsht\u00eb pron\u00eb e Bashkis\u00eb s\u00eb Tiran\u00ebs, p\u00ebr ta dedikuar p\u00ebr banesat sociale.<\/em><\/span><\/p>\n<p><span style=\"color: #000000;\"><em>Bashkia e Tiran\u00ebs ka mbledhur nj\u00eb fond t\u00eb banesave sociale, t\u00eb cilat jemi gati ta investojm\u00eb. B\u00ebhet fjal\u00eb p\u00ebr t\u00eb gjith\u00eb zon\u00ebn q\u00eb p\u00ebrshkruhet mes Unaz\u00ebs s\u00eb Madhe, para se t\u00eb shkojm\u00eb te rruga \u201c1 Qershori\u201d dhe rrug\u00ebs \u201cHamdi Pepa\u201d, aty kemi nj\u00eb treg ushqimor, ku sigurisht n\u00eb ambiente e reja jemi po ashtu t\u00eb gatsh\u00ebm, q\u00eb n\u00eb pjes\u00ebt e sh\u00ebrbimit t\u00eb akomodojm\u00eb tregtar\u00eb, por \u00ebsht\u00eb m\u00ebkat, q\u00eb n\u00eb nj\u00eb qytet q\u00eb ka nevoj\u00eb p\u00ebr banesa sociale, ne t\u00eb p\u00ebrdorim at\u00eb hap\u00ebsir\u00eb dhe nj\u00eb tok\u00eb q\u00eb vlen shum\u00eb n\u00eb Tiran\u00eb, ekskluzivisht vet\u00ebm p\u00ebr shitblerje.<\/em><\/span><\/p>\n<p><span style=\"color: #000000;\"><em>Nd\u00ebrkoh\u00eb, mund t\u00eb p\u00ebrdorim katin e par\u00eb p\u00ebr shitblerje dhe katet e tjera p\u00ebr t\u00eb strehuar njer\u00ebz. I kemi b\u00ebr\u00eb t\u00eb gjitha procedurat edhe p\u00ebr t\u00eb marr\u00eb statusin nga Enti i Banesave, edhe p\u00ebr efekt t\u00eb Hipotek\u00ebs dhe shenjimit dhe rilevimit t\u00eb zon\u00ebs dhe gjykojm\u00eb q\u00eb n\u00ebse marrim p\u00eblqimin e K\u00ebshillit Bashkiak, \u00ebsht\u00eb nj\u00eb zon\u00eb ideale p\u00ebr banesa sociale. Nj\u00eb zon\u00eb e aksesueshme, si me makin\u00eb, autobus, me stacion t\u00eb autobusit, nj\u00eb zon\u00eb q\u00eb ka po ashtu shkollat af\u00ebr.<\/em><\/span><\/p>\n<p><span style=\"color: #000000;\"><em>Sapo kemi b\u00ebr\u00eb shkoll\u00ebn \u201c1 Qershori\u201d, nd\u00ebrkoh\u00eb q\u00eb po p\u00ebrgatitemi p\u00ebr shkollat e reja prap\u00eb tek zona e lagjes Rilindja dhe Unaz\u00ebs s\u00eb Madhe. N\u00eb k\u00ebt\u00eb sens, i kemi par\u00eb edhe \u00e7\u00ebshtjet dhe le t\u00eb themi nd\u00ebrlidhjet mes komunitetin tashm\u00eb ekzistues\u201d,<\/em> tha Veliaj.<\/span><\/p>\n","protected":false,"gt_translate_keys":[{"key":"rendered","format":"html"}]},"excerpt":{"rendered":"<p>Bashkia e Tiran\u00ebs ka propozuar nj\u00eb projekt t\u00eb ri p\u00ebr nd\u00ebrtimin e banesave sociale, duke p\u00ebrcaktuar dy pasuri t\u00eb reja si zona n\u00eb zhvillim n\u00eb rrug\u00ebn \u201cHamdi Pepa\u201d. I gjith\u00eb projekti do t\u00eb financohet nga fondi i banesave sociale. Kryebashkiaku Veliaj deklaroi se zona e re ku do nd\u00ebrtohen banesat sociale, ka t\u00eb gjitha sh\u00ebrbimet [&hellip;]<\/p>\n","protected":false,"gt_translate_keys":[{"key":"rendered","format":"html"}]},"author":32,"featured_media":712854,"comment_status":"closed","ping_status":"open","sticky":false,"template":"","format":"standard","meta":{"footnotes":""},"categories":[65],"tags":[],"class_list":["post-712853","post","type-post","status-publish","format-standard","has-post-thumbnail","hentry","category-lajme"],"gt_translate_keys":[{"key":"link","format":"url"}],"_links":{"self":[{"href":"https:\/\/www.hashtag.al\/index.php\/wp-json\/wp\/v2\/posts\/712853","targetHints":{"allow":["GET"]}}],"collection":[{"href":"https:\/\/www.hashtag.al\/index.php\/wp-json\/wp\/v2\/posts"}],"about":[{"href":"https:\/\/www.hashtag.al\/index.php\/wp-json\/wp\/v2\/types\/post"}],"author":[{"embeddable":true,"href":"https:\/\/www.hashtag.al\/index.php\/wp-json\/wp\/v2\/users\/32"}],"replies":[{"embeddable":true,"href":"https:\/\/www.hashtag.al\/index.php\/wp-json\/wp\/v2\/comments?post=712853"}],"version-history":[{"count":99999,"href":"https:\/\/www.hashtag.al\/index.php\/wp-json\/wp\/v2\/posts\/712853\/revisions"}],"predecessor-version":[{"id":712855,"href":"https:\/\/www.hashtag.al\/index.php\/wp-json\/wp\/v2\/posts\/712853\/revisions\/712855"}],"wp:featuredmedia":[{"embeddable":true,"href":"https:\/\/www.hashtag.al\/index.php\/wp-json\/wp\/v2\/media\/712854"}],"wp:attachment":[{"href":"https:\/\/www.hashtag.al\/index.php\/wp-json\/wp\/v2\/media?parent=712853"}],"wp:term":[{"taxonomy":"category","embeddable":true,"href":"https:\/\/www.hashtag.al\/index.php\/wp-json\/wp\/v2\/categories?post=712853"},{"taxonomy":"post_tag","embeddable":true,"href":"https:\/\/www.hashtag.al\/index.php\/wp-json\/wp\/v2\/tags?post=712853"}],"curies":[{"name":"wp","href":"https:\/\/api.w.org\/{rel}","templated":true}]}}