{"id":712654,"date":"2024-12-02T23:45:16","date_gmt":"2024-12-02T22:45:16","guid":{"rendered":"https:\/\/www.hashtag.al\/?p=712654"},"modified":"2024-12-02T23:45:16","modified_gmt":"2024-12-02T22:45:16","slug":"ish-ministri-i-mbrojtjes-se-izraelit-akuzon-netanyahun-per-spastrim-etnik-te-palestinezeve-ne-veri-te-gazes","status":"publish","type":"post","link":"https:\/\/www.hashtag.al\/index.php\/2024\/12\/02\/ish-ministri-i-mbrojtjes-se-izraelit-akuzon-netanyahun-per-spastrim-etnik-te-palestinezeve-ne-veri-te-gazes\/","title":{"rendered":"Ish-ministri i Mbrojtjes s\u00eb Izraelit akuzon Netanyahun p\u00ebr spastrim etnik t\u00eb palestinez\u00ebve n\u00eb veri t\u00eb Gaz\u00ebs","gt_translate_keys":[{"key":"rendered","format":"text"}]},"content":{"rendered":"<p><img loading=\"lazy\" decoding=\"async\" class=\"aligncenter size-full wp-image-712655\" src=\"https:\/\/www.hashtag.al\/wp-content\/uploads\/2024\/12\/c-gettyimages-2158161546-ezgif.com-webp-to-jpg-converter.jpg\" alt=\"\" width=\"1110\" height=\"740\" srcset=\"https:\/\/www.hashtag.al\/wp-content\/uploads\/2024\/12\/c-gettyimages-2158161546-ezgif.com-webp-to-jpg-converter.jpg 1110w, https:\/\/www.hashtag.al\/wp-content\/uploads\/2024\/12\/c-gettyimages-2158161546-ezgif.com-webp-to-jpg-converter-300x200.jpg 300w, https:\/\/www.hashtag.al\/wp-content\/uploads\/2024\/12\/c-gettyimages-2158161546-ezgif.com-webp-to-jpg-converter-1024x683.jpg 1024w, https:\/\/www.hashtag.al\/wp-content\/uploads\/2024\/12\/c-gettyimages-2158161546-ezgif.com-webp-to-jpg-converter-768x512.jpg 768w\" sizes=\"auto, (max-width: 1110px) 100vw, 1110px\" \/><\/p>\n<p><span style=\"color: #000000;\">Nj\u00eb ish-minist\u00ebr izraelit i mbrojtjes, ka shkaktuar nj\u00eb stuhi t\u00eb fort\u00eb pasi akuzoi qeverin\u00eb e Netanyahut se po b\u00ebn spastrim etnik t\u00eb palestinez\u00ebve n\u00eb Gaz\u00ebn veriore.<\/span><\/p>\n<p><span style=\"color: #000000;\">Moshe Ya&#8217;alon, i cili sh\u00ebrbeu p\u00ebr tre dekada n\u00eb Forcat e Mbrojtjes t\u00eb Izraelit (IDF), duke p\u00ebrfshir\u00eb n\u00eb nj\u00ebsin\u00eb elitare komando \u201cSayeret Matkal\u201d, dhe si shef i shtabit t\u00eb ushtris\u00eb, tha gjithashtu se ai besonte se Izraeli po humbte identitetin e tij si nj\u00eb demokraci liberale dhepo b\u00ebhej nj\u00eb &#8220;shtet mesianik fashist i korruptuar dhe lebroz&#8221;.<\/span><\/p>\n<p><span style=\"color: #000000;\"><em>&#8220;Pushtimi, aneksimi, spastrimi etnik, shikoni Gaz\u00ebn veriore,&#8221;<\/em> tha Ya&#8217;alon p\u00ebr televizionin izraelit Democrat TV, shkruan <span style=\"color: #0000ff;\"><a style=\"color: #0000ff;\" href=\"https:\/\/edition.cnn.com\/2024\/12\/02\/middleeast\/israel-idf-gaza-moshe-yaalon-palestinians-ethnic-cleansing-intl\/index.html\">CNN<\/a><\/span>.<\/span><\/p>\n<p><span style=\"color: #000000;\">Intervistuesi shprehu habin\u00eb p\u00ebr p\u00ebrdorimin e shprehjes &#8220;spastrim etnik&#8221; nga Ya&#8217;alon, duke pyetur:<em> &#8220;A \u00ebsht\u00eb kjo ajo q\u00eb mendoni se ne jemi duke b\u00ebr\u00eb atje?&#8221;<\/em><\/span><\/p>\n<p><span style=\"color: #000000;\"><em>\u00a0\u201c\u00c7far\u00eb po ndodh atje? Nuk ka Beit Lahia. Nuk ka Beit Hanoun. Ata aktualisht po operojn\u00eb n\u00eb Jabalya dhe n\u00eb thelb, ata po pastrojn\u00eb zon\u00ebn nga arab\u00ebt, &#8220;<\/em>tha ai, duke iu referuar IDF-s\u00eb.<\/span><\/p>\n<p><span style=\"color: #000000;\">Ushtria izraelite ka dy muaj q\u00eb po kryen nj\u00eb operacion intensiv dhe vdekjeprur\u00ebs n\u00eb veri t\u00eb Gaz\u00ebs, duke synuar, si\u00e7 thot\u00eb ajo, militant\u00ebt e Hamasit. Ajo u ka th\u00ebn\u00eb t\u00eb gjith\u00eb civil\u00ebve se p\u00ebr sigurin\u00eb e tyre, ata duhet t\u00eb shkojn\u00eb n\u00eb nj\u00eb zon\u00eb humanitare n\u00eb jug t\u00eb Gaz\u00ebs. <\/span><\/p>\n<p><span style=\"color: #000000;\">Mij\u00ebra civil\u00eb palestinez\u00eb kan\u00eb kund\u00ebrshtuar t\u00eb largohen, pas m\u00eb shum\u00eb se nj\u00eb viti q\u00eb u \u00ebsht\u00eb th\u00ebn\u00eb t\u00eb evakuohen n\u00eb zonat e Gaz\u00ebs q\u00eb m\u00eb pas jan\u00eb gjithashtu n\u00eb sh\u00ebnjest\u00ebr nga sulmet izraelite. Sipas Programit Bot\u00ebror t\u00eb Ushqimit, shum\u00eb pak ndihma jan\u00eb lejuar n\u00eb Gaz\u00ebn veriore.<\/span><\/p>\n<p><span style=\"color: #000000;\">Ushtria izraelite, duke iu p\u00ebrgjigjur Ya&#8217;alon-it, mohoi se po pastronte etnikisht Gaz\u00ebn veriore dhe tha se ajo operonte &#8220;n\u00eb p\u00ebrputhje me ligjin nd\u00ebrkomb\u00ebtar dhe po evakuon civil\u00ebt bazuar n\u00eb nevoj\u00ebn operacionale, p\u00ebr mbrojtjen e tyre&#8221;.<\/span><\/p>\n<p><span style=\"color: #000000;\">Qeveria nuk ka paraqitur ende nj\u00eb plan p\u00ebr qeverisjen e pasluft\u00ebs n\u00eb Gaza.<\/span><\/p>\n","protected":false,"gt_translate_keys":[{"key":"rendered","format":"html"}]},"excerpt":{"rendered":"<p>Nj\u00eb ish-minist\u00ebr izraelit i mbrojtjes, ka shkaktuar nj\u00eb stuhi t\u00eb fort\u00eb pasi akuzoi qeverin\u00eb e Netanyahut se po b\u00ebn spastrim etnik t\u00eb palestinez\u00ebve n\u00eb Gaz\u00ebn veriore. Moshe Ya&#8217;alon, i cili sh\u00ebrbeu p\u00ebr tre dekada n\u00eb Forcat e Mbrojtjes t\u00eb Izraelit (IDF), duke p\u00ebrfshir\u00eb n\u00eb nj\u00ebsin\u00eb elitare komando \u201cSayeret Matkal\u201d, dhe si shef i shtabit t\u00eb [&hellip;]<\/p>\n","protected":false,"gt_translate_keys":[{"key":"rendered","format":"html"}]},"author":51,"featured_media":712655,"comment_status":"closed","ping_status":"open","sticky":false,"template":"","format":"standard","meta":{"footnotes":""},"categories":[53],"tags":[],"class_list":["post-712654","post","type-post","status-publish","format-standard","has-post-thumbnail","hentry","category-fast-foodi"],"gt_translate_keys":[{"key":"link","format":"url"}],"_links":{"self":[{"href":"https:\/\/www.hashtag.al\/index.php\/wp-json\/wp\/v2\/posts\/712654","targetHints":{"allow":["GET"]}}],"collection":[{"href":"https:\/\/www.hashtag.al\/index.php\/wp-json\/wp\/v2\/posts"}],"about":[{"href":"https:\/\/www.hashtag.al\/index.php\/wp-json\/wp\/v2\/types\/post"}],"author":[{"embeddable":true,"href":"https:\/\/www.hashtag.al\/index.php\/wp-json\/wp\/v2\/users\/51"}],"replies":[{"embeddable":true,"href":"https:\/\/www.hashtag.al\/index.php\/wp-json\/wp\/v2\/comments?post=712654"}],"version-history":[{"count":99999,"href":"https:\/\/www.hashtag.al\/index.php\/wp-json\/wp\/v2\/posts\/712654\/revisions"}],"predecessor-version":[{"id":712656,"href":"https:\/\/www.hashtag.al\/index.php\/wp-json\/wp\/v2\/posts\/712654\/revisions\/712656"}],"wp:featuredmedia":[{"embeddable":true,"href":"https:\/\/www.hashtag.al\/index.php\/wp-json\/wp\/v2\/media\/712655"}],"wp:attachment":[{"href":"https:\/\/www.hashtag.al\/index.php\/wp-json\/wp\/v2\/media?parent=712654"}],"wp:term":[{"taxonomy":"category","embeddable":true,"href":"https:\/\/www.hashtag.al\/index.php\/wp-json\/wp\/v2\/categories?post=712654"},{"taxonomy":"post_tag","embeddable":true,"href":"https:\/\/www.hashtag.al\/index.php\/wp-json\/wp\/v2\/tags?post=712654"}],"curies":[{"name":"wp","href":"https:\/\/api.w.org\/{rel}","templated":true}]}}