{"id":712489,"date":"2024-12-02T10:53:08","date_gmt":"2024-12-02T09:53:08","guid":{"rendered":"https:\/\/www.hashtag.al\/?p=712489"},"modified":"2024-12-02T11:06:30","modified_gmt":"2024-12-02T10:06:30","slug":"intensifikohen-protestat-dhe-doreheqjet-ne-gjeorgji-kryeministi-i-vendit-ne-nuk-kemi-pezulluar-asgje-kjo-eshte-nje-genjeshter","status":"publish","type":"post","link":"https:\/\/www.hashtag.al\/index.php\/2024\/12\/02\/intensifikohen-protestat-dhe-doreheqjet-ne-gjeorgji-kryeministi-i-vendit-ne-nuk-kemi-pezulluar-asgje-kjo-eshte-nje-genjeshter\/","title":{"rendered":"Protestat dhe k\u00ebrkesat p\u00ebr dor\u00ebheqje, Kryeministri i Gjeorgjis\u00eb nuk t\u00ebrhiqet nga rruga e tij","gt_translate_keys":[{"key":"rendered","format":"text"}]},"content":{"rendered":"<div class=\"sc-18fde0d6-0 dlWCEZ\" data-component=\"text-block\"><\/div>\n<div class=\"sc-18fde0d6-0 dlWCEZ\" data-component=\"text-block\">\n<p><span style=\"color: #000000;\"><img loading=\"lazy\" decoding=\"async\" class=\" wp-image-712493 aligncenter\" src=\"https:\/\/www.hashtag.al\/wp-content\/uploads\/2024\/12\/Screenshot-2024-12-02-103024-300x140.png\" alt=\"\" width=\"911\" height=\"425\" srcset=\"https:\/\/www.hashtag.al\/wp-content\/uploads\/2024\/12\/Screenshot-2024-12-02-103024-300x140.png 300w, https:\/\/www.hashtag.al\/wp-content\/uploads\/2024\/12\/Screenshot-2024-12-02-103024-1024x477.png 1024w, https:\/\/www.hashtag.al\/wp-content\/uploads\/2024\/12\/Screenshot-2024-12-02-103024-768x358.png 768w, https:\/\/www.hashtag.al\/wp-content\/uploads\/2024\/12\/Screenshot-2024-12-02-103024.png 1189w\" sizes=\"auto, (max-width: 911px) 100vw, 911px\" \/><\/span><\/p>\n<p><span style=\"color: #000000;\">Gjeorgjia ka p\u00ebrjetuar nat\u00ebn e kat\u00ebrt t\u00eb demonstratave n\u00eb rrug\u00eb dhe nj\u00eb s\u00ebr\u00eb dor\u00ebheqjesh publike, t\u00eb shkaktuara nga vendimi i partis\u00eb n\u00eb pushtet p\u00ebr t\u00eb pezulluar p\u00ebrpjekjet p\u00ebr nisjen e bisedimeve p\u00ebr an\u00ebtar\u00ebsimin n\u00eb Bashkimin Evropian.<\/span><\/p>\n<p><span style=\"color: #000000;\">Nd\u00ebrsa dhjet\u00ebra mij\u00ebra gjeorgjian\u00eb dol\u00ebn p\u00ebrs\u00ebri n\u00eb rrug\u00ebt e disa qyteteve, kryeministri Irakli Kobakhidze tha se ata kishin r\u00ebn\u00eb viktima t\u00eb g\u00ebnjeshtrave t\u00eb opozit\u00ebs dhe hodhi posht\u00eb thirrjet p\u00ebr zgjedhje t\u00eb reja.<\/span><\/p>\n<p><span style=\"color: #000000;\">Ai konfirmoi raportet se ambasadori i Gjeorgjis\u00eb n\u00eb SHBA, David Zakalaliani, ishte diplomati i fundit i lart\u00eb q\u00eb dha dor\u00ebheqjen, duke shpjeguar se ai kishte qen\u00eb n\u00ebn presion t\u00eb madh.<\/span><\/p>\n<p><span style=\"color: #000000;\">Megjithat\u00eb, Kobakhidze u p\u00ebrpoq t\u00eb mohoj\u00eb arsyen e protestave, duke th\u00ebn\u00eb t\u00eb diel\u00ebn se &#8220;ne nuk kemi pezulluar asgj\u00eb, kjo \u00ebsht\u00eb nj\u00eb g\u00ebnjesht\u00ebr&#8221;.<\/span><\/p>\n<p><span style=\"color: #000000;\"><img loading=\"lazy\" decoding=\"async\" class=\" wp-image-712494 aligncenter\" src=\"https:\/\/www.hashtag.al\/wp-content\/uploads\/2024\/12\/Screenshot-2024-12-02-102942-300x156.png\" alt=\"\" width=\"910\" height=\"473\" srcset=\"https:\/\/www.hashtag.al\/wp-content\/uploads\/2024\/12\/Screenshot-2024-12-02-102942-300x156.png 300w, https:\/\/www.hashtag.al\/wp-content\/uploads\/2024\/12\/Screenshot-2024-12-02-102942-1024x532.png 1024w, https:\/\/www.hashtag.al\/wp-content\/uploads\/2024\/12\/Screenshot-2024-12-02-102942-768x399.png 768w, https:\/\/www.hashtag.al\/wp-content\/uploads\/2024\/12\/Screenshot-2024-12-02-102942.png 1121w\" sizes=\"auto, (max-width: 910px) 100vw, 910px\" \/><\/span><\/p>\n<p><span style=\"color: #000000;\">Vet\u00ebm tre dit\u00eb m\u00eb par\u00eb, partia e tij &#8220;\u00cbndrra Gjeorgjiane&#8221; kishte akuzuar Bashkimin Evropian p\u00ebr p\u00ebrdorimin e bisedimeve p\u00ebr an\u00ebtar\u00ebsimin n\u00eb union si &#8220;shantazh&#8221;, duke shtuar se qeveria kishte vendosur t\u00eb mos e p\u00ebrfshinte k\u00ebt\u00eb \u00e7\u00ebshtje n\u00eb agjend\u00eb deri n\u00eb fund t\u00eb vitit 2028.<\/span><\/p>\n<p><span style=\"color: #000000;\">Protestuesit pro-BE dol\u00ebn p\u00ebrs\u00ebri n\u00eb num\u00ebr t\u00eb madh t\u00eb diel\u00ebn n\u00eb mbr\u00ebmje, dhe kur fishekzjarr\u00ebt u hodh\u00ebn drejt nd\u00ebrtes\u00ebs s\u00eb parlamentit dhe kund\u00ebr policis\u00eb s\u00eb trazirave, policia u p\u00ebrgjigj me topa uji.<\/span><\/p>\n<p><span style=\"color: #000000;\">Grupet e m\u00ebdha t\u00eb policis\u00eb t\u00eb cilat ishin t\u00eb pranishme n\u00eb rrug\u00ebt an\u00ebsore pran\u00eb parlamentit, shp\u00ebrndan\u00eb protestat vet\u00ebm t\u00eb h\u00ebn\u00ebn her\u00ebt n\u00eb rrug\u00ebn kryesore Rustaveli.<\/span><\/p>\n<p><span style=\"color: #000000;\">Nd\u00ebrkoh\u00eb q\u00eb demonstruesit u larguan nga zona, disa persona u arrestuan, p\u00ebrfshir\u00eb Zurab Japaridze, nj\u00eb nga lider\u00ebt e koalicionit opozitar &#8220;Koalicioni p\u00ebr Ndryshim&#8221;.<\/span><\/p>\n<p><span style=\"color: #000000;\"><img loading=\"lazy\" decoding=\"async\" class=\" wp-image-712495 aligncenter\" src=\"https:\/\/www.hashtag.al\/wp-content\/uploads\/2024\/12\/Screenshot-2024-12-02-102957-300x155.png\" alt=\"\" width=\"906\" height=\"468\" srcset=\"https:\/\/www.hashtag.al\/wp-content\/uploads\/2024\/12\/Screenshot-2024-12-02-102957-300x155.png 300w, https:\/\/www.hashtag.al\/wp-content\/uploads\/2024\/12\/Screenshot-2024-12-02-102957-1024x530.png 1024w, https:\/\/www.hashtag.al\/wp-content\/uploads\/2024\/12\/Screenshot-2024-12-02-102957-768x398.png 768w, https:\/\/www.hashtag.al\/wp-content\/uploads\/2024\/12\/Screenshot-2024-12-02-102957.png 1120w\" sizes=\"auto, (max-width: 906px) 100vw, 906px\" \/><\/span><\/p>\n<p class=\"sc-eb7bd5f6-0 fYAfXe\"><span style=\"color: #000000;\">T\u00eb shtun\u00ebn, SHBA nd\u00ebrmori hapin e r\u00ebnd\u00ebsish\u00ebm p\u00ebr t\u00eb pezulluar partneritetin e saj strategjik me Gjeorgjin\u00eb.<\/span><\/p>\n<p class=\"sc-eb7bd5f6-0 fYAfXe\"><span style=\"color: #000000;\">Kobakhidze k\u00ebmb\u00ebnguli se \u00cbndrra Gjeorgjiane ishte ende &#8220;e p\u00ebrkushtuar ndaj integrimit evropian&#8230; dhe ne po vazhdojm\u00eb n\u00eb rrug\u00ebn ton\u00eb drejt \u00ebndrr\u00ebs evropiane&#8221;.<\/span><\/p>\n<p class=\"sc-eb7bd5f6-0 fYAfXe\"><span style=\"color: #000000;\">E megjithat\u00eb nj\u00eb grup n\u00eb rritje i zyrtar\u00ebve publik\u00eb duket se nuk besojn\u00eb se \u00ebsht\u00eb k\u00ebshtu. Disa ambasador\u00eb kan\u00eb dh\u00ebn\u00eb dor\u00ebheqjen dhe qindra n\u00ebpun\u00ebs civil\u00eb dhe m\u00eb shum\u00eb se 3,000 m\u00ebsues kan\u00eb n\u00ebnshkruar letra q\u00eb d\u00ebnojn\u00eb vendimin p\u00ebr t\u00eb pezulluar pranimin n\u00eb BE.<\/span><\/p>\n<p class=\"sc-eb7bd5f6-0 fYAfXe\"><span style=\"color: #000000;\"><img loading=\"lazy\" decoding=\"async\" class=\" wp-image-712496 aligncenter\" src=\"https:\/\/www.hashtag.al\/wp-content\/uploads\/2024\/12\/Screenshot-2024-12-02-103012-300x175.png\" alt=\"\" width=\"912\" height=\"532\" srcset=\"https:\/\/www.hashtag.al\/wp-content\/uploads\/2024\/12\/Screenshot-2024-12-02-103012-300x175.png 300w, https:\/\/www.hashtag.al\/wp-content\/uploads\/2024\/12\/Screenshot-2024-12-02-103012-1024x597.png 1024w, https:\/\/www.hashtag.al\/wp-content\/uploads\/2024\/12\/Screenshot-2024-12-02-103012-768x448.png 768w, https:\/\/www.hashtag.al\/wp-content\/uploads\/2024\/12\/Screenshot-2024-12-02-103012-250x145.png 250w, https:\/\/www.hashtag.al\/wp-content\/uploads\/2024\/12\/Screenshot-2024-12-02-103012.png 1168w\" sizes=\"auto, (max-width: 912px) 100vw, 912px\" \/><\/span><\/p>\n<p class=\"sc-eb7bd5f6-0 fYAfXe\"><span style=\"color: #000000;\">Shum\u00eb gjeorgjian\u00eb jan\u00eb tronditur nga niveli i dhun\u00ebs drejtuar gazetar\u00ebve gjeorgjian\u00eb si dhe protestuesve. Dhjetra gazetar\u00eb jan\u00eb rrahur ose sp\u00ebrkatur piper dhe disa kan\u00eb pasur nevoj\u00eb p\u00ebr trajtim spitalor.<\/span><\/p>\n<p class=\"sc-eb7bd5f6-0 fYAfXe\"><span style=\"color: #000000;\">Avokati i popullit t\u00eb Gjeorgjis\u00eb p\u00ebr t\u00eb drejtat e njeriut, Levan Ioseliani, tha se &#8220;ky \u00ebsht\u00eb brutalitet&#8221; dhe ai i b\u00ebri thirrje policis\u00eb q\u00eb t\u00eb mos shp\u00ebrdoroj\u00eb pushtetin e saj.<\/span><\/p>\n<p class=\"sc-eb7bd5f6-0 fYAfXe\"><span style=\"color: #000000;\">Kryeministri tha se ishin grupet e opozit\u00ebs dhe jo policia q\u00eb kishte ushtruar &#8220;dhun\u00eb sistematike&#8221;.<\/span><\/p>\n<p class=\"sc-eb7bd5f6-0 fYAfXe\"><span style=\"color: #000000;\"><img loading=\"lazy\" decoding=\"async\" class=\" wp-image-712497 aligncenter\" src=\"https:\/\/www.hashtag.al\/wp-content\/uploads\/2024\/12\/Screenshot-2024-12-02-103003-300x149.png\" alt=\"\" width=\"852\" height=\"423\" srcset=\"https:\/\/www.hashtag.al\/wp-content\/uploads\/2024\/12\/Screenshot-2024-12-02-103003-300x149.png 300w, https:\/\/www.hashtag.al\/wp-content\/uploads\/2024\/12\/Screenshot-2024-12-02-103003-1024x508.png 1024w, https:\/\/www.hashtag.al\/wp-content\/uploads\/2024\/12\/Screenshot-2024-12-02-103003-768x381.png 768w, https:\/\/www.hashtag.al\/wp-content\/uploads\/2024\/12\/Screenshot-2024-12-02-103003.png 1130w\" sizes=\"auto, (max-width: 852px) 100vw, 852px\" \/><\/span><\/p>\n<p class=\"sc-eb7bd5f6-0 fYAfXe\"><span style=\"color: #000000;\">Ish-ambasadorja e Gjeorgjis\u00eb n\u00eb BE Natalie Sabanadze, tani n\u00eb Chatham House n\u00eb MB, beson se niveli i dhun\u00ebs, vargu i dor\u00ebheqjeve dhe mosbindjes civile tregojn\u00eb nj\u00eb &#8220;ndryshim cil\u00ebsor&#8221; n\u00eb protestat q\u00eb po ndodhin tani.<a href=\"https:\/\/www.bbc.com\/news\/articles\/cp878819l8wo\"><span style=\"color: #0000ff;\"><strong>\/BBC<\/strong><\/span><\/a><\/span><\/p>\n<\/div>\n","protected":false,"gt_translate_keys":[{"key":"rendered","format":"html"}]},"excerpt":{"rendered":"<p>Gjeorgjia ka p\u00ebrjetuar nat\u00ebn e kat\u00ebrt t\u00eb demonstratave n\u00eb rrug\u00eb dhe nj\u00eb s\u00ebr\u00eb dor\u00ebheqjesh publike, t\u00eb shkaktuara nga vendimi i partis\u00eb n\u00eb pushtet p\u00ebr t\u00eb pezulluar p\u00ebrpjekjet p\u00ebr nisjen e bisedimeve p\u00ebr an\u00ebtar\u00ebsimin n\u00eb Bashkimin Evropian. Nd\u00ebrsa dhjet\u00ebra mij\u00ebra gjeorgjian\u00eb dol\u00ebn p\u00ebrs\u00ebri n\u00eb rrug\u00ebt e disa qyteteve, kryeministri Irakli Kobakhidze tha se ata kishin r\u00ebn\u00eb [&hellip;]<\/p>\n","protected":false,"gt_translate_keys":[{"key":"rendered","format":"html"}]},"author":49,"featured_media":712493,"comment_status":"closed","ping_status":"open","sticky":false,"template":"","format":"standard","meta":{"footnotes":""},"categories":[6],"tags":[],"class_list":["post-712489","post","type-post","status-publish","format-standard","has-post-thumbnail","hentry","category-nderkombetare"],"gt_translate_keys":[{"key":"link","format":"url"}],"_links":{"self":[{"href":"https:\/\/www.hashtag.al\/index.php\/wp-json\/wp\/v2\/posts\/712489","targetHints":{"allow":["GET"]}}],"collection":[{"href":"https:\/\/www.hashtag.al\/index.php\/wp-json\/wp\/v2\/posts"}],"about":[{"href":"https:\/\/www.hashtag.al\/index.php\/wp-json\/wp\/v2\/types\/post"}],"author":[{"embeddable":true,"href":"https:\/\/www.hashtag.al\/index.php\/wp-json\/wp\/v2\/users\/49"}],"replies":[{"embeddable":true,"href":"https:\/\/www.hashtag.al\/index.php\/wp-json\/wp\/v2\/comments?post=712489"}],"version-history":[{"count":99999,"href":"https:\/\/www.hashtag.al\/index.php\/wp-json\/wp\/v2\/posts\/712489\/revisions"}],"predecessor-version":[{"id":712508,"href":"https:\/\/www.hashtag.al\/index.php\/wp-json\/wp\/v2\/posts\/712489\/revisions\/712508"}],"wp:featuredmedia":[{"embeddable":true,"href":"https:\/\/www.hashtag.al\/index.php\/wp-json\/wp\/v2\/media\/712493"}],"wp:attachment":[{"href":"https:\/\/www.hashtag.al\/index.php\/wp-json\/wp\/v2\/media?parent=712489"}],"wp:term":[{"taxonomy":"category","embeddable":true,"href":"https:\/\/www.hashtag.al\/index.php\/wp-json\/wp\/v2\/categories?post=712489"},{"taxonomy":"post_tag","embeddable":true,"href":"https:\/\/www.hashtag.al\/index.php\/wp-json\/wp\/v2\/tags?post=712489"}],"curies":[{"name":"wp","href":"https:\/\/api.w.org\/{rel}","templated":true}]}}