{"id":712289,"date":"2024-11-30T19:48:10","date_gmt":"2024-11-30T18:48:10","guid":{"rendered":"https:\/\/www.hashtag.al\/?p=712289"},"modified":"2024-11-30T19:48:10","modified_gmt":"2024-11-30T18:48:10","slug":"autoritetet-ne-kosove-arrestojne-tete-persona-dhe-sekuestrojne-armatim-serbia-i-quan-arrestimet-politike","status":"publish","type":"post","link":"https:\/\/www.hashtag.al\/index.php\/2024\/11\/30\/autoritetet-ne-kosove-arrestojne-tete-persona-dhe-sekuestrojne-armatim-serbia-i-quan-arrestimet-politike\/","title":{"rendered":"Autoritetet n\u00eb Kosov\u00eb arrestojn\u00eb tet\u00eb persona dhe sekuestrojn\u00eb armatim. Serbia i quan arrestimet politike","gt_translate_keys":[{"key":"rendered","format":"text"}]},"content":{"rendered":"<p><span style=\"color: #000000;\"><a style=\"color: #000000;\" href=\"https:\/\/www.hashtag.al\/wp-content\/uploads\/2024\/11\/armatim-zubin-potok-svecla.jpg\"><img loading=\"lazy\" decoding=\"async\" class=\"aligncenter size-full wp-image-712290\" src=\"https:\/\/www.hashtag.al\/wp-content\/uploads\/2024\/11\/armatim-zubin-potok-svecla.jpg\" alt=\"\" width=\"600\" height=\"360\" srcset=\"https:\/\/www.hashtag.al\/wp-content\/uploads\/2024\/11\/armatim-zubin-potok-svecla.jpg 600w, https:\/\/www.hashtag.al\/wp-content\/uploads\/2024\/11\/armatim-zubin-potok-svecla-300x180.jpg 300w\" sizes=\"auto, (max-width: 600px) 100vw, 600px\" \/><\/a><\/span><\/p>\n<p><span style=\"color: #000000;\">Ministri i Pun\u00ebve t\u00eb Brendshme t\u00eb Kosov\u00ebs, Xhelal Sve\u00e7la, ka th\u00ebn\u00eb se pas aktit terrorist t\u00eb s\u00eb premtes, kur u d\u00ebmtua me eksploziv kanali i Ib\u00ebr \u2013 Lepencit, policia ka arrestuar tet\u00eb persona n\u00eb veri t\u00eb vendit dhe ka konfiskuar nj\u00eb arsenal arm\u00ebsh t\u00eb konsideruesh\u00ebm.<\/span><\/p>\n<p><span style=\"color: #000000;\">Sve\u00e7la u shpreh se sulmi i fundit ndaj infrastruktur\u00ebs jetike \u00ebsht\u00eb m\u00eb i r\u00ebndi n\u00eb Kosov\u00eb q\u00eb nga paslufta.<\/span><\/p>\n<p><span style=\"color: #000000;\">\u201c<em>Jan\u00eb sulme t\u00eb cilat dirigjohen nga Serbia. Sulmi m\u00eb kritik, m\u00eb i r\u00ebnd\u00eb pas p\u00ebrfundimit t\u00eb luft\u00ebs. Ne p\u00ebr k\u00ebt\u00eb mbajm\u00eb p\u00ebrgjegj\u00ebs Beogradin zyrtar. Ky sulm terrorist \u00ebsht\u00eb i mir\u00eb organizuar, i organizuar nga grupe apo organizata q\u00eb jan\u00eb profesioniste, t\u00eb cilat shkaktojn\u00eb d\u00ebme t\u00eb m\u00ebdha ndaj infrastruktur\u00ebs kritike. Synimi i tyre ka qen\u00eb t\u00eb maksimalizohet d\u00ebmtimi ndaj shtetit t\u00eb Kosov\u00ebs dhe qytetar\u00ebve t\u00eb saj<\/em>\u201d, ka th\u00ebn\u00eb ai.<\/span><\/p>\n<p><span style=\"color: #000000;\">Sve\u00e7la deklaroi se institucionet tashm\u00eb kan\u00eb nisur aktivitetet p\u00ebr t\u00eb zbardhur ngjarjen.<\/span><\/p>\n<p><span style=\"color: #000000;\">\u00a0\u201c<em>Pas hetimeve intensive, sot n\u00eb or\u00ebt e m\u00ebngjesit n\u00eb 10 lokacione kemi realizuar kontrolle, ku jan\u00eb arrestuar 8 persona si t\u00eb dyshuar p\u00ebr p\u00ebrfshirje n\u00eb veprime kriminale dhe terroriste. Kontrolli \u00ebsht\u00eb realizuar n\u00eb bashk\u00ebpunim me organet e drejt\u00ebsis\u00eb dhe AKI-n\u00eb. N\u00eb k\u00ebto aksione jan\u00eb konfiskuar arm\u00eb, eksploziv\u00eb, uniforma e gj\u00ebra tjera q\u00eb do t\u2019i sh\u00ebrbejn\u00eb hetimit<\/em>\u201d, tha Sve\u00e7la.<\/span><\/p>\n<p><span style=\"color: #000000;\">Sve\u00e7la theksoi se institucionet e Kosov\u00ebs do t\u00eb parandalojn\u00eb aktet e tilla terroriste n\u00eb t\u00eb ardhmen dhe t\u00eb zbardhet ky rast dhe p\u00ebrgjegj\u00ebsit\u00eb t\u00eb marrin d\u00ebnimin e merituar.<\/span><\/p>\n<p><span style=\"color: #000000;\">Ministri i Pun\u00ebve t\u00eb Brendshme ka deklaruar se shumica e pajisjeve jan\u00eb t\u00eb prodhimit serb, por q\u00eb disa pajisje jan\u00eb ekskluzive ushtarake q\u00eb nuk gjenden as n\u00eb tregun e zi.<\/span><\/p>\n<p><span style=\"color: #000000;\">\u201c<em>Eksplozivi i p\u00ebrdorur mbr\u00ebm\u00eb \u00ebsht\u00eb material q\u00eb v\u00ebshtir\u00eb q\u00eb gjendet, pos q\u00eb furnizimet jan\u00eb nga magazinat e ushtris\u00eb. Ne besojm\u00eb se ato kan\u00eb dal\u00eb nga magazinat e ushtris\u00eb s\u00eb Serbis\u00eb. Policia e Kosov\u00ebs do ta verifikoj\u00eb k\u00ebt\u00eb<\/em>\u201d, ka shtuar Sve\u00e7la.<\/span><\/p>\n<p><span style=\"color: #000000;\">P\u00ebr arrestimet kan\u00eb reaguar edhe nga eribia t\u00eb cil\u00ebt thon\u00eb se arrestimet jan\u00eb politike dhe se Ib\u00ebr=Lepenci ishte preteksti.<\/span><\/p>\n<p><span style=\"color: #000000;\">\u201c<em>Gjat\u00eb dit\u00ebs, skuadrat kriminale t\u00eb Kurtit hyn\u00eb n\u00eb sht\u00ebpit\u00eb e sht\u00ebpive dhe familjeve serbe n\u00eb Zubin Potok, thyen dyer dhe dritare, i pla\u00e7kit\u00ebn me gisht n\u00eb k\u00ebmb\u00ebz dhe t\u00eb gjitha me pretekstin e veprimit n\u00eb rastin e Ib\u00ebr-Lepencit<\/em>\u201d, thuhet n\u00eb reagimin zyrtar.<\/span><\/p>\n","protected":false,"gt_translate_keys":[{"key":"rendered","format":"html"}]},"excerpt":{"rendered":"<p>Ministri i Pun\u00ebve t\u00eb Brendshme t\u00eb Kosov\u00ebs, Xhelal Sve\u00e7la, ka th\u00ebn\u00eb se pas aktit terrorist t\u00eb s\u00eb premtes, kur u d\u00ebmtua me eksploziv kanali i Ib\u00ebr \u2013 Lepencit, policia ka arrestuar tet\u00eb persona n\u00eb veri t\u00eb vendit dhe ka konfiskuar nj\u00eb arsenal arm\u00ebsh t\u00eb konsideruesh\u00ebm. Sve\u00e7la u shpreh se sulmi i fundit ndaj infrastruktur\u00ebs jetike [&hellip;]<\/p>\n","protected":false,"gt_translate_keys":[{"key":"rendered","format":"html"}]},"author":32,"featured_media":712290,"comment_status":"closed","ping_status":"open","sticky":false,"template":"","format":"standard","meta":{"footnotes":""},"categories":[149,6],"tags":[],"class_list":["post-712289","post","type-post","status-publish","format-standard","has-post-thumbnail","hentry","category-kosoverajon","category-nderkombetare"],"gt_translate_keys":[{"key":"link","format":"url"}],"_links":{"self":[{"href":"https:\/\/www.hashtag.al\/index.php\/wp-json\/wp\/v2\/posts\/712289","targetHints":{"allow":["GET"]}}],"collection":[{"href":"https:\/\/www.hashtag.al\/index.php\/wp-json\/wp\/v2\/posts"}],"about":[{"href":"https:\/\/www.hashtag.al\/index.php\/wp-json\/wp\/v2\/types\/post"}],"author":[{"embeddable":true,"href":"https:\/\/www.hashtag.al\/index.php\/wp-json\/wp\/v2\/users\/32"}],"replies":[{"embeddable":true,"href":"https:\/\/www.hashtag.al\/index.php\/wp-json\/wp\/v2\/comments?post=712289"}],"version-history":[{"count":99999,"href":"https:\/\/www.hashtag.al\/index.php\/wp-json\/wp\/v2\/posts\/712289\/revisions"}],"predecessor-version":[{"id":712291,"href":"https:\/\/www.hashtag.al\/index.php\/wp-json\/wp\/v2\/posts\/712289\/revisions\/712291"}],"wp:featuredmedia":[{"embeddable":true,"href":"https:\/\/www.hashtag.al\/index.php\/wp-json\/wp\/v2\/media\/712290"}],"wp:attachment":[{"href":"https:\/\/www.hashtag.al\/index.php\/wp-json\/wp\/v2\/media?parent=712289"}],"wp:term":[{"taxonomy":"category","embeddable":true,"href":"https:\/\/www.hashtag.al\/index.php\/wp-json\/wp\/v2\/categories?post=712289"},{"taxonomy":"post_tag","embeddable":true,"href":"https:\/\/www.hashtag.al\/index.php\/wp-json\/wp\/v2\/tags?post=712289"}],"curies":[{"name":"wp","href":"https:\/\/api.w.org\/{rel}","templated":true}]}}