{"id":712257,"date":"2024-11-30T14:30:02","date_gmt":"2024-11-30T13:30:02","guid":{"rendered":"https:\/\/www.hashtag.al\/?p=712257"},"modified":"2024-11-30T14:30:02","modified_gmt":"2024-11-30T13:30:02","slug":"politikane-te-larte-te-implikuar-te-dosja-toyota-yaris-berisha-kam-dokumentet-do-i-bej-publike","status":"publish","type":"post","link":"https:\/\/www.hashtag.al\/index.php\/2024\/11\/30\/politikane-te-larte-te-implikuar-te-dosja-toyota-yaris-berisha-kam-dokumentet-do-i-bej-publike\/","title":{"rendered":"&#8220;Politikan\u00eb t\u00eb lart\u00eb t\u00eb implikuar te dosja \u201cToyota Yaris&#8221;- Berisha: Kam dokumentet, do i b\u00ebj publike","gt_translate_keys":[{"key":"rendered","format":"text"}]},"content":{"rendered":"<p style=\"text-align: left;\"><span style=\"color: #000000;\"><img loading=\"lazy\" decoding=\"async\" class=\" wp-image-710749 aligncenter\" src=\"https:\/\/www.hashtag.al\/wp-content\/uploads\/2024\/11\/berishas-1-300x153.png\" alt=\"\" width=\"810\" height=\"413\" srcset=\"https:\/\/www.hashtag.al\/wp-content\/uploads\/2024\/11\/berishas-1-300x153.png 300w, https:\/\/www.hashtag.al\/wp-content\/uploads\/2024\/11\/berishas-1-1024x521.png 1024w, https:\/\/www.hashtag.al\/wp-content\/uploads\/2024\/11\/berishas-1-768x391.png 768w, https:\/\/www.hashtag.al\/wp-content\/uploads\/2024\/11\/berishas-1-568x290.png 568w, https:\/\/www.hashtag.al\/wp-content\/uploads\/2024\/11\/berishas-1.png 1046w\" sizes=\"auto, (max-width: 810px) 100vw, 810px\" \/><\/span><\/p>\n<p style=\"text-align: left;\"><span style=\"color: #000000;\">Ish-kryeministri Sali Berisha u shpreh gjat\u00eb konferenc\u00ebs me gazetar\u00ebt nga selia e PD se disponon dokumente p\u00ebr politikan\u00eb t\u00eb r\u00ebnd\u00ebsish\u00ebm n\u00eb vend, t\u00eb implikuar n\u00eb dosjen e \u201cToyota Yaris\u201d.<\/span><\/p>\n<p style=\"text-align: left;\"><span style=\"color: #000000;\">Ai paralajm\u00ebroi se do t\u2019i b\u00ebj\u00eb publike dokumentet n\u00eb t\u00eb cilat sipas tij ka t\u00eb dh\u00ebna p\u00ebrv\u00ebluese p\u00ebr zyrtar\u00eb t\u00eb lart\u00eb.<\/span><\/p>\n<div id=\"taboola-sponsored-mid-article\" class=\"trc_related_container tbl-trecs-container trc_spotlight_widget trc_elastic trc_elastic_sc-ma-balkanweb\" style=\"text-align: left;\" data-placement-name=\"Sponsored Mid Article\">\n<div class=\"trc_rbox_container\">\n<div>\n<div id=\"trc_wrapper_4764834018\" class=\"trc_rbox sc-ma-balkanweb trc-content-sponsored\">\n<div id=\"outer_4764834018\" class=\"trc_rbox_outer\">\n<div id=\"rbox-t2m\" class=\"trc_rbox_div trc_rbox_border_elm\">\n<div id=\"internal_trc_4764834018\">\n<div class=\"videoCube trc_spotlight_item origin-default photoItem thumbnail_top videoCube_1_child syndicatedItem trc-first-recommendation trc-spotlight-first-recommendation trc_excludable\" data-item-id=\"~~V1~~3956827788456586418~~aHDkWRbD1G46DMwYlPrsbeZaPrX2sX_bzrA-RK7GsdB9_9IWyVTZYEw3zPc60dwzHu_TYvngZ3fIkOCpr71_kAqE0_yL1hRu0U20mv8_l15pjjQjX0Sb8UsFEg9Sqc5-wYSR4F1leDrmPtE6MRbLP8xwM9vnrM__lwNlNYuqS15iGYfD1HAjUJasSkqF-C4l8FVvB3EAALxt-faU4cAhPYctLEPB7fGHq11hYdI2DEs\" data-item-title=\"30 photos that really make you think\" data-item-thumb=\"https:\/\/cdn.taboola.com\/libtrc\/static\/thumbnails\/e176dbefd5d3072b505973f299d84f5a.png\" data-item-syndicated=\"true\">\n<div class=\"thumbBlock_holder\"><\/div>\n<\/div>\n<\/div>\n<\/div>\n<\/div>\n<\/div>\n<\/div>\n<\/div>\n<\/div>\n<p style=\"text-align: left;\"><span style=\"color: #000000;\"><em>\u201cGjith\u00e7ka disponon Sali Berisha, do t\u00eb ua paraqes\u00eb ju.<\/em><\/span><\/p>\n<p style=\"text-align: left;\"><span style=\"color: #000000;\"><em> Po kam dokumente p\u00ebr politikan\u00eb t\u00eb lart\u00eb, direkt t\u00eb implikuar dhe un\u00eb do t\u2019i paraqes para jush. Un\u00eb ju thash\u00eb, sepse shum\u00eb e drejt\u00eb pyetja e shtruar. <\/em><\/span><\/p>\n<p style=\"text-align: left;\"><span style=\"color: #000000;\"><em>Pse e quan Skapin organizat\u00eb kriminale, \u00ebsht\u00eb gj\u00eb shum\u00eb e r\u00ebnd\u00eb, apo s\u2019\u00ebsht\u00eb. Nuk mund ta quaja kurr\u00eb n\u00ebse nuk do t\u00eb kisha ato dokumente. <\/em><\/span><\/p>\n<p style=\"text-align: left;\"><span style=\"color: #000000;\"><em>Nuk shkon. <\/em><\/span><\/p>\n<p style=\"text-align: left;\"><span style=\"color: #000000;\"><em>Kurse ai \u00ebsht\u00eb kreu i nj\u00eb organizate kriminale se fle mbi to.<\/em><\/span><\/p>\n<p style=\"text-align: left;\"><span style=\"color: #000000;\"><em> Fle mbi to se e kan\u00eb kapur mat me Ymer Lal\u00ebn, p\u00ebr arsye se Luftar Re\u00e7i e ka denoncuar Ymer Lal\u00ebn p\u00ebr vrasje dhe zot\u00ebria e tij n\u00eb 19 pyetje si ka b\u00ebr\u00eb asnj\u00eb pyetje p\u00ebr vrasjen dhe e ka ekzauruar nga vrasja.<\/em><\/span><\/p>\n<p style=\"text-align: left;\"><span style=\"color: #000000;\"><em> Pra ata q\u00eb menduan se duke m\u00eb ndryr\u00eb mua n\u00eb arrest n\u00eb sht\u00ebpi, do t\u00eb mund t\u00eb shp\u00ebtonin nga t\u00eb v\u00ebrtetat, tani do t\u00eb p\u00ebrv\u00eblohen prej tyre\u201d,<\/em> u shpreh Berisha.<\/span><\/p>\n","protected":false,"gt_translate_keys":[{"key":"rendered","format":"html"}]},"excerpt":{"rendered":"<p>Ish-kryeministri Sali Berisha u shpreh gjat\u00eb konferenc\u00ebs me gazetar\u00ebt nga selia e PD se disponon dokumente p\u00ebr politikan\u00eb t\u00eb r\u00ebnd\u00ebsish\u00ebm n\u00eb vend, t\u00eb implikuar n\u00eb dosjen e \u201cToyota Yaris\u201d. Ai paralajm\u00ebroi se do t\u2019i b\u00ebj\u00eb publike dokumentet n\u00eb t\u00eb cilat sipas tij ka t\u00eb dh\u00ebna p\u00ebrv\u00ebluese p\u00ebr zyrtar\u00eb t\u00eb lart\u00eb. \u201cGjith\u00e7ka disponon Sali Berisha, do [&hellip;]<\/p>\n","protected":false,"gt_translate_keys":[{"key":"rendered","format":"html"}]},"author":49,"featured_media":710749,"comment_status":"closed","ping_status":"open","sticky":false,"template":"","format":"standard","meta":{"footnotes":""},"categories":[65],"tags":[],"class_list":["post-712257","post","type-post","status-publish","format-standard","has-post-thumbnail","hentry","category-lajme"],"gt_translate_keys":[{"key":"link","format":"url"}],"_links":{"self":[{"href":"https:\/\/www.hashtag.al\/index.php\/wp-json\/wp\/v2\/posts\/712257","targetHints":{"allow":["GET"]}}],"collection":[{"href":"https:\/\/www.hashtag.al\/index.php\/wp-json\/wp\/v2\/posts"}],"about":[{"href":"https:\/\/www.hashtag.al\/index.php\/wp-json\/wp\/v2\/types\/post"}],"author":[{"embeddable":true,"href":"https:\/\/www.hashtag.al\/index.php\/wp-json\/wp\/v2\/users\/49"}],"replies":[{"embeddable":true,"href":"https:\/\/www.hashtag.al\/index.php\/wp-json\/wp\/v2\/comments?post=712257"}],"version-history":[{"count":99999,"href":"https:\/\/www.hashtag.al\/index.php\/wp-json\/wp\/v2\/posts\/712257\/revisions"}],"predecessor-version":[{"id":712258,"href":"https:\/\/www.hashtag.al\/index.php\/wp-json\/wp\/v2\/posts\/712257\/revisions\/712258"}],"wp:featuredmedia":[{"embeddable":true,"href":"https:\/\/www.hashtag.al\/index.php\/wp-json\/wp\/v2\/media\/710749"}],"wp:attachment":[{"href":"https:\/\/www.hashtag.al\/index.php\/wp-json\/wp\/v2\/media?parent=712257"}],"wp:term":[{"taxonomy":"category","embeddable":true,"href":"https:\/\/www.hashtag.al\/index.php\/wp-json\/wp\/v2\/categories?post=712257"},{"taxonomy":"post_tag","embeddable":true,"href":"https:\/\/www.hashtag.al\/index.php\/wp-json\/wp\/v2\/tags?post=712257"}],"curies":[{"name":"wp","href":"https:\/\/api.w.org\/{rel}","templated":true}]}}