{"id":712236,"date":"2024-11-30T14:01:43","date_gmt":"2024-11-30T13:01:43","guid":{"rendered":"https:\/\/www.hashtag.al\/?p=712236"},"modified":"2024-11-30T14:05:24","modified_gmt":"2024-11-30T13:05:24","slug":"konsultime-me-prinderit-per-ndalimin-e-tiktok-ut-rama-per-keto-platforma-jemi-mallra-dhe-kode","status":"publish","type":"post","link":"https:\/\/www.hashtag.al\/index.php\/2024\/11\/30\/konsultime-me-prinderit-per-ndalimin-e-tiktok-ut-rama-per-keto-platforma-jemi-mallra-dhe-kode\/","title":{"rendered":"Konsultime me prind\u00ebrit p\u00ebr ndalimin e TikTok-ut, Rama: P\u00ebr k\u00ebto platforma jemi mallra dhe kode","gt_translate_keys":[{"key":"rendered","format":"text"}]},"content":{"rendered":"<p><span style=\"color: #000000;\"><img loading=\"lazy\" decoding=\"async\" class=\" wp-image-712237 aligncenter\" src=\"https:\/\/www.hashtag.al\/wp-content\/uploads\/2024\/11\/Screenshot-2024-11-30-123923-300x193.png\" alt=\"\" width=\"909\" height=\"585\" srcset=\"https:\/\/www.hashtag.al\/wp-content\/uploads\/2024\/11\/Screenshot-2024-11-30-123923-300x193.png 300w, https:\/\/www.hashtag.al\/wp-content\/uploads\/2024\/11\/Screenshot-2024-11-30-123923-768x493.png 768w\" sizes=\"auto, (max-width: 909px) 100vw, 909px\" \/><\/span><\/p>\n<p><span style=\"color: #000000;\">Kryeministri Edi Rama dhe Ministrja e Arsimit, Ogerta Manastirliu, zhvilluan nj\u00eb takim k\u00ebshillues me prind\u00ebrit n\u00eb shkoll\u00ebn &#8220;Janaq Kilica&#8221; p\u00ebr t\u00eb diskutuar ndikimin e rrjeteve sociale, si TikTok, n\u00eb jet\u00ebn e f\u00ebmij\u00ebve dhe adoleshent\u00ebve.<\/span><\/p>\n<p><span style=\"color: #000000;\">N\u00eb fjal\u00ebn e tij, Rama theksoi se f\u00ebmij\u00ebt dhe t\u00eb rinjt\u00eb jetojn\u00eb n\u00ebn nj\u00eb presion t\u00eb madh nga platformat e mediave sociale dhe nga lajmet shpesh t\u00eb pasakta q\u00eb p\u00ebrhapen n\u00eb to, si dhe nga mediat vendase.<\/span><\/p>\n<div id=\"taboola-sponsored-mid-article\" class=\"trc_related_container tbl-trecs-container trc_spotlight_widget trc_elastic trc_elastic_sc-ma-balkanweb\" data-placement-name=\"Sponsored Mid Article\">\n<div class=\"trc_rbox_container\">\n<div>\n<div id=\"trc_wrapper_82446068\" class=\"trc_rbox sc-ma-balkanweb trc-content-sponsored\">\n<div id=\"outer_82446068\" class=\"trc_rbox_outer\">\n<div id=\"rbox-t2m\" class=\"trc_rbox_div trc_rbox_border_elm\">\n<div id=\"internal_trc_82446068\">\n<div class=\"videoCube trc_spotlight_item origin-default photoItem thumbnail_top videoCube_1_child syndicatedItem trc-first-recommendation trc-spotlight-first-recommendation trc_excludable\" data-item-id=\"~~V1~~5280146807646932684~~Qq9qyVl78itFn1Moxh4g6QUUQQvoF1hmm-ib6_42-rbnoZueAsnM0UTkqRiz-o8uV9GNaet_FWxUAZ9PPPsFwUyJYxWkfFq05ManJcdrica8MK8JKNm4hqQrR0jmYK9WUCkIAOvO3GJ8l6VRmVyzw1o_WEBYH_1Qgr6xH3CGqrPtWQ4PJW7nz3LbTbvf3t7X0DienrMXtv3R6ZWqDZ17265GhOuV8HV3rClFCM_4Uzg\" data-item-title=\"Wife won't let go of dog, husband finds out why and calls police - watch!\" data-item-thumb=\"https:\/\/content-cdn.happyinshape.com\/uploads\/2024\/06\/dog-wife00.webp\" data-item-syndicated=\"true\">\n<div class=\"thumbBlock_holder\">\n<div class=\"motion-ads-container is-playing\">\n<p class=\"selectable-text copyable-text x15bjb6t x1n2onr6\" dir=\"ltr\"><em><span class=\"selectable-text copyable-text false\" style=\"color: #000000;\">&#8220;Jo nj\u00eb por disa nga prind\u00ebrit duke folur p\u00ebr rrjetet sociale ngriti shqet\u00ebsimin q\u00eb presioni i jasht\u00ebm i k\u00ebtyre lloj platformave, mbingarkohet n\u00eb m\u00ebnyr\u00eb t\u00eb jasht\u00ebzakonshme edhe nga platformat mediatike brenda vendit.<\/span><\/em><\/p>\n<p class=\"selectable-text copyable-text x15bjb6t x1n2onr6\" dir=\"ltr\"><em><span class=\"selectable-text copyable-text false\" style=\"color: #000000;\">Nuk e sjell k\u00ebt\u00eb k\u00ebtu p\u00ebr t\u00eb folur p\u00ebr mediat por p\u00ebr t\u00eb kornizuar sfid\u00ebn q\u00eb ka sot nj\u00eb familje q\u00eb ka sot edhe t\u00eb rriturit q\u00eb jan\u00eb prind\u00ebr p\u00ebrball\u00eb k\u00ebtij presioni q\u00eb rrit tensionin e konfuzionin edhe e b\u00ebn m\u00eb t\u00eb v\u00ebshtir\u00eb t\u00eb kesh qet\u00ebsin\u00eb q\u00eb duhet q\u00eb t\u00eb merresh me pjes\u00ebn e m\u00eb t\u00eb vegj\u00eblve n\u00eb familje e shkolla.<\/span><\/em><\/p>\n<p class=\"selectable-text copyable-text x15bjb6t x1n2onr6\" dir=\"ltr\"><em><span class=\"selectable-text copyable-text false\" style=\"color: #000000;\">Edhe m\u00ebsuesit jan\u00eb n\u00ebn k\u00ebt\u00eb presion, nj\u00eb furtun\u00eb e madhe lajmesh shpesh gjysm\u00eb t\u00eb v\u00ebrteta.<\/span><\/em><\/p>\n<p class=\"selectable-text copyable-text x15bjb6t x1n2onr6\" dir=\"ltr\"><em><span class=\"selectable-text copyable-text false\" style=\"color: #000000;\">Nj\u00eb lum i madh njer\u00ebzish q\u00eb flasin e zihen, nj\u00eb m\u00ebnyr\u00eb komunikimi n\u00eb mexhilis p\u00ebrmes ekraneve q\u00eb \u00ebsht\u00eb shqet\u00ebsuese, dhe kulmon aty ku normalisht duhet t\u00eb kishte si minimum nj\u00eb etik\u00eb komunikimi q\u00eb \u00ebsht\u00eb salla e Kuvendit.<\/span><\/em><\/p>\n<p><em><span style=\"color: #000000;\">N\u00eb gjith\u00eb k\u00ebt\u00eb vorbull hyjn\u00eb f\u00ebmij\u00ebt q\u00eb ve\u00e7 t\u00eb tjerash jetojn\u00eb n\u00eb dy bot\u00eb komplet paralele, ajo e mediave dhe e klas\u00ebs-sht\u00ebpis\u00eb dhe ekraneve t\u00eb rrjeteve sociale.<\/span><\/em><\/p>\n<\/div>\n<\/div>\n<\/div>\n<\/div>\n<\/div>\n<\/div>\n<\/div>\n<\/div>\n<\/div>\n<\/div>\n<p><span style=\"color: #000000;\"><em>P\u00ebr platformat ne nuk jemi persona, por mallra si\u00e7 blem\u00eb ne n\u00eb markete me kodet p\u00ebrkat\u00ebse, nga kjo vepron edhe algoritmi\u201d,<\/em>\u00a0u shpreh ai.<\/span><\/p>\n","protected":false,"gt_translate_keys":[{"key":"rendered","format":"html"}]},"excerpt":{"rendered":"<p>Kryeministri Edi Rama dhe Ministrja e Arsimit, Ogerta Manastirliu, zhvilluan nj\u00eb takim k\u00ebshillues me prind\u00ebrit n\u00eb shkoll\u00ebn &#8220;Janaq Kilica&#8221; p\u00ebr t\u00eb diskutuar ndikimin e rrjeteve sociale, si TikTok, n\u00eb jet\u00ebn e f\u00ebmij\u00ebve dhe adoleshent\u00ebve. N\u00eb fjal\u00ebn e tij, Rama theksoi se f\u00ebmij\u00ebt dhe t\u00eb rinjt\u00eb jetojn\u00eb n\u00ebn nj\u00eb presion t\u00eb madh nga platformat e mediave [&hellip;]<\/p>\n","protected":false,"gt_translate_keys":[{"key":"rendered","format":"html"}]},"author":49,"featured_media":712237,"comment_status":"closed","ping_status":"open","sticky":false,"template":"","format":"standard","meta":{"footnotes":""},"categories":[65],"tags":[],"class_list":["post-712236","post","type-post","status-publish","format-standard","has-post-thumbnail","hentry","category-lajme"],"gt_translate_keys":[{"key":"link","format":"url"}],"_links":{"self":[{"href":"https:\/\/www.hashtag.al\/index.php\/wp-json\/wp\/v2\/posts\/712236","targetHints":{"allow":["GET"]}}],"collection":[{"href":"https:\/\/www.hashtag.al\/index.php\/wp-json\/wp\/v2\/posts"}],"about":[{"href":"https:\/\/www.hashtag.al\/index.php\/wp-json\/wp\/v2\/types\/post"}],"author":[{"embeddable":true,"href":"https:\/\/www.hashtag.al\/index.php\/wp-json\/wp\/v2\/users\/49"}],"replies":[{"embeddable":true,"href":"https:\/\/www.hashtag.al\/index.php\/wp-json\/wp\/v2\/comments?post=712236"}],"version-history":[{"count":99999,"href":"https:\/\/www.hashtag.al\/index.php\/wp-json\/wp\/v2\/posts\/712236\/revisions"}],"predecessor-version":[{"id":712256,"href":"https:\/\/www.hashtag.al\/index.php\/wp-json\/wp\/v2\/posts\/712236\/revisions\/712256"}],"wp:featuredmedia":[{"embeddable":true,"href":"https:\/\/www.hashtag.al\/index.php\/wp-json\/wp\/v2\/media\/712237"}],"wp:attachment":[{"href":"https:\/\/www.hashtag.al\/index.php\/wp-json\/wp\/v2\/media?parent=712236"}],"wp:term":[{"taxonomy":"category","embeddable":true,"href":"https:\/\/www.hashtag.al\/index.php\/wp-json\/wp\/v2\/categories?post=712236"},{"taxonomy":"post_tag","embeddable":true,"href":"https:\/\/www.hashtag.al\/index.php\/wp-json\/wp\/v2\/tags?post=712236"}],"curies":[{"name":"wp","href":"https:\/\/api.w.org\/{rel}","templated":true}]}}