{"id":711650,"date":"2024-11-27T10:48:26","date_gmt":"2024-11-27T09:48:26","guid":{"rendered":"https:\/\/www.hashtag.al\/?p=711650"},"modified":"2024-11-27T10:51:00","modified_gmt":"2024-11-27T09:51:00","slug":"gjkko-liron-berishen-gjekmarkaj-fitorja-e-trump-arrin-dhe-ne-shqiperi-era-e-ndryshimit-po-vjen","status":"publish","type":"post","link":"https:\/\/www.hashtag.al\/index.php\/2024\/11\/27\/gjkko-liron-berishen-gjekmarkaj-fitorja-e-trump-arrin-dhe-ne-shqiperi-era-e-ndryshimit-po-vjen\/","title":{"rendered":"GJKKO liron Berish\u00ebn, Gjekmarkaj: Era e ndryshimit po vjen","gt_translate_keys":[{"key":"rendered","format":"text"}]},"content":{"rendered":"<p><span style=\"color: #000000;\"><img loading=\"lazy\" decoding=\"async\" class=\" wp-image-694429 aligncenter\" src=\"https:\/\/www.hashtag.al\/wp-content\/uploads\/2024\/08\/Agron-Gjekmarkaj-1-300x178.jpg\" alt=\"\" width=\"797\" height=\"473\" srcset=\"https:\/\/www.hashtag.al\/wp-content\/uploads\/2024\/08\/Agron-Gjekmarkaj-1-300x178.jpg 300w, https:\/\/www.hashtag.al\/wp-content\/uploads\/2024\/08\/Agron-Gjekmarkaj-1-768x457.jpg 768w, https:\/\/www.hashtag.al\/wp-content\/uploads\/2024\/08\/Agron-Gjekmarkaj-1.jpg 799w\" sizes=\"auto, (max-width: 797px) 100vw, 797px\" \/><\/span><\/p>\n<p><span style=\"color: #000000;\">Menj\u00ebher\u00eb pas heqjes s\u00eb mas\u00ebs s\u00eb \u201carrest sht\u00ebpie\u201d ndaj Sali Berish\u00ebs, me vendim t\u00eb Gjykat\u00ebs s\u00eb Posa\u00e7me ka reaguar edhe n\u00ebnkryetari i PD, Agron Gjekmarkaj.<\/span><\/p>\n<p><span style=\"color: #000000;\"><em>\u201cFitorja e Tramp arrin dhe n\u00eb Shqip\u00ebri! Lirohet lideri i opozit\u00ebs Prof. Dr. Sali Berisha! Era e ndryshimit po vjen n\u00eb vendin ton\u00eb!\u201d,<\/em> shkruan Gjekmarkaj.<\/span><\/p>\n<div id=\"taboola-sponsored-mid-article\" class=\"trc_related_container tbl-trecs-container trc_spotlight_widget trc_elastic trc_elastic_sc-ma-balkanweb\" data-placement-name=\"Sponsored Mid Article\">\n<div id=\"vtaboola-sponsored-mid-article-video\"><\/div>\n<\/div>\n<p><span style=\"color: #000000;\">Gjykata e Posa\u00e7me ka dh\u00ebn\u00eb vendimin p\u00ebr heqjen e mas\u00ebs s\u00eb arrestit sht\u00ebpiak p\u00ebr Berish\u00ebn dit\u00ebn e sotme.<\/span><\/p>\n<p>&nbsp;<\/p>\n","protected":false,"gt_translate_keys":[{"key":"rendered","format":"html"}]},"excerpt":{"rendered":"<p>Menj\u00ebher\u00eb pas heqjes s\u00eb mas\u00ebs s\u00eb \u201carrest sht\u00ebpie\u201d ndaj Sali Berish\u00ebs, me vendim t\u00eb Gjykat\u00ebs s\u00eb Posa\u00e7me ka reaguar edhe n\u00ebnkryetari i PD, Agron Gjekmarkaj. \u201cFitorja e Tramp arrin dhe n\u00eb Shqip\u00ebri! Lirohet lideri i opozit\u00ebs Prof. Dr. Sali Berisha! Era e ndryshimit po vjen n\u00eb vendin ton\u00eb!\u201d, shkruan Gjekmarkaj. Gjykata e Posa\u00e7me ka dh\u00ebn\u00eb [&hellip;]<\/p>\n","protected":false,"gt_translate_keys":[{"key":"rendered","format":"html"}]},"author":49,"featured_media":694429,"comment_status":"closed","ping_status":"open","sticky":false,"template":"","format":"standard","meta":{"footnotes":""},"categories":[65],"tags":[],"class_list":["post-711650","post","type-post","status-publish","format-standard","has-post-thumbnail","hentry","category-lajme"],"gt_translate_keys":[{"key":"link","format":"url"}],"_links":{"self":[{"href":"https:\/\/www.hashtag.al\/index.php\/wp-json\/wp\/v2\/posts\/711650","targetHints":{"allow":["GET"]}}],"collection":[{"href":"https:\/\/www.hashtag.al\/index.php\/wp-json\/wp\/v2\/posts"}],"about":[{"href":"https:\/\/www.hashtag.al\/index.php\/wp-json\/wp\/v2\/types\/post"}],"author":[{"embeddable":true,"href":"https:\/\/www.hashtag.al\/index.php\/wp-json\/wp\/v2\/users\/49"}],"replies":[{"embeddable":true,"href":"https:\/\/www.hashtag.al\/index.php\/wp-json\/wp\/v2\/comments?post=711650"}],"version-history":[{"count":99999,"href":"https:\/\/www.hashtag.al\/index.php\/wp-json\/wp\/v2\/posts\/711650\/revisions"}],"predecessor-version":[{"id":711652,"href":"https:\/\/www.hashtag.al\/index.php\/wp-json\/wp\/v2\/posts\/711650\/revisions\/711652"}],"wp:featuredmedia":[{"embeddable":true,"href":"https:\/\/www.hashtag.al\/index.php\/wp-json\/wp\/v2\/media\/694429"}],"wp:attachment":[{"href":"https:\/\/www.hashtag.al\/index.php\/wp-json\/wp\/v2\/media?parent=711650"}],"wp:term":[{"taxonomy":"category","embeddable":true,"href":"https:\/\/www.hashtag.al\/index.php\/wp-json\/wp\/v2\/categories?post=711650"},{"taxonomy":"post_tag","embeddable":true,"href":"https:\/\/www.hashtag.al\/index.php\/wp-json\/wp\/v2\/tags?post=711650"}],"curies":[{"name":"wp","href":"https:\/\/api.w.org\/{rel}","templated":true}]}}