{"id":710933,"date":"2024-11-23T09:13:07","date_gmt":"2024-11-23T08:13:07","guid":{"rendered":"https:\/\/www.hashtag.al\/?p=710933"},"modified":"2024-11-23T09:13:07","modified_gmt":"2024-11-23T08:13:07","slug":"turqia-shkarkon-dy-kryetare-opozitare-kurde","status":"publish","type":"post","link":"https:\/\/www.hashtag.al\/index.php\/2024\/11\/23\/turqia-shkarkon-dy-kryetare-opozitare-kurde\/","title":{"rendered":"Turqia shkarkon dy kryetar\u00eb opozitar\u00eb kurd\u00eb","gt_translate_keys":[{"key":"rendered","format":"text"}]},"content":{"rendered":"<p><span style=\"color: #000000;\"><img loading=\"lazy\" decoding=\"async\" class=\" wp-image-710934 aligncenter\" src=\"https:\/\/www.hashtag.al\/wp-content\/uploads\/2024\/11\/Screenshot-2024-11-23-091145-300x168.png\" alt=\"\" width=\"811\" height=\"454\" srcset=\"https:\/\/www.hashtag.al\/wp-content\/uploads\/2024\/11\/Screenshot-2024-11-23-091145-300x168.png 300w, https:\/\/www.hashtag.al\/wp-content\/uploads\/2024\/11\/Screenshot-2024-11-23-091145-1024x572.png 1024w, https:\/\/www.hashtag.al\/wp-content\/uploads\/2024\/11\/Screenshot-2024-11-23-091145-768x429.png 768w, https:\/\/www.hashtag.al\/wp-content\/uploads\/2024\/11\/Screenshot-2024-11-23-091145.png 1077w\" sizes=\"auto, (max-width: 811px) 100vw, 811px\" \/><\/span><\/p>\n<p><span style=\"color: #000000;\">Dy kryetar\u00eb opozitar\u00eb, n\u00eb komunat n\u00eb lindje t\u00eb Turqis\u00eb, jan\u00eb shkarkuar nga detyra pasi u d\u00ebnuan p\u00ebr \u201cterroriz\u00ebm\u201d p\u00ebr shkak se jan\u00eb an\u00ebtar\u00eb t\u00eb nj\u00eb grupi militant kurd t\u00eb ndaluar nga Ankaraja, tha Ministria e Brendshme m\u00eb 22 n\u00ebntor.<\/span><\/p>\n<p><span style=\"color: #000000;\">Edhe n\u00eb muajt paraprak\u00eb, Turqia ka shkarkuar kryetar\u00eb t\u00eb partive prokurde.<\/span><\/p>\n<p><span style=\"color: #000000;\">Kryetar\u00ebt e Tuncelit dhe Ovacikut u d\u00ebnuan secili me gjasht\u00eb vjet e tre muaj burgim gjat\u00eb k\u00ebt\u00eb jav\u00eb p\u00ebr shkak t\u00eb an\u00ebtar\u00ebsimit n\u00eb Partin\u00eb e Pun\u00ebtor\u00ebve t\u00eb Kurdistanit (PPK), e cila kryen nj\u00eb kryengritje ndaj shtetit turk q\u00eb nga viti 1984.<\/span><\/p>\n<p><span style=\"color: #000000;\">Dy kryetar\u00ebt e shkarkuar u z\u00ebvend\u00ebsuan nga administrator\u00eb t\u00eb em\u00ebruara nga shteti, tha Ministria e Brendshme p\u00ebrmes nj\u00eb deklarate.<\/span><\/p>\n<p><span style=\"color: #000000;\">Kryetari i shkarkuar i Tuncelit, Cevdet Konak, \u00ebsht\u00eb an\u00ebtar i partis\u00eb kryesore prokurde t\u00eb Turqis\u00eb.<\/span><\/p>\n<p><span style=\"color: #000000;\">Partia p\u00ebr Barazi dhe Demokraci t\u00eb Popullit \u00ebsht\u00eb shpesh cak i autoriteteve q\u00eb e akuzojn\u00eb at\u00eb p\u00ebr lidhje me PPK-n\u00eb, e cila \u00ebsht\u00eb e shpallur grup terrorist nga Ankaraja dhe aleat\u00ebt e saj per\u00ebndimor\u00eb.<\/span><\/p>\n<p><span style=\"color: #000000;\">Kryetari i shkarkuar i Ovacikut, Mustafa Sarigul, \u00ebsht\u00eb i lidhur me partin\u00eb kryesore opozitare, Partin\u00eb Popullore Republikane (CHP), e cila fitoi zgjedhjet lokale t\u00eb mbajtura n\u00eb fund t\u00eb marsit.<\/span><\/p>\n<p><span style=\"color: #000000;\">T\u00eb dy, Konak dhe Sarigul i than\u00eb mediave lokale t\u00eb enjten se akuzat ndaj tyre ishin t\u00eb pabaza.<\/span><\/p>\n<p><span style=\"color: #000000;\">Protestues t\u00eb zem\u00ebruar u mblodh\u00ebn t\u00eb premten n\u00eb mbr\u00ebmje para bashkis\u00eb s\u00eb Tuncelit, ku disa njer\u00ebz tentuan t\u00eb kalonin nj\u00eb kordon policor, sipas pamjeve t\u00eb publikuara nga disa media lokale.<\/span><\/p>\n<p><span style=\"color: #000000;\">N\u00eb fund t\u00eb tetorit dhe n\u00eb fillim t\u00eb n\u00ebntorit, kryetar\u00ebt prokurd\u00eb t\u00eb tre qyteteve n\u00eb juglindjen e Turqis\u00eb me shumic\u00eb kurde, si dhe kryetari i CHP-s\u00eb i nj\u00eb qarku t\u00eb Stambollit, u shkarkuan po ashtu p\u00ebr akuza p\u00ebr \u201cterroriz\u00ebm\u201d. Shkarkimet e tyre nxit\u00ebn protesta dhe u d\u00ebnuan nga K\u00ebshilli i Evrop\u00ebs dhe organizatat p\u00ebr t\u00eb drejtat e njeriut.<\/span><\/p>\n<p><span style=\"color: #000000;\">Partia e Konak m\u00eb 22 n\u00ebntor d\u00ebnoi shkarkimin e dy kryetar\u00ebve, duke th\u00ebn\u00eb se \u201cQeveria ngadal\u00eb po shkat\u00ebrron vullnetin e popullit\u201d.<\/span><\/p>\n<p><span style=\"color: #000000;\">Nd\u00ebrkoh\u00eb, lideri i CHP, Ozgur Ozel, e d\u00ebnoi vendim, duke e cil\u00ebsuar si \u201cvjedhje t\u00eb vullnetit t\u00eb kombit\u201d.<span style=\"color: #0000ff;\"><strong><a style=\"color: #0000ff;\" href=\"https:\/\/www.evropaelire.org\/a\/turqia-shkarkim-kryetare-kurde-\/33212574.html\">\/REL<\/a><\/strong><\/span><\/span><\/p>\n","protected":false,"gt_translate_keys":[{"key":"rendered","format":"html"}]},"excerpt":{"rendered":"<p>Dy kryetar\u00eb opozitar\u00eb, n\u00eb komunat n\u00eb lindje t\u00eb Turqis\u00eb, jan\u00eb shkarkuar nga detyra pasi u d\u00ebnuan p\u00ebr \u201cterroriz\u00ebm\u201d p\u00ebr shkak se jan\u00eb an\u00ebtar\u00eb t\u00eb nj\u00eb grupi militant kurd t\u00eb ndaluar nga Ankaraja, tha Ministria e Brendshme m\u00eb 22 n\u00ebntor. Edhe n\u00eb muajt paraprak\u00eb, Turqia ka shkarkuar kryetar\u00eb t\u00eb partive prokurde. Kryetar\u00ebt e Tuncelit dhe Ovacikut [&hellip;]<\/p>\n","protected":false,"gt_translate_keys":[{"key":"rendered","format":"html"}]},"author":49,"featured_media":710934,"comment_status":"closed","ping_status":"open","sticky":false,"template":"","format":"standard","meta":{"footnotes":""},"categories":[6],"tags":[],"class_list":["post-710933","post","type-post","status-publish","format-standard","has-post-thumbnail","hentry","category-nderkombetare"],"gt_translate_keys":[{"key":"link","format":"url"}],"_links":{"self":[{"href":"https:\/\/www.hashtag.al\/index.php\/wp-json\/wp\/v2\/posts\/710933","targetHints":{"allow":["GET"]}}],"collection":[{"href":"https:\/\/www.hashtag.al\/index.php\/wp-json\/wp\/v2\/posts"}],"about":[{"href":"https:\/\/www.hashtag.al\/index.php\/wp-json\/wp\/v2\/types\/post"}],"author":[{"embeddable":true,"href":"https:\/\/www.hashtag.al\/index.php\/wp-json\/wp\/v2\/users\/49"}],"replies":[{"embeddable":true,"href":"https:\/\/www.hashtag.al\/index.php\/wp-json\/wp\/v2\/comments?post=710933"}],"version-history":[{"count":99999,"href":"https:\/\/www.hashtag.al\/index.php\/wp-json\/wp\/v2\/posts\/710933\/revisions"}],"predecessor-version":[{"id":710935,"href":"https:\/\/www.hashtag.al\/index.php\/wp-json\/wp\/v2\/posts\/710933\/revisions\/710935"}],"wp:featuredmedia":[{"embeddable":true,"href":"https:\/\/www.hashtag.al\/index.php\/wp-json\/wp\/v2\/media\/710934"}],"wp:attachment":[{"href":"https:\/\/www.hashtag.al\/index.php\/wp-json\/wp\/v2\/media?parent=710933"}],"wp:term":[{"taxonomy":"category","embeddable":true,"href":"https:\/\/www.hashtag.al\/index.php\/wp-json\/wp\/v2\/categories?post=710933"},{"taxonomy":"post_tag","embeddable":true,"href":"https:\/\/www.hashtag.al\/index.php\/wp-json\/wp\/v2\/tags?post=710933"}],"curies":[{"name":"wp","href":"https:\/\/api.w.org\/{rel}","templated":true}]}}