{"id":710691,"date":"2024-11-21T15:22:45","date_gmt":"2024-11-21T14:22:45","guid":{"rendered":"https:\/\/www.hashtag.al\/?p=710691"},"modified":"2024-11-21T15:22:45","modified_gmt":"2024-11-21T14:22:45","slug":"arrestohen-11-persona-ne-lidhje-me-tragjedine-ne-stacionin-hekurudhor-ne-novi-sad","status":"publish","type":"post","link":"https:\/\/www.hashtag.al\/index.php\/2024\/11\/21\/arrestohen-11-persona-ne-lidhje-me-tragjedine-ne-stacionin-hekurudhor-ne-novi-sad\/","title":{"rendered":"Arrestohen 11 persona n\u00eb lidhje me tragjedin\u00eb n\u00eb stacionin hekurudhor n\u00eb Novi Sad","gt_translate_keys":[{"key":"rendered","format":"text"}]},"content":{"rendered":"<p><span style=\"color: #000000;\"><a href=\"https:\/\/www.hashtag.al\/wp-content\/uploads\/2024\/11\/Screenshot-2024-11-21-152009.png\"><img loading=\"lazy\" decoding=\"async\" class=\"aligncenter size-full wp-image-710692\" src=\"https:\/\/www.hashtag.al\/wp-content\/uploads\/2024\/11\/Screenshot-2024-11-21-152009.png\" alt=\"\" width=\"1180\" height=\"622\" srcset=\"https:\/\/www.hashtag.al\/wp-content\/uploads\/2024\/11\/Screenshot-2024-11-21-152009.png 1180w, https:\/\/www.hashtag.al\/wp-content\/uploads\/2024\/11\/Screenshot-2024-11-21-152009-300x158.png 300w, https:\/\/www.hashtag.al\/wp-content\/uploads\/2024\/11\/Screenshot-2024-11-21-152009-1024x540.png 1024w, https:\/\/www.hashtag.al\/wp-content\/uploads\/2024\/11\/Screenshot-2024-11-21-152009-768x405.png 768w\" sizes=\"auto, (max-width: 1180px) 100vw, 1180px\" \/><\/a><\/span><\/p>\n<p><span style=\"color: #000000;\">Prokuroria e Lart\u00eb Publike n\u00eb Novi Sad t\u00eb Serbis\u00eb njoftoi t\u00eb enjten se 11 persona jan\u00eb arrestuar n\u00eb lidhje me shembjen e nj\u00eb strehe n\u00eb nj\u00eb stacion hekurudhor n\u00eb fillim t\u00eb k\u00ebtij muaji, si pasoj\u00eb e t\u00eb cil\u00ebs vdiq\u00ebn 15 njer\u00ebz.<\/span><\/p>\n<p><span style=\"color: #000000;\">Streha prej betoni n\u00eb stacionin e rinovuar rishtazi n\u00eb qytetin verior t\u00eb Serbis\u00eb u shemb m\u00eb 1 n\u00ebntor, duke i l\u00ebn\u00eb 14 njer\u00ebz t\u00eb vdekur n\u00eb vend, dhe tre t\u00eb l\u00ebnduar.<\/span><\/p>\n<p><span style=\"color: #000000;\">T\u00eb diel\u00ebn vdiq nj\u00ebri nga t\u00eb l\u00ebnduarit, duke e \u00e7uar n\u00eb 15 numrin e p\u00ebrgjithsh\u00ebm t\u00eb t\u00eb vdekurve.<\/span><\/p>\n<p><span style=\"color: #000000;\">Zyra e Prokurorit tha n\u00eb nj\u00eb komunikat\u00eb se 11 njer\u00ebz u arrestuan p\u00ebr kryerjen e veprave penale kund\u00ebr siguris\u00eb publike, pas intervistimit t\u00eb nj\u00eb numri qytetar\u00ebsh dhe analizimit t\u00eb incidentit.<\/span><\/p>\n<p><span style=\"color: #000000;\">N\u00eb njoftim u dhan\u00eb vet\u00ebm inicialet e personave t\u00eb arrestuar.<\/span><\/p>\n<p><span style=\"color: #000000;\">Tragjedia n\u00eb Novi Sad nxiti nj\u00eb val\u00eb protestash n\u00eb Serbi.<\/span><\/p>\n<p><span style=\"color: #000000;\">Disa dit\u00eb pas incidentit, ministri i Nd\u00ebrtimit, Transportit dhe Infrastruktur\u00ebs i Serbis\u00eb, Goran Vesiq, dha dor\u00ebheqje.<\/span><\/p>\n<p><span style=\"color: #000000;\">Megjithat\u00eb, Vesiq tha n\u00eb nj\u00eb konferenc\u00eb t\u00eb jasht\u00ebzakonshme p\u00ebr media se nuk e pranon fajin p\u00ebr incidentin, por u dha dor\u00ebheqje si \u201cnjeri i p\u00ebrgjegjsh\u00ebm\u201d.<\/span><\/p>\n<p><span style=\"color: #000000;\">Nd\u00ebrtesa e stacionit kryesor hekurudhor n\u00eb Novi Sad ishte rihapur n\u00eb korrik t\u00eb vitit 2024, pas tri vjet\u00ebsh rind\u00ebrtimi.<\/span><\/p>\n<p><span style=\"color: #000000;\">Institucioni i hekurudhave serbe tha n\u00eb dit\u00ebn e incidentit se streha e betonit q\u00eb \u00ebsht\u00eb shembur \u201cnuk \u00ebsht\u00eb rind\u00ebrtuar dhe nuk ka qen\u00eb pjes\u00eb e renovimeve\u201d.<\/span><\/p>\n<p><span style=\"color: #000000;\">Megjithat\u00eb, ekspert\u00ebt deklarojn\u00eb se edhe ajo pjes\u00eb ka qen\u00eb subjekt i rind\u00ebrtimit.<\/span><\/p>\n<p><span style=\"color: #000000;\">Punimet p\u00ebr rind\u00ebrtim jan\u00eb kryer nga nj\u00eb konsorcium kinez.\/<span style=\"color: #0000ff;\"><a style=\"color: #0000ff;\" href=\"https:\/\/www.evropaelire.org\/a\/arrestohen-11-njerez-tragjedine-novi-sad\/33210458.html\">REL<\/a><\/span><\/span><\/p>\n","protected":false,"gt_translate_keys":[{"key":"rendered","format":"html"}]},"excerpt":{"rendered":"<p>Prokuroria e Lart\u00eb Publike n\u00eb Novi Sad t\u00eb Serbis\u00eb njoftoi t\u00eb enjten se 11 persona jan\u00eb arrestuar n\u00eb lidhje me shembjen e nj\u00eb strehe n\u00eb nj\u00eb stacion hekurudhor n\u00eb fillim t\u00eb k\u00ebtij muaji, si pasoj\u00eb e t\u00eb cil\u00ebs vdiq\u00ebn 15 njer\u00ebz. Streha prej betoni n\u00eb stacionin e rinovuar rishtazi n\u00eb qytetin verior t\u00eb Serbis\u00eb u [&hellip;]<\/p>\n","protected":false,"gt_translate_keys":[{"key":"rendered","format":"html"}]},"author":32,"featured_media":710692,"comment_status":"closed","ping_status":"open","sticky":false,"template":"","format":"standard","meta":{"footnotes":""},"categories":[149],"tags":[],"class_list":["post-710691","post","type-post","status-publish","format-standard","has-post-thumbnail","hentry","category-kosoverajon"],"gt_translate_keys":[{"key":"link","format":"url"}],"_links":{"self":[{"href":"https:\/\/www.hashtag.al\/index.php\/wp-json\/wp\/v2\/posts\/710691","targetHints":{"allow":["GET"]}}],"collection":[{"href":"https:\/\/www.hashtag.al\/index.php\/wp-json\/wp\/v2\/posts"}],"about":[{"href":"https:\/\/www.hashtag.al\/index.php\/wp-json\/wp\/v2\/types\/post"}],"author":[{"embeddable":true,"href":"https:\/\/www.hashtag.al\/index.php\/wp-json\/wp\/v2\/users\/32"}],"replies":[{"embeddable":true,"href":"https:\/\/www.hashtag.al\/index.php\/wp-json\/wp\/v2\/comments?post=710691"}],"version-history":[{"count":0,"href":"https:\/\/www.hashtag.al\/index.php\/wp-json\/wp\/v2\/posts\/710691\/revisions"}],"wp:featuredmedia":[{"embeddable":true,"href":"https:\/\/www.hashtag.al\/index.php\/wp-json\/wp\/v2\/media\/710692"}],"wp:attachment":[{"href":"https:\/\/www.hashtag.al\/index.php\/wp-json\/wp\/v2\/media?parent=710691"}],"wp:term":[{"taxonomy":"category","embeddable":true,"href":"https:\/\/www.hashtag.al\/index.php\/wp-json\/wp\/v2\/categories?post=710691"},{"taxonomy":"post_tag","embeddable":true,"href":"https:\/\/www.hashtag.al\/index.php\/wp-json\/wp\/v2\/tags?post=710691"}],"curies":[{"name":"wp","href":"https:\/\/api.w.org\/{rel}","templated":true}]}}