{"id":710432,"date":"2024-11-20T13:20:34","date_gmt":"2024-11-20T12:20:34","guid":{"rendered":"https:\/\/www.hashtag.al\/?p=710432"},"modified":"2024-11-20T13:20:34","modified_gmt":"2024-11-20T12:20:34","slug":"rama-salla-e-parlamentit-eshte-shkolle-e-hapur-dhune-dhe-nxites-i-saj","status":"publish","type":"post","link":"https:\/\/www.hashtag.al\/index.php\/2024\/11\/20\/rama-salla-e-parlamentit-eshte-shkolle-e-hapur-dhune-dhe-nxites-i-saj\/","title":{"rendered":"Rama: Salla e Parlamentit \u00ebsht\u00eb shkoll\u00eb e hapur dhune dhe nxit\u00ebs i saj","gt_translate_keys":[{"key":"rendered","format":"text"}]},"content":{"rendered":"<p><span style=\"color: #000000;\"><img loading=\"lazy\" decoding=\"async\" class=\" wp-image-710433 aligncenter\" src=\"https:\/\/www.hashtag.al\/wp-content\/uploads\/2024\/11\/Screenshot-2024-11-20-131454-300x193.png\" alt=\"\" width=\"637\" height=\"410\" srcset=\"https:\/\/www.hashtag.al\/wp-content\/uploads\/2024\/11\/Screenshot-2024-11-20-131454-300x193.png 300w, https:\/\/www.hashtag.al\/wp-content\/uploads\/2024\/11\/Screenshot-2024-11-20-131454.png 589w\" sizes=\"auto, (max-width: 637px) 100vw, 637px\" \/><\/span><\/p>\n<p><span style=\"color: #000000;\">Kryeministri Edi Rama ka reaguar p\u00ebr vrasjen tragjike t\u00eb 14-vje\u00e7arit Martin Cani nga bashk\u00ebmoshatari i tij pran\u00eb shkoll\u00ebs \u201cFan Noli\u201d n\u00eb Tiran\u00eb. N\u00eb nj\u00eb deklarat\u00eb p\u00ebr shtyp, Rama ka v\u00ebn\u00eb theksin tek ndikimi negativ i rrjeteve sociale, duke propozuar nj\u00eb konsultim me k\u00ebshillin e prind\u00ebrve p\u00ebr mbylljen e platformave si TikTok dhe SnapChat.<\/span><\/p>\n<p><span style=\"color: #000000;\">Sipas kryeministrit, k\u00ebto rrjete jan\u00eb nd\u00ebr burimet kryesore t\u00eb nxitjes s\u00eb dhun\u00ebs dhe bullizmit mes t\u00eb rinjve, duke kontribuar n\u00eb tragjedi si kjo e fundit. Ai theksoi se p\u00ebrgjegj\u00ebsia p\u00ebr edukimin dhe mbrojtjen e f\u00ebmij\u00ebve nis nga familja, shkolla dhe vazhdon n\u00eb institucionet publike, p\u00ebrfshir\u00eb median dhe parlamentin, q\u00eb sipas tij shpesh promovojn\u00eb gjuh\u00ebn e dhun\u00ebs.<\/span><\/p>\n<p><span style=\"color: #000000;\"><em>&#8220;Gjithsecili prej nesh duhet t\u00eb marr\u00eb p\u00ebrsip\u00ebr m\u00eb shum\u00eb n\u00eb pjes\u00ebn e vet t\u00eb fronin p\u00ebr mbrojtjen e f\u00ebmij\u00ebve, nis brenda mureve t\u00eb sht\u00ebpis\u00eb, vazhdon brenda shkoll\u00ebs, dhe m\u00eb pas n\u00eb ekranet e TV ku shumica e tyre derdhin lot krokodili jan\u00eb n\u00eb fakt l\u00ebvrues t\u00eb pap\u00ebrgjegjsh\u00ebm t\u00eb gjuh\u00ebs s\u00eb dhun\u00ebs dhe nxit\u00ebs t\u00eb saj. Duke p\u00ebrfshir\u00eb edhe sall\u00ebn e Parlamenti q\u00eb \u00ebsht\u00eb nj\u00eb shkoll\u00eb e hapur dhune dhe nxit\u00ebs i saj.<\/em><\/span><\/p>\n<p><span style=\"color: #000000;\"><em>I siguroj prind\u00ebrit se un\u00eb personalisht n\u00eb pjes\u00ebn time t\u00eb frontit s\u00eb bashku me koleg\u00ebt e qeveris\u00eb t\u00eb b\u00ebjm\u00eb t\u00eb gjitha gj\u00ebrat e mundura p\u00ebr t\u00eb leht\u00ebsuar f\u00ebmij\u00ebt tan\u00eb nga presioni i hat\u00ebsh\u00ebm i rrjeteve sociale dhe p\u00ebr t\u00eb rritur cil\u00ebsin\u00eb e rrjeteve sociale.<\/em><\/span><\/p>\n<p><span style=\"color: #000000;\"><em>Pres me padurim rezultatin e k\u00ebshillimit t\u00eb prind\u00ebrve lidhur me qasjen q\u00eb duhet t\u00eb zgjedhim p\u00ebr TikTok SnapChat apo t\u00eb dyja bashk\u00eb.<\/em><\/span><\/p>\n<p><span style=\"color: #000000;\"><em>Nga hulumtimet tona jan\u00eb dy burimet m\u00eb pjellore t\u00eb \u00e7oroditjes, t\u00eb nxitjes s\u00eb dhun\u00ebs dhe akteve t\u00eb bullizmit deri dhe n\u00eb tragjedi si kjo e fundit nga e cila ne duhet t\u00eb gjith\u00eb s\u00eb bashku t\u00eb dalim si shoq\u00ebri dhe si shtet me p\u00ebrgjigje sa m\u00eb efektive&#8221;,-\u00a0<\/em> u shpreh Rama.<\/span><\/p>\n","protected":false,"gt_translate_keys":[{"key":"rendered","format":"html"}]},"excerpt":{"rendered":"<p>Kryeministri Edi Rama ka reaguar p\u00ebr vrasjen tragjike t\u00eb 14-vje\u00e7arit Martin Cani nga bashk\u00ebmoshatari i tij pran\u00eb shkoll\u00ebs \u201cFan Noli\u201d n\u00eb Tiran\u00eb. N\u00eb nj\u00eb deklarat\u00eb p\u00ebr shtyp, Rama ka v\u00ebn\u00eb theksin tek ndikimi negativ i rrjeteve sociale, duke propozuar nj\u00eb konsultim me k\u00ebshillin e prind\u00ebrve p\u00ebr mbylljen e platformave si TikTok dhe SnapChat. Sipas kryeministrit, [&hellip;]<\/p>\n","protected":false,"gt_translate_keys":[{"key":"rendered","format":"html"}]},"author":49,"featured_media":710433,"comment_status":"closed","ping_status":"open","sticky":false,"template":"","format":"standard","meta":{"footnotes":""},"categories":[65],"tags":[],"class_list":["post-710432","post","type-post","status-publish","format-standard","has-post-thumbnail","hentry","category-lajme"],"gt_translate_keys":[{"key":"link","format":"url"}],"_links":{"self":[{"href":"https:\/\/www.hashtag.al\/index.php\/wp-json\/wp\/v2\/posts\/710432","targetHints":{"allow":["GET"]}}],"collection":[{"href":"https:\/\/www.hashtag.al\/index.php\/wp-json\/wp\/v2\/posts"}],"about":[{"href":"https:\/\/www.hashtag.al\/index.php\/wp-json\/wp\/v2\/types\/post"}],"author":[{"embeddable":true,"href":"https:\/\/www.hashtag.al\/index.php\/wp-json\/wp\/v2\/users\/49"}],"replies":[{"embeddable":true,"href":"https:\/\/www.hashtag.al\/index.php\/wp-json\/wp\/v2\/comments?post=710432"}],"version-history":[{"count":0,"href":"https:\/\/www.hashtag.al\/index.php\/wp-json\/wp\/v2\/posts\/710432\/revisions"}],"wp:featuredmedia":[{"embeddable":true,"href":"https:\/\/www.hashtag.al\/index.php\/wp-json\/wp\/v2\/media\/710433"}],"wp:attachment":[{"href":"https:\/\/www.hashtag.al\/index.php\/wp-json\/wp\/v2\/media?parent=710432"}],"wp:term":[{"taxonomy":"category","embeddable":true,"href":"https:\/\/www.hashtag.al\/index.php\/wp-json\/wp\/v2\/categories?post=710432"},{"taxonomy":"post_tag","embeddable":true,"href":"https:\/\/www.hashtag.al\/index.php\/wp-json\/wp\/v2\/tags?post=710432"}],"curies":[{"name":"wp","href":"https:\/\/api.w.org\/{rel}","templated":true}]}}