{"id":710419,"date":"2024-11-20T12:56:54","date_gmt":"2024-11-20T11:56:54","guid":{"rendered":"https:\/\/www.hashtag.al\/?p=710419"},"modified":"2024-11-20T13:03:07","modified_gmt":"2024-11-20T12:03:07","slug":"rama-mbyllje-e-plote-e-tiktok-dhe-snapchat-ose-fitra-te-forte","status":"publish","type":"post","link":"https:\/\/www.hashtag.al\/index.php\/2024\/11\/20\/rama-mbyllje-e-plote-e-tiktok-dhe-snapchat-ose-fitra-te-forte\/","title":{"rendered":"Rama: Mbyllje e plot\u00eb e TikTok dhe Snapchat, ose filtra t\u00eb fort\u00eb. Do diskutohet me prind\u00ebrit e shkollat","gt_translate_keys":[{"key":"rendered","format":"text"}]},"content":{"rendered":"<p><span style=\"color: #000000;\"><img loading=\"lazy\" decoding=\"async\" class=\"aligncenter size-full wp-image-710427\" src=\"https:\/\/www.hashtag.al\/wp-content\/uploads\/2024\/11\/rama.jpg\" alt=\"\" width=\"780\" height=\"440\" srcset=\"https:\/\/www.hashtag.al\/wp-content\/uploads\/2024\/11\/rama.jpg 780w, https:\/\/www.hashtag.al\/wp-content\/uploads\/2024\/11\/rama-300x169.jpg 300w, https:\/\/www.hashtag.al\/wp-content\/uploads\/2024\/11\/rama-768x433.jpg 768w\" sizes=\"auto, (max-width: 780px) 100vw, 780px\" \/><\/span><\/p>\n<p><span style=\"color: #000000;\">Kryeministrir Rama ka paralajm\u00ebruar se qeveria po diskuton mbylljen e rrjeteve sociale TikTok e Snapchat ose do vendos\u00eb filtra t\u00eb ashp\u00ebr ndaj tyre.<\/span><\/p>\n<p><span style=\"color: #000000;\">Kreu i qeveris\u00eb tha se \u00e7\u00ebshtja do diskutohet gjer\u00ebsisht me prind\u00ebrit dhe n\u00eb t\u00eb do marrin pjes\u00eb t\u00eb gjitha shkollat.<\/span><\/p>\n<p><span style=\"color: #000000;\"><em>\u201cDilema jon\u00eb si qeveri \u00ebsht\u00eb n\u00ebse duhet t\u00eb provojm\u00eb edhe ne t\u00eb ecim n\u00eb drejtim t\u00eb vendosjes s\u00eb filtarve apo t\u00eb nd\u00ebrmarrim mas\u00eb drastike p\u00ebr mbylljen e plot\u00eb t\u00eb Tik Tok apo Snap chat. Dilem\u00ebn do e hedhim p\u00ebr diskutim t\u00eb gjer\u00eb n\u00eb komunitetin e prind\u00ebrve. Do t\u00eb angazhohen t\u00eb gjitha shkollat p\u00ebr t\u00eb marr\u00eb nj\u00eb vendim demokratik p\u00ebr nj\u00eb problem kaq t\u00eb madh por kompleks n\u00eb p\u00ebrmbajtjen dhe zgjidhjen e vet.&#8221;<\/em>\u00a0&#8211; tha Rama.<\/span><\/p>\n<p><span style=\"color: #000000;\">Kreu i qeveris\u00eb shtoi m\u00eb tej se rrjetet sociale po ushtrojn\u00eb nj\u00eb presion t\u00eb madh mbi f\u00ebmij\u00ebt dhe t\u00eb rinjt\u00eb dhe se duhen nd\u00ebrmarr\u00eb hapa p\u00ebr ta zbutur k\u00ebt\u00eb gj\u00eb. Rama solli si shembuj vende t\u00eb ndryshme dhe masat e nd\u00ebrmarra prej tyre n\u00eb k\u00ebt\u00eb drejtim.<\/span><\/p>\n<p><span style=\"color: #000000;\"><em>\u201cK\u00ebto jan\u00eb t\u00eb v\u00ebrteta t\u00eb thjeshta m\u00eb t\u00eb cilat nuk \u00ebsht\u00eb e v\u00ebshtir\u00eb t\u00eb biem dakord si prind\u00ebr apo qytetar\u00eb d\u00ebshmitar\u00eb t\u00eb shoq\u00ebris\u00eb s\u00eb koh\u00ebs t\u00eb bot\u00ebs s\u00eb sotme, ku garantimi i siguris\u00eb s\u00eb f\u00ebmij\u00ebve \u00ebsht\u00eb p\u00ebrpar\u00ebsia e p\u00ebrpar\u00ebsive tona. Shum\u00eb shtete po p\u00ebrpiqen filtra mbrojt\u00ebs, por ende pa rezultat. \u00c7do prind \u00ebsht\u00eb d\u00ebshmitar i faktit se presioni i t\u00ebrheqjes s\u00eb f\u00ebmij\u00ebve nga telefon\u00ebt b\u00ebhet gjithnj\u00eb e m\u00eb i p\u00ebrballuesh\u00ebm edhe brenda mureve t\u00eb sht\u00ebpis\u00eb. \u00a0Do ndjekim hap pas hapi se \u00e7far\u00eb b\u00ebjn\u00eb vendet e tjera, p\u00ebr ta ulur k\u00ebt\u00eb presion. Jan\u00eb nd\u00ebrmarr\u00eb nisma t\u00eb ngjashme q\u00eb nga Australia ku po tenohet ndalimi i aksesit n\u00eb rrjetet sociale t\u00eb f\u00ebmij\u00ebve deri n\u00eb mosh\u00ebn 16 vje\u00e7. Deri t\u00eb Franca, apo Spanja ku fillimisht u vendos q\u00eb f\u00ebmij\u00ebt deri 14 vje\u00e7 t\u00eb mos hapin llogari online dhe s\u00eb fundmi ky kufi \u00ebsht\u00eb rritur n\u00eb 16 vje\u00e7.\u201d<\/em> &#8211; shtoi kryeministri.<\/span><\/p>\n<p><span style=\"color: #000000;\">Deklarata e Ram\u00ebs vjen dy dit\u00eb pasi 14-vje\u00e7ari Martin Cani u vra me thik\u00eb nga nj\u00eb bashk\u00ebmoshatar shum\u00eb pran\u00eb shkoll\u00ebs \u201cFan Noli\u201d n\u00eb Tiran\u00eb. Autori postoi n\u00eb Snapchat foto pas ngjarjes me thik\u00ebn e p\u00ebrdorur p\u00ebr krimin si dhe gjak n\u00eb duart e tij.<\/span><\/p>\n","protected":false,"gt_translate_keys":[{"key":"rendered","format":"html"}]},"excerpt":{"rendered":"<p>Kryeministrir Rama ka paralajm\u00ebruar se qeveria po diskuton mbylljen e rrjeteve sociale TikTok e Snapchat ose do vendos\u00eb filtra t\u00eb ashp\u00ebr ndaj tyre. Kreu i qeveris\u00eb tha se \u00e7\u00ebshtja do diskutohet gjer\u00ebsisht me prind\u00ebrit dhe n\u00eb t\u00eb do marrin pjes\u00eb t\u00eb gjitha shkollat. \u201cDilema jon\u00eb si qeveri \u00ebsht\u00eb n\u00ebse duhet t\u00eb provojm\u00eb edhe ne t\u00eb [&hellip;]<\/p>\n","protected":false,"gt_translate_keys":[{"key":"rendered","format":"html"}]},"author":51,"featured_media":710427,"comment_status":"closed","ping_status":"open","sticky":false,"template":"","format":"standard","meta":{"footnotes":""},"categories":[65],"tags":[],"class_list":["post-710419","post","type-post","status-publish","format-standard","has-post-thumbnail","hentry","category-lajme"],"gt_translate_keys":[{"key":"link","format":"url"}],"_links":{"self":[{"href":"https:\/\/www.hashtag.al\/index.php\/wp-json\/wp\/v2\/posts\/710419","targetHints":{"allow":["GET"]}}],"collection":[{"href":"https:\/\/www.hashtag.al\/index.php\/wp-json\/wp\/v2\/posts"}],"about":[{"href":"https:\/\/www.hashtag.al\/index.php\/wp-json\/wp\/v2\/types\/post"}],"author":[{"embeddable":true,"href":"https:\/\/www.hashtag.al\/index.php\/wp-json\/wp\/v2\/users\/51"}],"replies":[{"embeddable":true,"href":"https:\/\/www.hashtag.al\/index.php\/wp-json\/wp\/v2\/comments?post=710419"}],"version-history":[{"count":0,"href":"https:\/\/www.hashtag.al\/index.php\/wp-json\/wp\/v2\/posts\/710419\/revisions"}],"wp:featuredmedia":[{"embeddable":true,"href":"https:\/\/www.hashtag.al\/index.php\/wp-json\/wp\/v2\/media\/710427"}],"wp:attachment":[{"href":"https:\/\/www.hashtag.al\/index.php\/wp-json\/wp\/v2\/media?parent=710419"}],"wp:term":[{"taxonomy":"category","embeddable":true,"href":"https:\/\/www.hashtag.al\/index.php\/wp-json\/wp\/v2\/categories?post=710419"},{"taxonomy":"post_tag","embeddable":true,"href":"https:\/\/www.hashtag.al\/index.php\/wp-json\/wp\/v2\/tags?post=710419"}],"curies":[{"name":"wp","href":"https:\/\/api.w.org\/{rel}","templated":true}]}}