{"id":710197,"date":"2024-11-19T10:56:06","date_gmt":"2024-11-19T09:56:06","guid":{"rendered":"https:\/\/www.hashtag.al\/?p=710197"},"modified":"2024-11-19T10:58:14","modified_gmt":"2024-11-19T09:58:14","slug":"balla-opozita-po-perdor-tragjedine-e-14-vjecarit-per-debat-politik","status":"publish","type":"post","link":"https:\/\/www.hashtag.al\/index.php\/2024\/11\/19\/balla-opozita-po-perdor-tragjedine-e-14-vjecarit-per-debat-politik\/","title":{"rendered":"Balla: Opozita po p\u00ebrdor vdekjen e 14-vje\u00e7arit p\u00ebr debat politik","gt_translate_keys":[{"key":"rendered","format":"text"}]},"content":{"rendered":"<p style=\"text-align: left;\"><span style=\"color: #000000;\"><img loading=\"lazy\" decoding=\"async\" class=\" wp-image-710201 aligncenter\" src=\"https:\/\/www.hashtag.al\/wp-content\/uploads\/2024\/11\/Screenshot-2024-11-19-105357-300x203.png\" alt=\"\" width=\"972\" height=\"658\" srcset=\"https:\/\/www.hashtag.al\/wp-content\/uploads\/2024\/11\/Screenshot-2024-11-19-105357-300x203.png 300w, https:\/\/www.hashtag.al\/wp-content\/uploads\/2024\/11\/Screenshot-2024-11-19-105357.png 454w\" sizes=\"auto, (max-width: 972px) 100vw, 972px\" \/><\/span><\/p>\n<p style=\"text-align: left;\"><span style=\"color: #000000;\">Kryetari i Grupit Parlamentar t\u00eb PS, Taulant Balla, ka akuzuar opozit\u00ebn se po shfryt\u00ebzon politikisht vrasjen e 14-vje\u00e7arit Martin Cani pran\u00eb shkoll\u00ebs &#8220;Fan Noli&#8221; n\u00eb Tiran\u00eb. N\u00eb fjal\u00ebn e tij n\u00eb Kuvend, Balla theksoi se tragjedia \u00ebsht\u00eb nj\u00eb moment q\u00eb k\u00ebrkon reflektim dhe bashk\u00ebpunim, jo p\u00ebr\u00e7arje politike.<\/span><\/p>\n<p style=\"text-align: left;\"><span style=\"color: #000000;\"><em>&#8220;Ngjarje kaq t\u00eb r\u00ebnda keqp\u00ebrdoren p\u00ebr debate politike. Humbja e jet\u00ebs s\u00eb nj\u00eb nx\u00ebn\u00ebsi t\u00eb ri na prek t\u00eb gjith\u00ebve dhe k\u00ebrkon p\u00ebrgjegj\u00ebsi nga t\u00eb gjith\u00eb. Duhet nj\u00eb qasje e re p\u00ebr garantimin e siguris\u00eb n\u00eb shkolla dhe luft\u00ebn kund\u00ebr l\u00ebnd\u00ebve narkotike dhe keqp\u00ebrdorimit t\u00eb rrjeteve sociale,&#8221;<\/em> tha Balla, duke ftuar opozit\u00ebn t\u00eb mb\u00ebshtes\u00eb masa t\u00eb reja ligjore dhe nd\u00ebshkime m\u00eb t\u00eb ashpra p\u00ebr shkel\u00ebsit.<\/span><\/p>\n<section>\n<p style=\"text-align: left;\"><span style=\"color: #000000;\">Taulant Balla u shpreh n\u00eb Kuvend se opozita \u00ebsht\u00eb duke e p\u00ebrdorur vdekjen Martin Cani pran\u00eb shkoll\u00ebs 9-vje\u00e7are \u2018Fan Noli\u2019 n\u00eb Tiran\u00eb, p\u00ebr debat poltik.\u00a0<\/span><\/p>\n<p style=\"text-align: left;\"><span style=\"color: #000000;\"> Balla gjithashtu reagoi ndaj deklaratave t\u00eb opozit\u00ebs q\u00eb e krahasuan qeverin\u00eb me Serbin\u00eb n\u00eb raport me Kosov\u00ebn, duke i cil\u00ebsuar ato si t\u00eb turpshme dhe t\u00eb pap\u00ebrgjegjshme. <\/span><\/p>\n<p style=\"text-align: left;\"><span style=\"color: #000000;\">Ai theksoi p\u00ebrkushtimin e Shqip\u00ebris\u00eb p\u00ebr t&#8217;u an\u00ebtar\u00ebsuar n\u00eb Bashkimin Evropian deri n\u00eb vitin 2030, duke ftuar opozit\u00ebn t\u00eb bashkohet n\u00eb k\u00ebt\u00eb rrug\u00ebtim komb\u00ebtar.<\/span><\/p>\n<p style=\"text-align: left;\"><span style=\"color: #000000;\"><em>&#8220;Humbja e jet\u00ebs s\u00eb atij nx\u00ebn\u00ebsi dhe atij djali t\u00eb ri na ka prekur t\u00eb gjith\u00eb. \u00cbsht\u00eb nj\u00eb p\u00ebrgjegj\u00ebsi q\u00eb na takon t\u00eb gjith\u00ebve dhe b\u00ebhet me e madhe kur ngjarje kaq t\u00eb r\u00ebnda keqp\u00ebrdoren p\u00ebr debat politike. Kan\u00eb 30 vite q\u00eb p\u00ebrdoren, ti nuk kishte lindur kur ngjarje t\u00eb tilla p\u00ebrdoren p\u00ebr politike zonja Zhupa. Ne kemi p\u00ebrgjegj\u00ebsi p\u00ebr modelin q\u00eb japim. <\/em><\/span><\/p>\n<p style=\"text-align: left;\"><span style=\"color: #000000;\"><em>Un\u00eb e kam bindje q\u00eb na duhet nj\u00eb qasje tjet\u00ebr sa i p\u00ebrket garantimit t\u00eb perimetrit t\u00eb siguris\u00eb n\u00eb shkolla, luft\u00ebs kund\u00ebr p\u00ebrdorimit t\u00eb l\u00ebnd\u00ebve narkotike dhe keqp\u00ebrdorimit t\u00eb rrjeteve sociale.<\/em><\/span><\/p>\n<p style=\"text-align: left;\"><span style=\"color: #000000;\"><em> E dashur kolege sot duhet t\u00eb b\u00ebhemi bashk\u00eb p\u00ebr t\u00eb kaluar ato propozime p\u00ebr sigurin\u00eb n\u00eb shkolla, na duhet ti dyfishojm\u00eb nd\u00ebshkimet penale ndaj atyre q\u00eb shesin dhe shp\u00ebrndajn\u00eb l\u00ebnd\u00eb nartoktike n\u00eb shkolla. Un\u00eb kisha detyr\u00ebn q\u00eb t\u00eb raportoja p\u00ebr numrin e lart\u00eb t\u00eb personave q\u00eb shesin l\u00ebnd\u00eb narkotike n\u00eb shkolla dhe ju ishit kund\u00ebr.<\/em><\/span><\/p>\n<p style=\"text-align: left;\"><span style=\"color: #000000;\"><em> Kjo ngjarje dihet q\u00eb t\u00eb na b\u00ebj\u00eb me p\u00ebrgjegj\u00ebsi t\u00eb gjith\u00ebve dhe e ftoj opozit\u00ebn t\u00eb thot\u00eb ne jemi gati t\u00eb mb\u00ebshtesim t\u00eb gjitha masat drastike dhe ligjore. Jeni t\u00eb ftuar n\u00eb komisionin e ligjeve dhe t\u00eb ashp\u00ebrsojm\u00eb d\u00ebnimet penale q\u00eb lidhen e nj\u00eb qasje t\u00eb re t\u00eb garantimit t\u00eb siguris\u00eb n\u00eb shkolla. Un\u00eb kam djalin sa ishte Martini, nuk b\u00ebhet politik me vdekjen.<\/em><\/span><\/p>\n<p style=\"text-align: left;\"><span style=\"color: #000000;\"><em>Ke b\u00ebr\u00eb nj\u00eb krahasim q\u00eb kjo qeveri po sillet me shqiptar\u00ebt si Serbia me Kosov\u00ebn, po turp nuk keni. Po si nuk keni turp q\u00eb krahasoni ato mij\u00ebra vrasje p\u00ebrdhunime, 20 mij\u00eb vajza dhe gra jan\u00eb p\u00ebrdhunuar nga serb\u00ebt dhe ju pa pik\u00eb turpi thoni q\u00eb ne po sillemi si serbia n\u00eb kosov\u00eb. <\/em><\/span><\/p>\n<p style=\"text-align: left;\"><span style=\"color: #000000;\"><em>Kjo \u00ebsht\u00eb e r\u00ebnd\u00eb historia na gjykon p\u00ebr \u00e7do fjal\u00eb q\u00eb themi n\u00eb k\u00ebt\u00eb sall\u00eb. Kishte var\u00eb dje nj\u00eb flamur t\u00eb nj\u00eb shteti tjet\u00ebr dhe kam k\u00ebrkuar q\u00eb t\u00eb hiqet ai, por Shqip\u00ebria jon\u00eb do ta b\u00ebj\u00eb Shqip\u00ebrin\u00eb at\u00ebntare t\u00eb be dhe ne brenda 2030 do t\u00eb jemi an\u00ebtar\u00eb t\u00eb be, ju keni mund\u00ebsin\u00eb q\u00eb t\u00eb behni pjes\u00eb e k\u00ebtij rrug\u00ebtimi, por kjo qssje q\u00eb keni ju kuind\u00ebr vndit nuk ju b\u00ebn\u00eb kurr\u00eb europian. Si keni humbur k\u00ebt\u00eb qasje do t\u00eb humbni edhe zgkjedhjet e majit 2025&#8243;,<\/em> tha ai.<\/span><\/p>\n<\/section>\n","protected":false,"gt_translate_keys":[{"key":"rendered","format":"html"}]},"excerpt":{"rendered":"<p>Kryetari i Grupit Parlamentar t\u00eb PS, Taulant Balla, ka akuzuar opozit\u00ebn se po shfryt\u00ebzon politikisht vrasjen e 14-vje\u00e7arit Martin Cani pran\u00eb shkoll\u00ebs &#8220;Fan Noli&#8221; n\u00eb Tiran\u00eb. N\u00eb fjal\u00ebn e tij n\u00eb Kuvend, Balla theksoi se tragjedia \u00ebsht\u00eb nj\u00eb moment q\u00eb k\u00ebrkon reflektim dhe bashk\u00ebpunim, jo p\u00ebr\u00e7arje politike. &#8220;Ngjarje kaq t\u00eb r\u00ebnda keqp\u00ebrdoren p\u00ebr debate politike. [&hellip;]<\/p>\n","protected":false,"gt_translate_keys":[{"key":"rendered","format":"html"}]},"author":49,"featured_media":710201,"comment_status":"closed","ping_status":"open","sticky":false,"template":"","format":"standard","meta":{"footnotes":""},"categories":[65],"tags":[],"class_list":["post-710197","post","type-post","status-publish","format-standard","has-post-thumbnail","hentry","category-lajme"],"gt_translate_keys":[{"key":"link","format":"url"}],"_links":{"self":[{"href":"https:\/\/www.hashtag.al\/index.php\/wp-json\/wp\/v2\/posts\/710197","targetHints":{"allow":["GET"]}}],"collection":[{"href":"https:\/\/www.hashtag.al\/index.php\/wp-json\/wp\/v2\/posts"}],"about":[{"href":"https:\/\/www.hashtag.al\/index.php\/wp-json\/wp\/v2\/types\/post"}],"author":[{"embeddable":true,"href":"https:\/\/www.hashtag.al\/index.php\/wp-json\/wp\/v2\/users\/49"}],"replies":[{"embeddable":true,"href":"https:\/\/www.hashtag.al\/index.php\/wp-json\/wp\/v2\/comments?post=710197"}],"version-history":[{"count":0,"href":"https:\/\/www.hashtag.al\/index.php\/wp-json\/wp\/v2\/posts\/710197\/revisions"}],"wp:featuredmedia":[{"embeddable":true,"href":"https:\/\/www.hashtag.al\/index.php\/wp-json\/wp\/v2\/media\/710201"}],"wp:attachment":[{"href":"https:\/\/www.hashtag.al\/index.php\/wp-json\/wp\/v2\/media?parent=710197"}],"wp:term":[{"taxonomy":"category","embeddable":true,"href":"https:\/\/www.hashtag.al\/index.php\/wp-json\/wp\/v2\/categories?post=710197"},{"taxonomy":"post_tag","embeddable":true,"href":"https:\/\/www.hashtag.al\/index.php\/wp-json\/wp\/v2\/tags?post=710197"}],"curies":[{"name":"wp","href":"https:\/\/api.w.org\/{rel}","templated":true}]}}