{"id":710176,"date":"2024-11-19T09:41:38","date_gmt":"2024-11-19T08:41:38","guid":{"rendered":"https:\/\/www.hashtag.al\/?p=710176"},"modified":"2024-11-19T12:56:25","modified_gmt":"2024-11-19T11:56:25","slug":"arrestohet-14-vjecari-per-vrasjen-e-bashkemoshatarit-prane-shkolles-fan-noli","status":"publish","type":"post","link":"https:\/\/www.hashtag.al\/index.php\/2024\/11\/19\/arrestohet-14-vjecari-per-vrasjen-e-bashkemoshatarit-prane-shkolles-fan-noli\/","title":{"rendered":"Arrestohet 14-vje\u00e7ari p\u00ebr vrasjen e bashk\u00ebmoshatarit pran\u00eb shkoll\u00ebs \u201cFan Noli\u201d","gt_translate_keys":[{"key":"rendered","format":"text"}]},"content":{"rendered":"<p><img loading=\"lazy\" decoding=\"async\" class=\" wp-image-710109 aligncenter\" src=\"https:\/\/www.hashtag.al\/wp-content\/uploads\/2024\/11\/policia-tirane1-300x174.jpg\" alt=\"\" width=\"603\" height=\"350\" srcset=\"https:\/\/www.hashtag.al\/wp-content\/uploads\/2024\/11\/policia-tirane1-300x174.jpg 300w, https:\/\/www.hashtag.al\/wp-content\/uploads\/2024\/11\/policia-tirane1-1024x595.jpg 1024w, https:\/\/www.hashtag.al\/wp-content\/uploads\/2024\/11\/policia-tirane1-768x446.jpg 768w, https:\/\/www.hashtag.al\/wp-content\/uploads\/2024\/11\/policia-tirane1-250x145.jpg 250w, https:\/\/www.hashtag.al\/wp-content\/uploads\/2024\/11\/policia-tirane1.jpg 1150w\" sizes=\"auto, (max-width: 603px) 100vw, 603px\" \/><\/p>\n<p>Policia e Tiran\u00ebs ka arrestuar\u00a0 14-vje\u00e7arin, e dyshuar p\u00ebr vrasjen e bashk\u00ebmoshatarit dhe plagosjen e nj\u00eb tjet\u00ebr n\u00eb af\u00ebrsi t\u00eb shkoll\u00ebs \u201cFan Noli\u201d. Ngjarja ndodhi dit\u00ebn e djeshme, pas nj\u00eb konflikti p\u00ebr motive t\u00eb dob\u00ebta mes t\u00eb rinjve.<\/p>\n<p><strong>Njoftimi i Policise:<\/strong><\/p>\n<p style=\"text-align: left;\"><span style=\"color: #000000;\">N\u00eb vijim t\u00eb veprimeve hetimore dhe procedurale t\u00eb kryera n\u00eb lidhje me ngjarjen e ndodhur dit\u00ebn e djeshme, n\u00eb rrug\u00ebn \u201cQemal Stafa\u201d, specialist\u00ebt e Seksionit p\u00ebr Hetimin e Krimeve Ndaj Personit arrestuan nj\u00eb t\u00eb mitur 14 vje\u00e7, p\u00ebr veprat penale \u201cVrasja me dashje e kryer ndaj t\u00eb miturit\u201d dhe \u201cProdhimi, mbajtja, blerja apo shitja pa leje e arm\u00ebve t\u00eb ftohta\u201d, parashikuar nga nenet 79 pika a dhe 279 t\u00eb Kodit Penal.<\/span><\/p>\n<p style=\"text-align: left;\"><span style=\"color: #000000;\">Ky shtetas, dit\u00ebn e djeshme, n\u00eb af\u00ebrsi t\u00eb shkoll\u00ebs \u201cFan Noli\u201d, p\u00ebr motive t\u00eb dob\u00ebta \u00ebsht\u00eb konfliktuar me dy bashk\u00ebmoshatat\u00ebt e tij dhe gjat\u00eb konfliktit i ka goditur ato me mjet prer\u00ebs. Gjat\u00eb konfliktit jan\u00eb d\u00ebmtuar t\u00eb 3 t\u00eb miturit.<\/span><\/p>\n<p style=\"text-align: left;\"><span style=\"color: #000000;\">Si pasoj\u00eb e plag\u00ebve t\u00eb marra nj\u00ebri nga 14-vje\u00e7ar\u00ebt ka nd\u00ebrruar jet\u00eb n\u00eb spital, nd\u00ebrsa tjetri, s\u00eb bashku me autorin e dyshuar ndodhen jasht\u00eb rrezikut p\u00ebr jet\u00ebn. Materialet i kaluan Prokuroris\u00eb.<\/span><\/p>\n<p><img loading=\"lazy\" decoding=\"async\" class=\" wp-image-710241 aligncenter\" src=\"https:\/\/www.hashtag.al\/wp-content\/uploads\/2024\/11\/WhatsApp-Image-2024-11-19-at-12.15.15-PM-269x300.jpeg\" alt=\"\" width=\"506\" height=\"564\" srcset=\"https:\/\/www.hashtag.al\/wp-content\/uploads\/2024\/11\/WhatsApp-Image-2024-11-19-at-12.15.15-PM-269x300.jpeg 269w, https:\/\/www.hashtag.al\/wp-content\/uploads\/2024\/11\/WhatsApp-Image-2024-11-19-at-12.15.15-PM-917x1024.jpeg 917w, https:\/\/www.hashtag.al\/wp-content\/uploads\/2024\/11\/WhatsApp-Image-2024-11-19-at-12.15.15-PM-768x858.jpeg 768w, https:\/\/www.hashtag.al\/wp-content\/uploads\/2024\/11\/WhatsApp-Image-2024-11-19-at-12.15.15-PM.jpeg 1244w\" sizes=\"auto, (max-width: 506px) 100vw, 506px\" \/><\/p>\n<p><span style=\"color: #000000;\">Nd\u00ebrkaq qarkullon edhe nj\u00eb foto e hedhur n\u00eb snap chat nga Mario Perlleshaj, i mituri q\u00eb u arrestua nga policia si autori i ngjarjes q\u00eb p\u00ebrgjaku oborrin e shkoll\u00ebs &#8220;Fan Noli&#8221; n\u00eb Tiran\u00eb.\u00a0<\/span><\/p>\n","protected":false,"gt_translate_keys":[{"key":"rendered","format":"html"}]},"excerpt":{"rendered":"<p>Policia e Tiran\u00ebs ka arrestuar\u00a0 14-vje\u00e7arin, e dyshuar p\u00ebr vrasjen e bashk\u00ebmoshatarit dhe plagosjen e nj\u00eb tjet\u00ebr n\u00eb af\u00ebrsi t\u00eb shkoll\u00ebs \u201cFan Noli\u201d. Ngjarja ndodhi dit\u00ebn e djeshme, pas nj\u00eb konflikti p\u00ebr motive t\u00eb dob\u00ebta mes t\u00eb rinjve. Njoftimi i Policise: N\u00eb vijim t\u00eb veprimeve hetimore dhe procedurale t\u00eb kryera n\u00eb lidhje me ngjarjen e [&hellip;]<\/p>\n","protected":false,"gt_translate_keys":[{"key":"rendered","format":"html"}]},"author":49,"featured_media":710109,"comment_status":"closed","ping_status":"open","sticky":false,"template":"","format":"standard","meta":{"footnotes":""},"categories":[65],"tags":[],"class_list":["post-710176","post","type-post","status-publish","format-standard","has-post-thumbnail","hentry","category-lajme"],"gt_translate_keys":[{"key":"link","format":"url"}],"_links":{"self":[{"href":"https:\/\/www.hashtag.al\/index.php\/wp-json\/wp\/v2\/posts\/710176","targetHints":{"allow":["GET"]}}],"collection":[{"href":"https:\/\/www.hashtag.al\/index.php\/wp-json\/wp\/v2\/posts"}],"about":[{"href":"https:\/\/www.hashtag.al\/index.php\/wp-json\/wp\/v2\/types\/post"}],"author":[{"embeddable":true,"href":"https:\/\/www.hashtag.al\/index.php\/wp-json\/wp\/v2\/users\/49"}],"replies":[{"embeddable":true,"href":"https:\/\/www.hashtag.al\/index.php\/wp-json\/wp\/v2\/comments?post=710176"}],"version-history":[{"count":0,"href":"https:\/\/www.hashtag.al\/index.php\/wp-json\/wp\/v2\/posts\/710176\/revisions"}],"wp:featuredmedia":[{"embeddable":true,"href":"https:\/\/www.hashtag.al\/index.php\/wp-json\/wp\/v2\/media\/710109"}],"wp:attachment":[{"href":"https:\/\/www.hashtag.al\/index.php\/wp-json\/wp\/v2\/media?parent=710176"}],"wp:term":[{"taxonomy":"category","embeddable":true,"href":"https:\/\/www.hashtag.al\/index.php\/wp-json\/wp\/v2\/categories?post=710176"},{"taxonomy":"post_tag","embeddable":true,"href":"https:\/\/www.hashtag.al\/index.php\/wp-json\/wp\/v2\/tags?post=710176"}],"curies":[{"name":"wp","href":"https:\/\/api.w.org\/{rel}","templated":true}]}}