{"id":709848,"date":"2024-11-17T17:14:14","date_gmt":"2024-11-17T16:14:14","guid":{"rendered":"https:\/\/www.hashtag.al\/?p=709848"},"modified":"2024-11-17T17:15:53","modified_gmt":"2024-11-17T16:15:53","slug":"spiropali-pershendet-lumnimin-e-dy-martireve-shqiptare-nga-vatikani-lartesim-i-pervujtenise-te-klerikeve-shqiptare","status":"publish","type":"post","link":"https:\/\/www.hashtag.al\/index.php\/2024\/11\/17\/spiropali-pershendet-lumnimin-e-dy-martireve-shqiptare-nga-vatikani-lartesim-i-pervujtenise-te-klerikeve-shqiptare\/","title":{"rendered":"Spiropali p\u00ebrsh\u00ebndet lumnimin e dy martir\u00ebve shqiptar\u00eb nga Vatikani: Lart\u00ebsim i p\u00ebrvujt\u00ebnis\u00eb t\u00eb klerik\u00ebve shqiptar\u00eb","gt_translate_keys":[{"key":"rendered","format":"text"}]},"content":{"rendered":"<p><img loading=\"lazy\" decoding=\"async\" class=\"aligncenter size-full wp-image-709849\" src=\"https:\/\/www.hashtag.al\/wp-content\/uploads\/2024\/11\/WhatsApp-Image-2024-11-17-at-16.56.31.jpeg\" alt=\"\" width=\"1080\" height=\"720\" srcset=\"https:\/\/www.hashtag.al\/wp-content\/uploads\/2024\/11\/WhatsApp-Image-2024-11-17-at-16.56.31.jpeg 1080w, https:\/\/www.hashtag.al\/wp-content\/uploads\/2024\/11\/WhatsApp-Image-2024-11-17-at-16.56.31-300x200.jpeg 300w, https:\/\/www.hashtag.al\/wp-content\/uploads\/2024\/11\/WhatsApp-Image-2024-11-17-at-16.56.31-1024x683.jpeg 1024w, https:\/\/www.hashtag.al\/wp-content\/uploads\/2024\/11\/WhatsApp-Image-2024-11-17-at-16.56.31-768x512.jpeg 768w\" sizes=\"auto, (max-width: 1080px) 100vw, 1080px\" \/><\/p>\n<p><span style=\"color: #000000;\">Kryetarja e Kuvendit, Elisa Spiropali, ka p\u00ebrsh\u00ebndetur lumnimin nga Vatikani t\u00eb dy martir\u00ebve shqiptar\u00eb, Dom Gjon Gazulli dhe At Luigj Paliq.<\/span><\/p>\n<p><span style=\"color: #000000;\">N\u00eb nj\u00eb sh\u00ebnim n\u00eb rrjetet sociale ajo shkruan se lumnimi i Dom Gjon Gazullit dhe Al Luigji Paliqit e \u00e7on n\u00eb 40 numrin e martir\u00ebve shqiptar\u00eb t\u00eb shpallurnga Vatikani.<\/span><\/p>\n<p><span style=\"color: #000000;\"><em>\u201cLumnimi i dy martir\u00ebve, Dom Gjon Gazulli dhe At Luigj Paliq, e ngriti n\u00eb 40 numrin e martir\u00ebve shqiptar\u00eb t\u00eb shpallur nga Vatikani. Mir\u00ebnjohje, nderim dhe falenderim Selis\u00eb s\u00eb Shenjt\u00eb dhe Papa Fran\u00e7eskut p\u00ebr lart\u00ebsimin e pervujt\u00ebnis\u00eb sakrifikuese t\u00eb klerik\u00ebve katolik\u00eb shqiptar\u00eb p\u00ebr Fe, Liri, Atdhe.\u201d<\/em> -shkruan Spiropali.<\/span><\/p>\n<p><span style=\"color: #000000;\">Lumnimi u njoftua nga Papa Fran\u00e7esku n\u00eb mesh\u00ebn e s\u00eb diel\u00ebs n\u00eb Vatikan.<\/span><\/p>\n","protected":false,"gt_translate_keys":[{"key":"rendered","format":"html"}]},"excerpt":{"rendered":"<p>Kryetarja e Kuvendit, Elisa Spiropali, ka p\u00ebrsh\u00ebndetur lumnimin nga Vatikani t\u00eb dy martir\u00ebve shqiptar\u00eb, Dom Gjon Gazulli dhe At Luigj Paliq. N\u00eb nj\u00eb sh\u00ebnim n\u00eb rrjetet sociale ajo shkruan se lumnimi i Dom Gjon Gazullit dhe Al Luigji Paliqit e \u00e7on n\u00eb 40 numrin e martir\u00ebve shqiptar\u00eb t\u00eb shpallurnga Vatikani. \u201cLumnimi i dy martir\u00ebve, Dom [&hellip;]<\/p>\n","protected":false,"gt_translate_keys":[{"key":"rendered","format":"html"}]},"author":51,"featured_media":709849,"comment_status":"closed","ping_status":"open","sticky":false,"template":"","format":"standard","meta":{"footnotes":""},"categories":[65],"tags":[],"class_list":["post-709848","post","type-post","status-publish","format-standard","has-post-thumbnail","hentry","category-lajme"],"gt_translate_keys":[{"key":"link","format":"url"}],"_links":{"self":[{"href":"https:\/\/www.hashtag.al\/index.php\/wp-json\/wp\/v2\/posts\/709848","targetHints":{"allow":["GET"]}}],"collection":[{"href":"https:\/\/www.hashtag.al\/index.php\/wp-json\/wp\/v2\/posts"}],"about":[{"href":"https:\/\/www.hashtag.al\/index.php\/wp-json\/wp\/v2\/types\/post"}],"author":[{"embeddable":true,"href":"https:\/\/www.hashtag.al\/index.php\/wp-json\/wp\/v2\/users\/51"}],"replies":[{"embeddable":true,"href":"https:\/\/www.hashtag.al\/index.php\/wp-json\/wp\/v2\/comments?post=709848"}],"version-history":[{"count":0,"href":"https:\/\/www.hashtag.al\/index.php\/wp-json\/wp\/v2\/posts\/709848\/revisions"}],"wp:featuredmedia":[{"embeddable":true,"href":"https:\/\/www.hashtag.al\/index.php\/wp-json\/wp\/v2\/media\/709849"}],"wp:attachment":[{"href":"https:\/\/www.hashtag.al\/index.php\/wp-json\/wp\/v2\/media?parent=709848"}],"wp:term":[{"taxonomy":"category","embeddable":true,"href":"https:\/\/www.hashtag.al\/index.php\/wp-json\/wp\/v2\/categories?post=709848"},{"taxonomy":"post_tag","embeddable":true,"href":"https:\/\/www.hashtag.al\/index.php\/wp-json\/wp\/v2\/tags?post=709848"}],"curies":[{"name":"wp","href":"https:\/\/api.w.org\/{rel}","templated":true}]}}