{"id":709801,"date":"2024-11-17T11:50:02","date_gmt":"2024-11-17T10:50:02","guid":{"rendered":"https:\/\/www.hashtag.al\/?p=709801"},"modified":"2024-11-17T11:50:02","modified_gmt":"2024-11-17T10:50:02","slug":"pd-i-kerkon-spak-ut-te-hetoje-dhenien-e-statusit-investitor-strategjik-per-vellain-e-ish-deputetit-te-ps-dhe-ish-nenkryetarin-e-bashkise-vore","status":"publish","type":"post","link":"https:\/\/www.hashtag.al\/index.php\/2024\/11\/17\/pd-i-kerkon-spak-ut-te-hetoje-dhenien-e-statusit-investitor-strategjik-per-vellain-e-ish-deputetit-te-ps-dhe-ish-nenkryetarin-e-bashkise-vore\/","title":{"rendered":"PD i k\u00ebrkon SPAK-ut t\u00eb hetoj\u00eb dh\u00ebnien e Statusit Investitor Strategjik p\u00ebr v\u00ebllain e ish-deputetit t\u00eb PS dhe ish-n\u00ebnkryetarin e Bashkis\u00eb Vor\u00eb","gt_translate_keys":[{"key":"rendered","format":"text"}]},"content":{"rendered":"<p><span style=\"color: #000000;\"><a href=\"https:\/\/www.hashtag.al\/wp-content\/uploads\/2024\/11\/greta-vangjeli.jpeg\"><img loading=\"lazy\" decoding=\"async\" class=\"aligncenter size-full wp-image-709803\" src=\"https:\/\/www.hashtag.al\/wp-content\/uploads\/2024\/11\/greta-vangjeli.jpeg\" alt=\"\" width=\"1280\" height=\"852\" srcset=\"https:\/\/www.hashtag.al\/wp-content\/uploads\/2024\/11\/greta-vangjeli.jpeg 1280w, https:\/\/www.hashtag.al\/wp-content\/uploads\/2024\/11\/greta-vangjeli-300x200.jpeg 300w, https:\/\/www.hashtag.al\/wp-content\/uploads\/2024\/11\/greta-vangjeli-1024x682.jpeg 1024w, https:\/\/www.hashtag.al\/wp-content\/uploads\/2024\/11\/greta-vangjeli-768x511.jpeg 768w\" sizes=\"auto, (max-width: 1280px) 100vw, 1280px\" \/><\/a><\/span><\/p>\n<p><span style=\"color: #000000;\">Partia Demokratike i ka b\u00ebr\u00eb thirrje SPAK-ut t\u00eb hetoj\u00eb procedurat e shpalljes si investitor strategjik nga qeveria t\u00eb ish-n\u00ebnkryetarit t\u00eb Bashkis\u00eb s\u00eb Vor\u00ebs, Hekuran Brahimaj dhe Turjan Hyskos, v\u00ebllai i ish-deputetit socialist dhe kryetar i FRESSH, Elio Hyskos.<\/span><\/p>\n<p><span style=\"color: #000000;\">Z\u00ebdh\u00ebn\u00ebsja e antikorrupsionit n\u00eb PD Genta Vangjeli, tha se \u201cedhe pse me nj\u00eb rit\u00ebm jo shum\u00eb t\u00eb suksessh\u00ebm n\u00eb biznes duke pasur parasysh se nga 7 biznese t\u00eb regjistruara n\u00eb dhe pas vitit 2021, 5 prej tyre jan\u00eb n\u00eb likuidim e sip\u00ebr nuk e pengoi Edi Ram\u00ebn t\u00eb miratonte statusin e ve\u00e7ant\u00eb t\u00eb investitorit strategjik p\u00ebr eksponentin e Partis\u00eb Socialiste\u201d.<\/span><\/p>\n<p><span style=\"color: #000000;\">\u201cMe an\u00eb t\u00eb Vendimit t\u00eb komitetit strategjik nr. 9, dat\u00eb 23 Korrik 2024, Edi Rama miratoi n\u00eb parim masa mb\u00ebshtet\u00ebse p\u00ebr v\u00ebnie n\u00eb dispozicion t\u00eb pasuris\u00eb s\u00eb paluajtshme shtet\u00ebrore me sip\u00ebrfaqe prej 76,950 m2, n\u00eb ZK.2518, e z\u00ebrit kadastral \u2018ullishte\u2019 dhe \u2018pemtore\u2019.<\/span><\/p>\n<p><span style=\"color: #000000;\">Investimi parashikohet me vler\u00eb 50 milion euro.<\/span><\/p>\n<p><span style=\"color: #000000;\"><a href=\"https:\/\/www.hashtag.al\/wp-content\/uploads\/2024\/11\/dok.jpg\"><img loading=\"lazy\" decoding=\"async\" class=\"aligncenter size-full wp-image-709802\" src=\"https:\/\/www.hashtag.al\/wp-content\/uploads\/2024\/11\/dok.jpg\" alt=\"\" width=\"456\" height=\"525\" srcset=\"https:\/\/www.hashtag.al\/wp-content\/uploads\/2024\/11\/dok.jpg 456w, https:\/\/www.hashtag.al\/wp-content\/uploads\/2024\/11\/dok-261x300.jpg 261w\" sizes=\"auto, (max-width: 456px) 100vw, 456px\" \/><\/a><\/span><\/p>\n<p><span style=\"color: #000000;\">Projekti prek nj\u00eb sip\u00ebrfaqe prej 41,915 m2 n\u00eb pron\u00ebsi \u2018private\u2019 t\u00eb subjekteve aplikuese, gjithashtu nj\u00eb sip\u00ebrfaqe prej 76,950 m2 n\u00eb pron\u00ebsi \u2018shtet\u2019. Nd\u00ebrkoh\u00eb, subjektet p\u00ebr nj\u00eb sip\u00ebrfaqe prej 39,009 m2 jan\u00eb ende n\u00eb faz\u00eb negociatash me subjekte private.<\/span><\/p>\n<p><span style=\"color: #000000;\">Theksojm\u00eb se veprimet procedurale t\u00eb Ministris\u00eb s\u00eb Ekonomis\u00eb Kultur\u00ebs dhe Inovacionit, Agjencis\u00eb Shtet\u00ebrore t\u00eb Kadastr\u00ebs, Bashkis\u00eb Himar\u00eb q\u00eb i duhej me patjet\u00ebr Edi Ram\u00ebs pik\u00ebrisht p\u00ebr k\u00ebto arsye, si dhe Sekretariatit t\u00eb K\u00ebshillit Komb\u00ebtar t\u00eb Territorit dhe Ujit (KKTU) do t\u00eb jen\u00eb n\u00eb v\u00ebmendjen ton\u00eb.<\/span><\/p>\n<p><span style=\"color: #000000;\">Partia Demokratike k\u00ebrkon nga SPAK t\u00eb hetoj\u00eb procedur\u00ebn e ndjekur p\u00ebr k\u00ebt\u00eb investim strategjik i cili do t\u00eb p\u00ebrfshij\u00eb tok\u00eb shtet\u00ebror\u00eb dhe private duke zbardhur dhe burimin e t\u00eb ardhura t\u00eb ligjshme p\u00ebr implementimin e k\u00ebtij projekti\u201d, thuhet n\u00eb deklarat\u00eb.<\/span><\/p>\n","protected":false,"gt_translate_keys":[{"key":"rendered","format":"html"}]},"excerpt":{"rendered":"<p>Partia Demokratike i ka b\u00ebr\u00eb thirrje SPAK-ut t\u00eb hetoj\u00eb procedurat e shpalljes si investitor strategjik nga qeveria t\u00eb ish-n\u00ebnkryetarit t\u00eb Bashkis\u00eb s\u00eb Vor\u00ebs, Hekuran Brahimaj dhe Turjan Hyskos, v\u00ebllai i ish-deputetit socialist dhe kryetar i FRESSH, Elio Hyskos. Z\u00ebdh\u00ebn\u00ebsja e antikorrupsionit n\u00eb PD Genta Vangjeli, tha se \u201cedhe pse me nj\u00eb rit\u00ebm jo shum\u00eb t\u00eb [&hellip;]<\/p>\n","protected":false,"gt_translate_keys":[{"key":"rendered","format":"html"}]},"author":32,"featured_media":709803,"comment_status":"closed","ping_status":"open","sticky":false,"template":"","format":"standard","meta":{"footnotes":""},"categories":[65,13],"tags":[],"class_list":["post-709801","post","type-post","status-publish","format-standard","has-post-thumbnail","hentry","category-lajme","category-te-fundit"],"gt_translate_keys":[{"key":"link","format":"url"}],"_links":{"self":[{"href":"https:\/\/www.hashtag.al\/index.php\/wp-json\/wp\/v2\/posts\/709801","targetHints":{"allow":["GET"]}}],"collection":[{"href":"https:\/\/www.hashtag.al\/index.php\/wp-json\/wp\/v2\/posts"}],"about":[{"href":"https:\/\/www.hashtag.al\/index.php\/wp-json\/wp\/v2\/types\/post"}],"author":[{"embeddable":true,"href":"https:\/\/www.hashtag.al\/index.php\/wp-json\/wp\/v2\/users\/32"}],"replies":[{"embeddable":true,"href":"https:\/\/www.hashtag.al\/index.php\/wp-json\/wp\/v2\/comments?post=709801"}],"version-history":[{"count":0,"href":"https:\/\/www.hashtag.al\/index.php\/wp-json\/wp\/v2\/posts\/709801\/revisions"}],"wp:featuredmedia":[{"embeddable":true,"href":"https:\/\/www.hashtag.al\/index.php\/wp-json\/wp\/v2\/media\/709803"}],"wp:attachment":[{"href":"https:\/\/www.hashtag.al\/index.php\/wp-json\/wp\/v2\/media?parent=709801"}],"wp:term":[{"taxonomy":"category","embeddable":true,"href":"https:\/\/www.hashtag.al\/index.php\/wp-json\/wp\/v2\/categories?post=709801"},{"taxonomy":"post_tag","embeddable":true,"href":"https:\/\/www.hashtag.al\/index.php\/wp-json\/wp\/v2\/tags?post=709801"}],"curies":[{"name":"wp","href":"https:\/\/api.w.org\/{rel}","templated":true}]}}