{"id":709761,"date":"2024-11-16T20:46:03","date_gmt":"2024-11-16T19:46:03","guid":{"rendered":"https:\/\/www.hashtag.al\/?p=709761"},"modified":"2024-11-16T20:46:03","modified_gmt":"2024-11-16T19:46:03","slug":"braktisja-e-ndeshjes-ne-rumani-uefa-vjen-me-pergjigje-per-sfiden-e-kosoves","status":"publish","type":"post","link":"https:\/\/www.hashtag.al\/index.php\/2024\/11\/16\/braktisja-e-ndeshjes-ne-rumani-uefa-vjen-me-pergjigje-per-sfiden-e-kosoves\/","title":{"rendered":"Braktisja e ndeshjes n\u00eb Rumani, UEFA vjen me p\u00ebrgjigje p\u00ebr sfid\u00ebn e Kosov\u00ebs","gt_translate_keys":[{"key":"rendered","format":"text"}]},"content":{"rendered":"<p><span style=\"color: #000000;\"><a href=\"https:\/\/www.hashtag.al\/wp-content\/uploads\/2024\/11\/kosov-rumani1.jpg\"><img loading=\"lazy\" decoding=\"async\" class=\"aligncenter size-full wp-image-709762\" src=\"https:\/\/www.hashtag.al\/wp-content\/uploads\/2024\/11\/kosov-rumani1.jpg\" alt=\"\" width=\"740\" height=\"412\" srcset=\"https:\/\/www.hashtag.al\/wp-content\/uploads\/2024\/11\/kosov-rumani1.jpg 740w, https:\/\/www.hashtag.al\/wp-content\/uploads\/2024\/11\/kosov-rumani1-300x167.jpg 300w\" sizes=\"auto, (max-width: 740px) 100vw, 740px\" \/><\/a><\/span><\/p>\n<p><span style=\"color: #000000;\">Sfida mes Rumanis\u00eb dhe Kosov\u00ebs e vlefshme p\u00ebr Lig\u00ebn e Kombeve u nd\u00ebrpre dje pak \u00e7aste para fundit. Ishte p\u00ebrfaq\u00ebsuesja e Kosov\u00ebs q\u00eb braktisi ndeshjen pas ofendimeve raciste q\u00eb vinin nga shkall\u00ebt e stadiumit n\u00eb Bukuresht.<\/span><\/p>\n<p><span style=\"color: #000000;\">T\u00eb gjith\u00eb syt\u00eb jan\u00eb te UEFA, p\u00ebr vendimin q\u00eb k\u00ebto t\u00eb fundit do t\u00eb marrin. UEFA me nj\u00eb p\u00ebrgjigje tregon se jan\u00eb hapur procedurat p\u00ebr ngjarjet q\u00eb ndodh\u00ebn n\u00eb Bukuresht, nd\u00ebrsa informacione t\u00eb m\u00ebtejshme do t\u00eb jepen n\u00eb vijim.<\/span><\/p>\n<p><span style=\"color: #000000;\"><em>\u201cProcedura u hap\u00ebn pas ndeshjes s\u00eb Lig\u00ebs s\u00eb Kombeve mes Rumanis\u00eb dhe Kosov\u00ebs. Procedurat disiplinore kan\u00eb nisur kund\u00ebr federat\u00ebs rumune dhe federat\u00ebs kosovare, n\u00eb p\u00ebrputhje me nenin 55 t\u00eb rregullores disiplinore t\u00eb UEFA-s. Informacione t\u00eb m\u00ebtejshme rreth k\u00ebtyre procedurave do t\u00eb jen\u00eb n\u00eb dispozicion n\u00eb koh\u00ebn e duhur\u201d,<\/em> shkruhet n\u00eb p\u00ebrgjigjen e UEFA-s p\u00ebr gazet\u00ebn <span style=\"color: #0000ff;\">\u201cKoha Ditore<\/span>\u201d n\u00eb Kosov\u00eb.<\/span><\/p>\n","protected":false,"gt_translate_keys":[{"key":"rendered","format":"html"}]},"excerpt":{"rendered":"<p>Sfida mes Rumanis\u00eb dhe Kosov\u00ebs e vlefshme p\u00ebr Lig\u00ebn e Kombeve u nd\u00ebrpre dje pak \u00e7aste para fundit. Ishte p\u00ebrfaq\u00ebsuesja e Kosov\u00ebs q\u00eb braktisi ndeshjen pas ofendimeve raciste q\u00eb vinin nga shkall\u00ebt e stadiumit n\u00eb Bukuresht. T\u00eb gjith\u00eb syt\u00eb jan\u00eb te UEFA, p\u00ebr vendimin q\u00eb k\u00ebto t\u00eb fundit do t\u00eb marrin. UEFA me nj\u00eb p\u00ebrgjigje [&hellip;]<\/p>\n","protected":false,"gt_translate_keys":[{"key":"rendered","format":"html"}]},"author":32,"featured_media":709762,"comment_status":"closed","ping_status":"open","sticky":false,"template":"","format":"standard","meta":{"footnotes":""},"categories":[149],"tags":[],"class_list":["post-709761","post","type-post","status-publish","format-standard","has-post-thumbnail","hentry","category-kosoverajon"],"gt_translate_keys":[{"key":"link","format":"url"}],"_links":{"self":[{"href":"https:\/\/www.hashtag.al\/index.php\/wp-json\/wp\/v2\/posts\/709761","targetHints":{"allow":["GET"]}}],"collection":[{"href":"https:\/\/www.hashtag.al\/index.php\/wp-json\/wp\/v2\/posts"}],"about":[{"href":"https:\/\/www.hashtag.al\/index.php\/wp-json\/wp\/v2\/types\/post"}],"author":[{"embeddable":true,"href":"https:\/\/www.hashtag.al\/index.php\/wp-json\/wp\/v2\/users\/32"}],"replies":[{"embeddable":true,"href":"https:\/\/www.hashtag.al\/index.php\/wp-json\/wp\/v2\/comments?post=709761"}],"version-history":[{"count":0,"href":"https:\/\/www.hashtag.al\/index.php\/wp-json\/wp\/v2\/posts\/709761\/revisions"}],"wp:featuredmedia":[{"embeddable":true,"href":"https:\/\/www.hashtag.al\/index.php\/wp-json\/wp\/v2\/media\/709762"}],"wp:attachment":[{"href":"https:\/\/www.hashtag.al\/index.php\/wp-json\/wp\/v2\/media?parent=709761"}],"wp:term":[{"taxonomy":"category","embeddable":true,"href":"https:\/\/www.hashtag.al\/index.php\/wp-json\/wp\/v2\/categories?post=709761"},{"taxonomy":"post_tag","embeddable":true,"href":"https:\/\/www.hashtag.al\/index.php\/wp-json\/wp\/v2\/tags?post=709761"}],"curies":[{"name":"wp","href":"https:\/\/api.w.org\/{rel}","templated":true}]}}