{"id":709651,"date":"2024-11-16T09:35:15","date_gmt":"2024-11-16T08:35:15","guid":{"rendered":"https:\/\/www.hashtag.al\/?p=709651"},"modified":"2024-11-16T09:35:15","modified_gmt":"2024-11-16T08:35:15","slug":"cmenduri-te-rrish-ne-greqi-rama-po-pergatitemi-te-hapim-nje-dritare-per-emigrantet-ne-ndertim-dhe-turizem","status":"publish","type":"post","link":"https:\/\/www.hashtag.al\/index.php\/2024\/11\/16\/cmenduri-te-rrish-ne-greqi-rama-po-pergatitemi-te-hapim-nje-dritare-per-emigrantet-ne-ndertim-dhe-turizem\/","title":{"rendered":"\u201c\u00c7menduri t\u00eb rrish n\u00eb Greqi\u201d- Rama: Po p\u00ebrgatitemi t\u00eb hapim nj\u00eb dritare p\u00ebr emigrant\u00ebt n\u00eb nd\u00ebrtim dhe turiz\u00ebm","gt_translate_keys":[{"key":"rendered","format":"text"}]},"content":{"rendered":"<p style=\"text-align: left;\"><span style=\"color: #000000;\"><img loading=\"lazy\" decoding=\"async\" class=\" wp-image-709652 aligncenter\" src=\"https:\/\/www.hashtag.al\/wp-content\/uploads\/2024\/11\/edi-rama14-300x171.jpg\" alt=\"\" width=\"963\" height=\"549\" srcset=\"https:\/\/www.hashtag.al\/wp-content\/uploads\/2024\/11\/edi-rama14-300x171.jpg 300w, https:\/\/www.hashtag.al\/wp-content\/uploads\/2024\/11\/edi-rama14-1024x584.jpg 1024w, https:\/\/www.hashtag.al\/wp-content\/uploads\/2024\/11\/edi-rama14-768x438.jpg 768w, https:\/\/www.hashtag.al\/wp-content\/uploads\/2024\/11\/edi-rama14.jpg 1231w\" sizes=\"auto, (max-width: 963px) 100vw, 963px\" \/><\/span><\/p>\n<p style=\"text-align: left;\"><span style=\"color: #000000;\">Kryeministri Edi Rama ka deklaruar se Shqip\u00ebria ka nj\u00eb k\u00ebrkes\u00eb t\u00eb madhe p\u00ebr punonj\u00ebs t\u00eb kualifikuar n\u00eb sektor\u00ebt e turizmit dhe nd\u00ebrtimit, duke i cil\u00ebsuar pagat n\u00eb k\u00ebto fusha si shum\u00eb t\u00eb mira. <\/span><\/p>\n<p style=\"text-align: left;\"><span style=\"color: #000000;\">N\u00eb podkastin e tij \u201cFlasim\u201d, Rama njoftoi planin p\u00ebr t\u00eb hapur nj\u00eb dritare pune p\u00ebr emigrant\u00ebt n\u00eb Greqi, Itali dhe Gjermani, duke ofruar kontrata konkrete p\u00ebr vende pune n\u00eb Shqip\u00ebri. Ai e quajti \u201c\u00e7menduri\u201d t\u00eb q\u00ebndrosh n\u00eb nd\u00ebrtim n\u00eb Greqi kur n\u00eb Shqip\u00ebri ka k\u00ebrkes\u00eb dhe paga t\u00eb larta.<\/span><\/p>\n<p style=\"text-align: left;\"><span style=\"color: #000000;\"><em>\u201cPo p\u00ebrgatitemi t\u00eb hapim nj\u00eb dritare p\u00ebr ata q\u00eb jan\u00eb n\u00eb emigracion n\u00eb fush\u00ebn e nd\u00ebrtimit dhe turizmit.<\/em><\/span><\/p>\n<p style=\"text-align: left;\"><span style=\"color: #000000;\"><em>\u00cbsht\u00eb \u00e7menduri t\u00eb rrish n\u00eb nd\u00ebrtim n\u00eb Greqi, dhe t\u00eb mos vish k\u00ebtu kur k\u00ebrkesa \u00ebsht\u00eb shum\u00eb e madhe p\u00ebr njer\u00ebz t\u00eb kualifikuar dhe paga \u00ebsht\u00eb super. Dhe me k\u00ebt\u00eb dritare do ta hapim n\u00eb Athin\u00eb Milano, Gjermani patjet\u00ebr p\u00ebr ti dh\u00ebn\u00eb oferta konkrete t\u00eb tregut, psh. bari ka nevoj\u00eb p\u00ebr nj\u00eb person dhe kjo \u00ebsht\u00eb kontrata, do t\u00eb shikojm\u00eb se si do t\u00eb ec\u00eb\u201d,<\/em>\u00a0u shpreh Rama.<\/span><\/p>\n","protected":false,"gt_translate_keys":[{"key":"rendered","format":"html"}]},"excerpt":{"rendered":"<p>Kryeministri Edi Rama ka deklaruar se Shqip\u00ebria ka nj\u00eb k\u00ebrkes\u00eb t\u00eb madhe p\u00ebr punonj\u00ebs t\u00eb kualifikuar n\u00eb sektor\u00ebt e turizmit dhe nd\u00ebrtimit, duke i cil\u00ebsuar pagat n\u00eb k\u00ebto fusha si shum\u00eb t\u00eb mira. N\u00eb podkastin e tij \u201cFlasim\u201d, Rama njoftoi planin p\u00ebr t\u00eb hapur nj\u00eb dritare pune p\u00ebr emigrant\u00ebt n\u00eb Greqi, Itali dhe Gjermani, duke [&hellip;]<\/p>\n","protected":false,"gt_translate_keys":[{"key":"rendered","format":"html"}]},"author":49,"featured_media":709652,"comment_status":"closed","ping_status":"open","sticky":false,"template":"","format":"standard","meta":{"footnotes":""},"categories":[65],"tags":[],"class_list":["post-709651","post","type-post","status-publish","format-standard","has-post-thumbnail","hentry","category-lajme"],"gt_translate_keys":[{"key":"link","format":"url"}],"_links":{"self":[{"href":"https:\/\/www.hashtag.al\/index.php\/wp-json\/wp\/v2\/posts\/709651","targetHints":{"allow":["GET"]}}],"collection":[{"href":"https:\/\/www.hashtag.al\/index.php\/wp-json\/wp\/v2\/posts"}],"about":[{"href":"https:\/\/www.hashtag.al\/index.php\/wp-json\/wp\/v2\/types\/post"}],"author":[{"embeddable":true,"href":"https:\/\/www.hashtag.al\/index.php\/wp-json\/wp\/v2\/users\/49"}],"replies":[{"embeddable":true,"href":"https:\/\/www.hashtag.al\/index.php\/wp-json\/wp\/v2\/comments?post=709651"}],"version-history":[{"count":0,"href":"https:\/\/www.hashtag.al\/index.php\/wp-json\/wp\/v2\/posts\/709651\/revisions"}],"wp:featuredmedia":[{"embeddable":true,"href":"https:\/\/www.hashtag.al\/index.php\/wp-json\/wp\/v2\/media\/709652"}],"wp:attachment":[{"href":"https:\/\/www.hashtag.al\/index.php\/wp-json\/wp\/v2\/media?parent=709651"}],"wp:term":[{"taxonomy":"category","embeddable":true,"href":"https:\/\/www.hashtag.al\/index.php\/wp-json\/wp\/v2\/categories?post=709651"},{"taxonomy":"post_tag","embeddable":true,"href":"https:\/\/www.hashtag.al\/index.php\/wp-json\/wp\/v2\/tags?post=709651"}],"curies":[{"name":"wp","href":"https:\/\/api.w.org\/{rel}","templated":true}]}}