{"id":709587,"date":"2024-11-15T19:55:26","date_gmt":"2024-11-15T18:55:26","guid":{"rendered":"https:\/\/www.hashtag.al\/?p=709587"},"modified":"2024-11-15T19:55:26","modified_gmt":"2024-11-15T18:55:26","slug":"shefi-i-kabinetit-te-netanyahut-nen-hetim-lidhur-me-ndryshimin-e-dokumenteve-diten-e-sulmit-te-hamasit","status":"publish","type":"post","link":"https:\/\/www.hashtag.al\/index.php\/2024\/11\/15\/shefi-i-kabinetit-te-netanyahut-nen-hetim-lidhur-me-ndryshimin-e-dokumenteve-diten-e-sulmit-te-hamasit\/","title":{"rendered":"Shefi i kabinetit t\u00eb Netanyahut n\u00ebn hetim lidhur me ndryshimin e dokumenteve dit\u00ebn e sulmit t\u00eb Hamasit","gt_translate_keys":[{"key":"rendered","format":"text"}]},"content":{"rendered":"<p><span style=\"color: #000000;\"><a href=\"https:\/\/www.hashtag.al\/wp-content\/uploads\/2024\/11\/netanyahu-shefi-i-kabinetit.png\"><img loading=\"lazy\" decoding=\"async\" class=\"aligncenter size-full wp-image-709590\" src=\"https:\/\/www.hashtag.al\/wp-content\/uploads\/2024\/11\/netanyahu-shefi-i-kabinetit.png\" alt=\"\" width=\"913\" height=\"480\" srcset=\"https:\/\/www.hashtag.al\/wp-content\/uploads\/2024\/11\/netanyahu-shefi-i-kabinetit.png 913w, https:\/\/www.hashtag.al\/wp-content\/uploads\/2024\/11\/netanyahu-shefi-i-kabinetit-300x158.png 300w, https:\/\/www.hashtag.al\/wp-content\/uploads\/2024\/11\/netanyahu-shefi-i-kabinetit-768x404.png 768w\" sizes=\"auto, (max-width: 913px) 100vw, 913px\" \/><\/a><\/span><\/p>\n<p><span style=\"color: #000000;\">Shefi i kabinetit t\u00eb kryeministrit izraelit Benjamin Netanyahu po hetohet nga policia lidhur me akuzat p\u00ebr ndryshimin e dokumenteve n\u00eb lidhje me sulmin e Hamasit t\u00eb 7 tetorit p\u00ebr t\u00eb portretizuar shefin e tij n\u00eb nj\u00eb drit\u00eb m\u00eb t\u00eb favorshme.<\/span><\/p>\n<p><span style=\"color: #000000;\">Tzachi Braverman, nj\u00eb nga k\u00ebshilltar\u00ebt m\u00eb t\u00eb af\u00ebrt t\u00eb Netanyahut, u mor n\u00eb pyetje nga nj\u00ebsia e krimeve t\u00eb m\u00ebdha t\u00eb policis\u00eb izraelite Lahav 433 p\u00ebr m\u00eb shum\u00eb se pes\u00eb or\u00eb t\u00eb enjten, sipas raportimeve n\u00eb mediat izraelite.<\/span><\/p>\n<p><span style=\"color: #000000;\">Detektiv\u00ebt kan\u00eb konfirmuar se nj\u00eb hetim \u00ebsht\u00eb duke u zhvilluar.<\/span><\/p>\n<p><span style=\"color: #000000;\">Akuza fokusohet rreth dy telefonatave q\u00eb Netanyahu mori nd\u00ebrsa sulmi nd\u00ebrkufitar i Hamasit po shpalosej m\u00eb 7 tetor 2023.<\/span><\/p>\n<p><span style=\"color: #000000;\">Netanyahu i Izraelit tregon se kush i quan t\u00eb sht\u00ebnat me shkarkimin e Gallantit<\/span><\/p>\n<p><span style=\"color: #000000;\">Braverman dyshohet se ka ndryshuar koh\u00ebn e dokumentuar kur Netanyahu mori p\u00ebr her\u00eb t\u00eb par\u00eb nj\u00eb p\u00ebrdit\u00ebsim mbi sulmin n\u00ebp\u00ebrmjet nj\u00eb telefonate nga sekretari i tij ushtarak n\u00eb at\u00eb koh\u00eb, gjeneralmajor Avi Gil.<\/span><\/p>\n<p><span style=\"color: #000000;\">Shefi i kabinetit akuzohet se ka ndryshuar or\u00ebn nga ora 06:40 n\u00eb 06:29.<\/span><\/p>\n<p><span style=\"color: #000000;\">Ai mohon t\u00eb ket\u00eb ndryshuar transkriptin e thirrjes p\u00ebrve\u00e7 ndryshimit t\u00eb or\u00ebs.<\/span><\/p>\n<p><span style=\"color: #000000;\">\u201cE di q\u00eb telefonata e par\u00eb \u00ebsht\u00eb marr\u00eb n\u00eb or\u00ebn 06:29, prandaj kam insistuar ta ndryshoj\u201d, m\u00ebsohet t\u2019u ket\u00eb th\u00ebn\u00eb ai detektiv\u00ebve gjat\u00eb marrjes n\u00eb pyetje.<\/span><\/p>\n<p><span style=\"color: #000000;\">Nd\u00ebrsa Gil kishte telefonuar Netanyahun n\u00eb or\u00ebn 06:29, kur filloi sulmi i Hamasit, Netanyahu nuk i dha asnj\u00eb udh\u00ebzim, duke i th\u00ebn\u00eb atij t\u00eb telefononte p\u00ebrs\u00ebri pas 10 minutash, n\u00eb or\u00ebn 06:40, sipas nj\u00eb raporti n\u00eb gazet\u00ebn Haaretz.<\/span><\/p>\n<p><span style=\"color: #000000;\">Vet\u00ebm gjat\u00eb telefonat\u00ebs s\u00eb dyt\u00eb p\u00ebr t\u00eb cil\u00ebn Braverman dyshohet se ndryshoi vul\u00ebn kohore p\u00ebr t&#8217;u dukur sikur ishte e para, q\u00eb Netanyahu urdh\u00ebroi Gil t\u00eb b\u00ebnte nj\u00eb vler\u00ebsim t\u00eb situat\u00ebs mbi pushtimin n\u00eb zhvillim t\u00eb Hamasit, raportoi Haaretz.<\/span><\/p>\n<p><span style=\"color: #000000;\">Pretendimi \u00ebsht\u00eb se Braverman ka ndryshuar koh\u00ebn, p\u00ebr t\u00eb krijuar p\u00ebrshtypjen se kryeministri ka vepruar me urgjenc\u00eb dhe m\u00eb vendosm\u00ebri.<\/span><\/p>\n<p><span style=\"color: #000000;\">Akuza u mohua nga shefi i kabintetit.<\/span><\/p>\n<p><span style=\"color: #000000;\">Sulmi i 7 tetorit ishte d\u00ebshtimi m\u00eb i madh ushtarak dhe i inteligjenc\u00ebs n\u00eb historin\u00eb e Izraelit.<\/span><\/p>\n<p><span style=\"color: #000000;\">Disa zyrtar\u00eb t\u00eb lart\u00eb ushtarak\u00eb kan\u00eb dh\u00ebn\u00eb tashm\u00eb dor\u00ebheqjen p\u00ebr k\u00ebt\u00eb.<\/span><\/p>\n<p><span style=\"color: #000000;\">Netanyahu ka mohuar vazhdimisht \u00e7do d\u00ebshtim personal.<\/span><\/p>\n<p><span style=\"color: #000000;\">Megjithat\u00eb, kritik\u00ebt e tij besojn\u00eb se \u00ebsht\u00eb kryeministri ai q\u00eb ishte p\u00ebrgjegj\u00ebs p\u00ebr d\u00ebshtimin p\u00ebr t\u00eb parandaluar sulmin m\u00eb vdekjeprur\u00ebs n\u00eb vend q\u00eb nga themelimi i Shtetit t\u00eb Izraelit n\u00eb 1948.<\/span><\/p>\n<p><span style=\"color: #000000;\">Hetime t\u00eb ndryshme jan\u00eb duke u zhvilluar p\u00ebr d\u00ebshtimet e ushtris\u00eb dhe inteligjenc\u00ebs dhe Netanyahu ka hedhur posht\u00eb pretendimet se ai po ngec n\u00eb k\u00ebrkesat p\u00ebr nj\u00eb hetim n\u00eb shkall\u00eb t\u00eb plot\u00eb.<\/span><\/p>\n<p><span style=\"color: #000000;\">Ky skandal i mundsh\u00ebm \u00ebsht\u00eb n\u00eb fillimet e tij, por mund t\u00eb vazhdoj\u00eb t\u00eb d\u00ebmtoj\u00eb seriozisht pozicionin e Kryeministrit.<\/span><\/p>\n<p><span style=\"color: #000000;\">Dhe kjo vjen n\u00eb nj\u00eb koh\u00eb kur Netanyahu \u00ebsht\u00eb n\u00eb mes t\u00eb nj\u00eb gjyqi me akuza p\u00ebr korrupsion. Ai do t\u00eb d\u00ebshmoj\u00eb n\u00eb at\u00eb gjyq muajin e ardhsh\u00ebm, pasi nuk arriti ta hedh\u00eb \u00e7\u00ebshtjen vet\u00eb, duke besuar se \u00ebsht\u00eb nj\u00eb gjueti shtrigash politike.<\/span><\/p>\n","protected":false,"gt_translate_keys":[{"key":"rendered","format":"html"}]},"excerpt":{"rendered":"<p>Shefi i kabinetit t\u00eb kryeministrit izraelit Benjamin Netanyahu po hetohet nga policia lidhur me akuzat p\u00ebr ndryshimin e dokumenteve n\u00eb lidhje me sulmin e Hamasit t\u00eb 7 tetorit p\u00ebr t\u00eb portretizuar shefin e tij n\u00eb nj\u00eb drit\u00eb m\u00eb t\u00eb favorshme. Tzachi Braverman, nj\u00eb nga k\u00ebshilltar\u00ebt m\u00eb t\u00eb af\u00ebrt t\u00eb Netanyahut, u mor n\u00eb pyetje nga [&hellip;]<\/p>\n","protected":false,"gt_translate_keys":[{"key":"rendered","format":"html"}]},"author":32,"featured_media":709590,"comment_status":"closed","ping_status":"open","sticky":false,"template":"","format":"standard","meta":{"footnotes":""},"categories":[6,13],"tags":[],"class_list":["post-709587","post","type-post","status-publish","format-standard","has-post-thumbnail","hentry","category-nderkombetare","category-te-fundit"],"gt_translate_keys":[{"key":"link","format":"url"}],"_links":{"self":[{"href":"https:\/\/www.hashtag.al\/index.php\/wp-json\/wp\/v2\/posts\/709587","targetHints":{"allow":["GET"]}}],"collection":[{"href":"https:\/\/www.hashtag.al\/index.php\/wp-json\/wp\/v2\/posts"}],"about":[{"href":"https:\/\/www.hashtag.al\/index.php\/wp-json\/wp\/v2\/types\/post"}],"author":[{"embeddable":true,"href":"https:\/\/www.hashtag.al\/index.php\/wp-json\/wp\/v2\/users\/32"}],"replies":[{"embeddable":true,"href":"https:\/\/www.hashtag.al\/index.php\/wp-json\/wp\/v2\/comments?post=709587"}],"version-history":[{"count":0,"href":"https:\/\/www.hashtag.al\/index.php\/wp-json\/wp\/v2\/posts\/709587\/revisions"}],"wp:featuredmedia":[{"embeddable":true,"href":"https:\/\/www.hashtag.al\/index.php\/wp-json\/wp\/v2\/media\/709590"}],"wp:attachment":[{"href":"https:\/\/www.hashtag.al\/index.php\/wp-json\/wp\/v2\/media?parent=709587"}],"wp:term":[{"taxonomy":"category","embeddable":true,"href":"https:\/\/www.hashtag.al\/index.php\/wp-json\/wp\/v2\/categories?post=709587"},{"taxonomy":"post_tag","embeddable":true,"href":"https:\/\/www.hashtag.al\/index.php\/wp-json\/wp\/v2\/tags?post=709587"}],"curies":[{"name":"wp","href":"https:\/\/api.w.org\/{rel}","templated":true}]}}