{"id":709441,"date":"2024-11-15T07:53:06","date_gmt":"2024-11-15T06:53:06","guid":{"rendered":"https:\/\/www.hashtag.al\/?p=709441"},"modified":"2024-11-15T07:55:35","modified_gmt":"2024-11-15T06:55:35","slug":"rutte-ben-thirrje-per-aleance-me-te-forte-shba-nato","status":"publish","type":"post","link":"https:\/\/www.hashtag.al\/index.php\/2024\/11\/15\/rutte-ben-thirrje-per-aleance-me-te-forte-shba-nato\/","title":{"rendered":"Mark Rutte b\u00ebn thirrje p\u00ebr aleanc\u00eb m\u00eb t\u00eb fort\u00eb SHBA-NATO","gt_translate_keys":[{"key":"rendered","format":"text"}]},"content":{"rendered":"<p><span style=\"color: #000000;\"><a href=\"https:\/\/www.hashtag.al\/wp-content\/uploads\/2024\/11\/thumbs_b_c_23ec1ac8c853bbf0eca36f2f6c28528f.jpg\"><img loading=\"lazy\" decoding=\"async\" class=\"aligncenter size-full wp-image-709442\" src=\"https:\/\/www.hashtag.al\/wp-content\/uploads\/2024\/11\/thumbs_b_c_23ec1ac8c853bbf0eca36f2f6c28528f.jpg\" alt=\"\" width=\"864\" height=\"486\" srcset=\"https:\/\/www.hashtag.al\/wp-content\/uploads\/2024\/11\/thumbs_b_c_23ec1ac8c853bbf0eca36f2f6c28528f.jpg 864w, https:\/\/www.hashtag.al\/wp-content\/uploads\/2024\/11\/thumbs_b_c_23ec1ac8c853bbf0eca36f2f6c28528f-300x169.jpg 300w, https:\/\/www.hashtag.al\/wp-content\/uploads\/2024\/11\/thumbs_b_c_23ec1ac8c853bbf0eca36f2f6c28528f-768x432.jpg 768w\" sizes=\"auto, (max-width: 864px) 100vw, 864px\" \/><\/a><\/span><\/p>\n<p><span style=\"color: #000000;\">Sekretari i P\u00ebrgjithsh\u00ebm i NATO-s Mark Rutte n\u00ebnvizoi rolin kritik t\u00eb aleanc\u00ebs n\u00eb p\u00ebrballjen me k\u00ebrc\u00ebnimet dhe theksoi r\u00ebnd\u00ebsin\u00eb e aleanc\u00ebs n\u00eb mbrojtjen e rajonit Euro-Atlantik dhe atij t\u00eb Indo-Paq\u00ebsorit, raporton <span style=\"color: #0000ff;\"><a style=\"color: #0000ff;\" href=\"https:\/\/www.aa.com.tr\/sq\/bota\/rutte-b%C3%ABn-thirrje-p%C3%ABr-aleanc%C3%AB-m%C3%AB-t%C3%AB-fort%C3%AB-shba-nato\/3394260\">Anadolu.<\/a><\/span><\/span><\/p>\n<p><span style=\"color: #000000;\">Rutte, duke folur me personelin ushtarak dhe zyrtar\u00eb n\u00eb Letoni, ripohoi gjithashtu angazhimin e tij p\u00ebr t\u00eb forcuar shpenzimet e mbrojtjes t\u00eb NATO-s p\u00ebr t\u00eb adresuar sfidat n\u00eb rritje t\u00eb siguris\u00eb.<\/span><\/p>\n<p><span style=\"color: #000000;\">Shpenzimet e mbrojtjes jan\u00eb kthyer n\u00eb fokus pasi ish-presidenti i zgjedhur i SHBA-s\u00eb, Donald Trump, kthehet n\u00eb detyr\u00eb. Gjat\u00eb mandatit t\u00eb tij t\u00eb par\u00eb n\u00eb Sht\u00ebpin\u00eb e Bardh\u00eb nga 2017 deri n\u00eb 2021, Trump kritikonte vendet evropiane se nuk shpenzojn\u00eb mjaftuesh\u00ebm p\u00ebr mbrojtjen.<\/span><\/p>\n<p><span style=\"color: #000000;\">An\u00ebtar\u00ebt e NATO-s jan\u00eb t\u00eb p\u00ebrkushtuar t\u00eb shpenzojn\u00eb t\u00eb pakt\u00ebn 2 p\u00ebr qind t\u00eb PBB-s\u00eb p\u00ebr mbrojtjen\/<\/span><\/p>\n<p><span style=\"color: #000000;\">Gjat\u00eb takimeve me presidentin leton Edgars Rinkeviss dhe kryeministren Evika Silina, Rutte theksoi r\u00ebnd\u00ebsin\u00eb e strategjis\u00eb s\u00eb mbrojtjes bashk\u00ebpunuese t\u00eb NATO-s.<\/span><\/p>\n<p><span style=\"color: #000000;\">Ai vuri n\u00eb dukje tensionet aktuale globale si d\u00ebshmi e nj\u00eb peizazhi k\u00ebrc\u00ebnimi gjithnj\u00eb e m\u00eb t\u00eb nd\u00ebrlidhur.<\/span><\/p>\n<p><span style=\"color: #000000;\">\u201c<em>NATO \u00ebsht\u00eb aty jo vet\u00ebm p\u00ebr t\u00eb mbrojtur Evrop\u00ebn dhe SHBA-n\u00eb, por edhe p\u00ebr t\u00eb punuar s\u00eb bashku p\u00ebr t\u2019u siguruar q\u00eb Indo-Paq\u00ebsori dhe Trans-Atlantiku t\u00eb q\u00ebndrojn\u00eb t\u00eb sigurta\u201d,<\/em> tha Rutte, duke theksuar nevoj\u00ebn p\u00ebr nj\u00eb qasje aleate p\u00ebr \u2018&#8217;u mbrojtur kund\u00ebr k\u00ebrc\u00ebnimeve t\u00eb p\u00ebrshkall\u00ebzuara nga Rusia dhe rrjeti i saj n\u00eb rritje i aleat\u00ebve.<\/span><\/p>\n<p><span style=\"color: #000000;\">N\u00eb fjalimin e tij n\u00eb st\u00ebrvitjen shum\u00ebkomb\u00ebshe t\u00eb brigadave t\u00eb NATO-s \u201cLuft\u00ebtari i vendosur\u201d n\u00eb baz\u00ebn ushtarake Adazi, Rutte t\u00ebrhoqi v\u00ebmendjen ndaj k\u00ebrc\u00ebnimeve t\u00eb rritura q\u00eb vijn\u00eb nga \u201cagresioni\u201d rus n\u00eb Ukrain\u00eb, si dhe aleancat e Rusis\u00eb me Koren\u00eb e Veriut, Kin\u00ebn dhe Iranin. Ai pretendoi se ushtar\u00ebt e Kores\u00eb s\u00eb Veriut po ndihmojn\u00eb n\u00eb m\u00ebnyr\u00eb aktive p\u00ebrpjekjet luftarake t\u00eb Rusis\u00eb n\u00eb Ukrain\u00eb.<\/span><\/p>\n<p><span style=\"color: #000000;\">Duke theksuar pun\u00ebn e tij t\u00eb kaluar me Trumpin, Rutte p\u00ebrg\u00ebzoi p\u00ebrpjekjet e tij p\u00ebr t\u00eb nxitur shpenzime m\u00eb t\u00eb larta t\u00eb mbrojtjes s\u00eb NATO-s. \u201cIshte Trump ai q\u00eb nga viti 2016 e tutje na shtynte n\u00eb k\u00ebt\u00eb pjes\u00eb t\u00eb NATO-s p\u00ebr t\u00eb shpenzuar m\u00eb shum\u00eb p\u00ebr mbrojtjen\u201d, tha ai.<\/span><\/p>\n<p><span style=\"color: #000000;\"><em>\u201cLetonia po shkon deri n\u00eb 3,5 p\u00ebr qind n\u00eb shpenzimet e mbrojtjes dhe an\u00ebtar\u00ebt e BE-s\u00eb dhe NATO-s kan\u00eb arritur n\u00eb 2 p\u00ebr qind, por ne duhet t\u00eb b\u00ebjm\u00eb m\u00eb shum\u00eb\u201d, tha ai, duke theksuar nevoj\u00ebn p\u00ebr t\u00eb \u201crritur prodhimin e industris\u00eb<\/em>\u201d p\u00ebr t\u00eb p\u00ebrmbushur nevojat n\u00eb zhvillim t\u00eb NATO-s n\u00eb drit\u00ebn e sfidave t\u00eb vazhdueshme t\u00eb siguris\u00eb.<\/span><\/p>\n","protected":false,"gt_translate_keys":[{"key":"rendered","format":"html"}]},"excerpt":{"rendered":"<p>Sekretari i P\u00ebrgjithsh\u00ebm i NATO-s Mark Rutte n\u00ebnvizoi rolin kritik t\u00eb aleanc\u00ebs n\u00eb p\u00ebrballjen me k\u00ebrc\u00ebnimet dhe theksoi r\u00ebnd\u00ebsin\u00eb e aleanc\u00ebs n\u00eb mbrojtjen e rajonit Euro-Atlantik dhe atij t\u00eb Indo-Paq\u00ebsorit, raporton Anadolu. Rutte, duke folur me personelin ushtarak dhe zyrtar\u00eb n\u00eb Letoni, ripohoi gjithashtu angazhimin e tij p\u00ebr t\u00eb forcuar shpenzimet e mbrojtjes t\u00eb NATO-s [&hellip;]<\/p>\n","protected":false,"gt_translate_keys":[{"key":"rendered","format":"html"}]},"author":32,"featured_media":709442,"comment_status":"closed","ping_status":"open","sticky":false,"template":"","format":"standard","meta":{"footnotes":""},"categories":[6],"tags":[],"class_list":["post-709441","post","type-post","status-publish","format-standard","has-post-thumbnail","hentry","category-nderkombetare"],"gt_translate_keys":[{"key":"link","format":"url"}],"_links":{"self":[{"href":"https:\/\/www.hashtag.al\/index.php\/wp-json\/wp\/v2\/posts\/709441","targetHints":{"allow":["GET"]}}],"collection":[{"href":"https:\/\/www.hashtag.al\/index.php\/wp-json\/wp\/v2\/posts"}],"about":[{"href":"https:\/\/www.hashtag.al\/index.php\/wp-json\/wp\/v2\/types\/post"}],"author":[{"embeddable":true,"href":"https:\/\/www.hashtag.al\/index.php\/wp-json\/wp\/v2\/users\/32"}],"replies":[{"embeddable":true,"href":"https:\/\/www.hashtag.al\/index.php\/wp-json\/wp\/v2\/comments?post=709441"}],"version-history":[{"count":0,"href":"https:\/\/www.hashtag.al\/index.php\/wp-json\/wp\/v2\/posts\/709441\/revisions"}],"wp:featuredmedia":[{"embeddable":true,"href":"https:\/\/www.hashtag.al\/index.php\/wp-json\/wp\/v2\/media\/709442"}],"wp:attachment":[{"href":"https:\/\/www.hashtag.al\/index.php\/wp-json\/wp\/v2\/media?parent=709441"}],"wp:term":[{"taxonomy":"category","embeddable":true,"href":"https:\/\/www.hashtag.al\/index.php\/wp-json\/wp\/v2\/categories?post=709441"},{"taxonomy":"post_tag","embeddable":true,"href":"https:\/\/www.hashtag.al\/index.php\/wp-json\/wp\/v2\/tags?post=709441"}],"curies":[{"name":"wp","href":"https:\/\/api.w.org\/{rel}","templated":true}]}}