{"id":709299,"date":"2024-11-14T11:53:49","date_gmt":"2024-11-14T10:53:49","guid":{"rendered":"https:\/\/www.hashtag.al\/?p=709299"},"modified":"2024-11-14T12:10:40","modified_gmt":"2024-11-14T11:10:40","slug":"bardhi-akuza-ne-kuvend-veliaj-dhe-balluku-kane-paguar-vrases-per-te-eliminuar-njeri-tjetrin","status":"publish","type":"post","link":"https:\/\/www.hashtag.al\/index.php\/2024\/11\/14\/bardhi-akuza-ne-kuvend-veliaj-dhe-balluku-kane-paguar-vrases-per-te-eliminuar-njeri-tjetrin\/","title":{"rendered":"Bardhi akuza n\u00eb Kuvend: Veliaj dhe Balluku kan\u00eb paguar vras\u00ebs p\u00ebr t\u00eb eliminuar nj\u00ebri-tjetrin","gt_translate_keys":[{"key":"rendered","format":"text"}]},"content":{"rendered":"<p><span style=\"color: #000000;\"><img loading=\"lazy\" decoding=\"async\" class=\" wp-image-709301 aligncenter\" src=\"https:\/\/www.hashtag.al\/wp-content\/uploads\/2024\/11\/WhatsApp-Image-2024-11-14-at-11.46.04-AM-300x189.jpeg\" alt=\"\" width=\"865\" height=\"545\" srcset=\"https:\/\/www.hashtag.al\/wp-content\/uploads\/2024\/11\/WhatsApp-Image-2024-11-14-at-11.46.04-AM-300x189.jpeg 300w, https:\/\/www.hashtag.al\/wp-content\/uploads\/2024\/11\/WhatsApp-Image-2024-11-14-at-11.46.04-AM.jpeg 751w\" sizes=\"auto, (max-width: 865px) 100vw, 865px\" \/><\/span><\/p>\n<p><span style=\"color: #000000;\">Z\u00ebvend\u00ebskryeministrja Belinda Balluku u b\u00eb objekt i nj\u00eb serie akuzash dhe replikash t\u00eb ashpra gjat\u00eb seanc\u00ebs plenare t\u00eb sotme, ku Gazment Bardhi, kreu i Grupit Parlamentar t\u00eb PD-s\u00eb, ngriti akuza t\u00eb forta ndaj saj dhe Erion Veliajt. <\/span><\/p>\n<p><span style=\"color: #000000;\">Bardhi tha se dy figura t\u00eb njohura t\u00eb mazhoranc\u00ebs kan\u00eb paguar vras\u00ebs me pages\u00eb p\u00ebr t\u00eb eliminuar nj\u00ebri-tjetrin, duke i akuzuar ata p\u00ebr korrupsion dhe veprime t\u00eb paligjshme<\/span><\/p>\n<p><span style=\"color: #000000;\">Bardhi theksoi se PD ka zgjedhur t\u00eb b\u00ebj\u00eb luft\u00ebn ndaj korrupsionit n\u00eb publik, nd\u00ebrsa mazhoranca, sipas tij, fshihet pas shfaqjeve publike dhe fotove, duke u shprehur ndryshe p\u00ebr nj\u00ebri-tjetrin n\u00eb prapasken\u00eb.<\/span><\/p>\n<p><span style=\"color: #000000;\"><strong>Pjes\u00eb nga diskutimi:<\/strong><\/span><\/p>\n<p><span style=\"color: #000000;\"><strong>Gogu:<\/strong> <em>Un\u00eb nuk e mbaj veten p\u00ebr shenjtor. Mund t\u00eb jem edhe m\u00eb i madhi i t\u00eb gjith\u00eb m\u00ebkatar\u00ebve, ndaj besoj n\u00eb zot. <\/em><\/span><\/p>\n<p><span style=\"color: #000000;\"><em>N\u00ebse ju e p\u00ebrdorni fjal\u00ebn vjedhje si\u00e7 i tha gazi flamurit apo si\u00e7 i that\u00eb nj\u00ebri tjetrin, ju them se \u00ebsht\u00eb fyerje dhe vep\u00ebr penale. <\/em><\/span><\/p>\n<p><span style=\"color: #000000;\"><em>Nuk mund t\u00eb b\u00ebhemi prokuror t\u00eb njeri tjetrit. Nd\u00ebrsa drejtoni nj\u00eb gisht, tre ju jan\u00eb drejtuar ju.<\/em><\/span><\/p>\n<p><span style=\"color: #000000;\"><em> Niseni k\u00ebt\u00eb fushat\u00eb nj\u00eb her\u00eb n\u00eb partin\u00eb tuaj, e pasi t\u00eb fitoni b\u00ebtej\u00ebn me hajdut\u00ebrin\u00eb brenda jush, vijojeni n\u00eb pjes\u00ebn tjet\u00ebr t\u00eb k\u00ebtij Kuvendi.<\/em><\/span><\/p>\n<p><span style=\"color: #000000;\"><em>Keni humbur \u00e7do kauz\u00eb politike dhe tani k\u00ebrkoni vet\u00ebm show.<\/em><\/span><\/p>\n<p><span style=\"color: #000000;\"><strong>Bardhi:<\/strong> <em>Nuk b\u00ebhesh dot Sh\u00ebn Pal sa koh\u00eb je bashk\u00ebpun\u00ebtori i lali inceneratorit.<\/em><\/span><\/p>\n<p><span style=\"color: #000000;\"><em>Ne si parti jemi t\u00eb hapura dhe i b\u00ebjm\u00eb n\u00eb publik luft\u00ebn ndaj hajdut\u00ebris\u00eb, nuk jemi si Belinda Balluku dhe Veliaj q\u00eb paguajn\u00eb edhe vras\u00ebs me pages\u00eb t\u00eb eliminojn\u00eb nj\u00ebri-tjetrin.<\/em><\/span><\/p>\n<p><span style=\"color: #000000;\"><em> Mos e mbro Belind\u00ebn se e di sa e do. Di \u00e7far\u00eb thoni privatisht p\u00ebr nj\u00ebra-tjetr\u00ebn. Pra paguajn\u00eb vras\u00ebs me pages\u00eb t\u00eb eliminojn\u00eb nj\u00ebri tjetrin. Dhe n\u00eb foto dalin si v\u00eblla e mot\u00ebr.<\/em><\/span><\/p>\n","protected":false,"gt_translate_keys":[{"key":"rendered","format":"html"}]},"excerpt":{"rendered":"<p>Z\u00ebvend\u00ebskryeministrja Belinda Balluku u b\u00eb objekt i nj\u00eb serie akuzash dhe replikash t\u00eb ashpra gjat\u00eb seanc\u00ebs plenare t\u00eb sotme, ku Gazment Bardhi, kreu i Grupit Parlamentar t\u00eb PD-s\u00eb, ngriti akuza t\u00eb forta ndaj saj dhe Erion Veliajt. Bardhi tha se dy figura t\u00eb njohura t\u00eb mazhoranc\u00ebs kan\u00eb paguar vras\u00ebs me pages\u00eb p\u00ebr t\u00eb eliminuar nj\u00ebri-tjetrin, [&hellip;]<\/p>\n","protected":false,"gt_translate_keys":[{"key":"rendered","format":"html"}]},"author":49,"featured_media":709301,"comment_status":"closed","ping_status":"open","sticky":false,"template":"","format":"standard","meta":{"footnotes":""},"categories":[22],"tags":[],"class_list":["post-709299","post","type-post","status-publish","format-standard","has-post-thumbnail","hentry","category-ballina"],"gt_translate_keys":[{"key":"link","format":"url"}],"_links":{"self":[{"href":"https:\/\/www.hashtag.al\/index.php\/wp-json\/wp\/v2\/posts\/709299","targetHints":{"allow":["GET"]}}],"collection":[{"href":"https:\/\/www.hashtag.al\/index.php\/wp-json\/wp\/v2\/posts"}],"about":[{"href":"https:\/\/www.hashtag.al\/index.php\/wp-json\/wp\/v2\/types\/post"}],"author":[{"embeddable":true,"href":"https:\/\/www.hashtag.al\/index.php\/wp-json\/wp\/v2\/users\/49"}],"replies":[{"embeddable":true,"href":"https:\/\/www.hashtag.al\/index.php\/wp-json\/wp\/v2\/comments?post=709299"}],"version-history":[{"count":0,"href":"https:\/\/www.hashtag.al\/index.php\/wp-json\/wp\/v2\/posts\/709299\/revisions"}],"wp:featuredmedia":[{"embeddable":true,"href":"https:\/\/www.hashtag.al\/index.php\/wp-json\/wp\/v2\/media\/709301"}],"wp:attachment":[{"href":"https:\/\/www.hashtag.al\/index.php\/wp-json\/wp\/v2\/media?parent=709299"}],"wp:term":[{"taxonomy":"category","embeddable":true,"href":"https:\/\/www.hashtag.al\/index.php\/wp-json\/wp\/v2\/categories?post=709299"},{"taxonomy":"post_tag","embeddable":true,"href":"https:\/\/www.hashtag.al\/index.php\/wp-json\/wp\/v2\/tags?post=709299"}],"curies":[{"name":"wp","href":"https:\/\/api.w.org\/{rel}","templated":true}]}}