{"id":709107,"date":"2024-11-13T12:05:56","date_gmt":"2024-11-13T11:05:56","guid":{"rendered":"https:\/\/www.hashtag.al\/?p=709107"},"modified":"2024-11-13T12:12:53","modified_gmt":"2024-11-13T11:12:53","slug":"sterilizimi-petro-koci-vokshit-je-skllave-e-berishes","status":"publish","type":"post","link":"https:\/\/www.hashtag.al\/index.php\/2024\/11\/13\/sterilizimi-petro-koci-vokshit-je-skllave-e-berishes\/","title":{"rendered":"Sterilizimi\/ Petro Ko\u00e7i- Vokshit: Je skllave e Berish\u00ebs","gt_translate_keys":[{"key":"rendered","format":"text"}]},"content":{"rendered":"<p style=\"text-align: left;\"><span style=\"color: #000000;\"><img loading=\"lazy\" decoding=\"async\" class=\" wp-image-709108 aligncenter\" src=\"https:\/\/www.hashtag.al\/wp-content\/uploads\/2024\/11\/Screenshot-2024-11-13-120258-300x148.png\" alt=\"\" width=\"924\" height=\"456\" srcset=\"https:\/\/www.hashtag.al\/wp-content\/uploads\/2024\/11\/Screenshot-2024-11-13-120258-300x148.png 300w, https:\/\/www.hashtag.al\/wp-content\/uploads\/2024\/11\/Screenshot-2024-11-13-120258-1024x504.png 1024w, https:\/\/www.hashtag.al\/wp-content\/uploads\/2024\/11\/Screenshot-2024-11-13-120258-768x378.png 768w, https:\/\/www.hashtag.al\/wp-content\/uploads\/2024\/11\/Screenshot-2024-11-13-120258.png 1229w\" sizes=\"auto, (max-width: 924px) 100vw, 924px\" \/><\/span><\/p>\n<p style=\"text-align: left;\"><span style=\"color: #000000;\">N\u00eb mbledhjen e Komisionit Hetimor p\u00ebr Koncesionet n\u00eb Sh\u00ebndet\u00ebsi, nj\u00eb debat i ashp\u00ebr ka shp\u00ebrthyer mes deputetit t\u00eb PS-s\u00eb, Petro Ko\u00e7i, dhe kryetares s\u00eb komisionit, Albana Vokshi. Ko\u00e7i e ka quajtur Vokshin &#8220;skllave t\u00eb Sali Berish\u00ebs&#8221;, duke akuzuar se komisioni po shnd\u00ebrrohet n\u00eb nj\u00eb proces partiak q\u00eb nuk ndihmon n\u00eb zbulimin e korruptuarve, por p\u00ebrdoret si nj\u00eb arm\u00eb p\u00ebr mbrojtjen e t\u00eb pandehurve.<\/span><\/p>\n<p style=\"text-align: left;\"><span style=\"color: #000000;\">Vokshi i \u00ebsht\u00eb p\u00ebrgjigjur duke theksuar se frika q\u00eb ka PS-ja nga Berisha \u00ebsht\u00eb e dukshme, pasi ai ka qen\u00eb nj\u00eb denoncues i fort\u00eb i aferave t\u00eb qeveris\u00eb. Ajo ka theksuar se nuk do t\u00eb ndalet deri sa t\u00eb zbulohet se kush ka vjedhur parat\u00eb e sh\u00ebndet\u00ebsis\u00eb, duke paralajm\u00ebruar se askush q\u00eb ka abuzuar me fondet e sh\u00ebndet\u00ebsis\u00eb nuk do t\u00eb mund t\u00eb g\u00ebzoj\u00eb pasurin\u00eb e fituar nga ky krim.<\/span><\/p>\n<p style=\"text-align: left;\"><span style=\"color: #000000;\">N\u00eb p\u00ebrgjigje, Ko\u00e7i ka theksuar se \u00ebsht\u00eb gati t\u00eb p\u00ebrballet me Berish\u00ebn n\u00eb \u00e7do institucion t\u00eb drejt\u00ebsis\u00eb. Nd\u00ebrsa Vokshi ka p\u00ebrfunduar duke th\u00ebn\u00eb se &#8220;drejt\u00ebsia vonon, por nuk harron&#8221;, duke theksuar se as Edi Rama, as Vilma Nushi dhe askush tjet\u00ebr q\u00eb ka abuzuar me parat\u00eb e sh\u00ebndet\u00ebsis\u00eb nuk do t\u00eb shp\u00ebtoj\u00eb.<\/span><\/p>\n<p style=\"text-align: left;\"><span style=\"color: #000000;\"><strong>Debati<\/strong>:<\/span><\/p>\n<p style=\"text-align: left;\"><span style=\"color: #000000;\"><em><strong>Ko\u00e7i<\/strong>: Ky lloj procesi nuk ndihmon n\u00eb identifikimin dhe nd\u00ebshkimin e \u00a0njer\u00ebzve t\u00eb korruptuar. Nj\u00eb proces i parregullt ligjor kthehet n\u00eb arm\u00eb n\u00eb dor\u00ebn e t\u00eb t\u00eb pandehurve p\u00ebr tu mbrojtur n\u00eb proceset e tyre ligjore. Nga nj\u00eb an\u00eb b\u00ebni sikur luftoni, p\u00ebrgojoni lloj lloj emrat duke e shnd\u00ebrruar n\u00eb proces partiak.<\/em><\/span><\/p>\n<p style=\"text-align: left;\"><span style=\"color: #000000;\"><em> K\u00ebtu jemi n\u00eb kampe partiake dhe secili mb\u00ebshtet lider\u00ebt p\u00ebrkat\u00ebs, por n\u00ebse ka nj\u00eb njeri n\u00eb komision q\u00eb t\u00ebr\u00eb jet\u00ebn ka qen\u00eb n\u00eb sh\u00ebrbim dhe skllave e kryetarit t\u00eb vet\u00eb, deri n\u00eb vet\u00ebflijim biologjik, ajo jeni ju zonja kryetare, n\u00eb sh\u00ebrbim t\u00eb kryetarit Sali Berish\u00ebs. \u00a0<\/em><\/span><\/p>\n<p style=\"text-align: left;\"><span style=\"color: #000000;\"><em>Nd\u00ebrsa gjith\u00eb t\u00eb tjer\u00ebt mund t\u00eb ken\u00eb pasur p\u00ebrplasje t\u00eb tjera, edhe me koleg\u00eb t\u00eb opozit\u00ebs n\u00eb rastin tuaj me Sali Berish\u00ebn, n\u00eb rastin ton\u00eb me Fatos Nanon dhe Edi Ram\u00ebn. Ju jeni e vetmja q\u00eb gjith\u00eb jet\u00ebn keni qen\u00eb e gatshme p\u00ebr t\u2019u vet\u00ebflijuar edhe biologjikisht p\u00ebr Sali Berish\u00ebn.<\/em><\/span><\/p>\n<p style=\"text-align: left;\"><span style=\"color: #000000;\"><em><strong>Vokshi<\/strong>: A e kuptoni \u00e7far\u00eb budallaqesh po flisni apo jo. Aq shum\u00eb frik\u00eb e keni Sali Berish\u00ebn sa nuk keni l\u00ebn\u00eb rast pa e p\u00ebrmendur. Ka qen\u00eb denoncuesi dhe \u00ebsht\u00eb denoncuesi m\u00eb i madh i korrupsioni n\u00eb sh\u00ebndet\u00ebsi dhe n\u00eb t\u00eb gjitha aferat. Ju thoni mos p\u00ebrgojoni Vilma Nushin q\u00eb ka futur n\u00eb xhep parat\u00eb e analizave.<\/em><\/span><\/p>\n<p style=\"text-align: left;\"><span style=\"color: #000000;\"><em><strong>Ko\u00e7i<\/strong>: Me Berish\u00ebn jam gati t\u00eb matem n\u00eb cdo institucion drejt\u00ebsie.<\/em><\/span><\/p>\n<p style=\"text-align: left;\"><span style=\"color: #000000;\"><em><strong>Vokshi<\/strong>: Sakrifikohem p\u00ebr t\u00eb drejtat e qytetar\u00ebve q\u00eb nuk marrin kurat, pacient\u00ebt q\u00eb nuk b\u00ebjn\u00eb kimioterapi. P\u00ebr k\u00ebt\u00eb sakrifikohem un\u00eb dhe t\u00eb tjer\u00ebt q\u00eb jan\u00eb e s\u2019jan\u00eb k\u00ebtu. Ju sigurojm\u00eb q\u00eb nuk do g\u00ebzoj\u00eb as Edi Rama, as Vilma Nushi dhe secili q\u00eb ka futur duart n\u00eb parat\u00eb e mjek\u00ebsis\u00eb. Drejt\u00ebsia vonon por nuk harron. Asnj\u00ebri nuk do t\u00eb g\u00ebzoj\u00eb parat\u00eb e vjedhura t\u00eb sh\u00ebndet\u00ebsis\u00eb<\/em><\/span><\/p>\n","protected":false,"gt_translate_keys":[{"key":"rendered","format":"html"}]},"excerpt":{"rendered":"<p>N\u00eb mbledhjen e Komisionit Hetimor p\u00ebr Koncesionet n\u00eb Sh\u00ebndet\u00ebsi, nj\u00eb debat i ashp\u00ebr ka shp\u00ebrthyer mes deputetit t\u00eb PS-s\u00eb, Petro Ko\u00e7i, dhe kryetares s\u00eb komisionit, Albana Vokshi. Ko\u00e7i e ka quajtur Vokshin &#8220;skllave t\u00eb Sali Berish\u00ebs&#8221;, duke akuzuar se komisioni po shnd\u00ebrrohet n\u00eb nj\u00eb proces partiak q\u00eb nuk ndihmon n\u00eb zbulimin e korruptuarve, por p\u00ebrdoret [&hellip;]<\/p>\n","protected":false,"gt_translate_keys":[{"key":"rendered","format":"html"}]},"author":49,"featured_media":709108,"comment_status":"closed","ping_status":"open","sticky":false,"template":"","format":"standard","meta":{"footnotes":""},"categories":[65],"tags":[],"class_list":["post-709107","post","type-post","status-publish","format-standard","has-post-thumbnail","hentry","category-lajme"],"gt_translate_keys":[{"key":"link","format":"url"}],"_links":{"self":[{"href":"https:\/\/www.hashtag.al\/index.php\/wp-json\/wp\/v2\/posts\/709107","targetHints":{"allow":["GET"]}}],"collection":[{"href":"https:\/\/www.hashtag.al\/index.php\/wp-json\/wp\/v2\/posts"}],"about":[{"href":"https:\/\/www.hashtag.al\/index.php\/wp-json\/wp\/v2\/types\/post"}],"author":[{"embeddable":true,"href":"https:\/\/www.hashtag.al\/index.php\/wp-json\/wp\/v2\/users\/49"}],"replies":[{"embeddable":true,"href":"https:\/\/www.hashtag.al\/index.php\/wp-json\/wp\/v2\/comments?post=709107"}],"version-history":[{"count":0,"href":"https:\/\/www.hashtag.al\/index.php\/wp-json\/wp\/v2\/posts\/709107\/revisions"}],"wp:featuredmedia":[{"embeddable":true,"href":"https:\/\/www.hashtag.al\/index.php\/wp-json\/wp\/v2\/media\/709108"}],"wp:attachment":[{"href":"https:\/\/www.hashtag.al\/index.php\/wp-json\/wp\/v2\/media?parent=709107"}],"wp:term":[{"taxonomy":"category","embeddable":true,"href":"https:\/\/www.hashtag.al\/index.php\/wp-json\/wp\/v2\/categories?post=709107"},{"taxonomy":"post_tag","embeddable":true,"href":"https:\/\/www.hashtag.al\/index.php\/wp-json\/wp\/v2\/tags?post=709107"}],"curies":[{"name":"wp","href":"https:\/\/api.w.org\/{rel}","templated":true}]}}