{"id":708529,"date":"2024-11-10T14:19:02","date_gmt":"2024-11-10T13:19:02","guid":{"rendered":"https:\/\/www.hashtag.al\/?p=708529"},"modified":"2024-11-10T16:27:33","modified_gmt":"2024-11-10T15:27:33","slug":"profesor-ismet-elezi-behet-gati-per-botimin-e-tij-te-rradhes-ne-fushen-juridike-ne-moshen-104-vjecare","status":"publish","type":"post","link":"https:\/\/www.hashtag.al\/index.php\/2024\/11\/10\/profesor-ismet-elezi-behet-gati-per-botimin-e-tij-te-rradhes-ne-fushen-juridike-ne-moshen-104-vjecare\/","title":{"rendered":"104 vje\u00e7 &#8211; Profesori shqiptar vijon botimin e librave","gt_translate_keys":[{"key":"rendered","format":"text"}]},"content":{"rendered":"<p><span style=\"color: #000000;\"><a style=\"color: #000000;\" href=\"https:\/\/www.hashtag.al\/wp-content\/uploads\/2024\/11\/Screenshot-2024-11-10-141333.png\"><img loading=\"lazy\" decoding=\"async\" class=\"aligncenter size-full wp-image-708530\" src=\"https:\/\/www.hashtag.al\/wp-content\/uploads\/2024\/11\/Screenshot-2024-11-10-141333.png\" alt=\"\" width=\"637\" height=\"470\" srcset=\"https:\/\/www.hashtag.al\/wp-content\/uploads\/2024\/11\/Screenshot-2024-11-10-141333.png 637w, https:\/\/www.hashtag.al\/wp-content\/uploads\/2024\/11\/Screenshot-2024-11-10-141333-300x221.png 300w\" sizes=\"auto, (max-width: 637px) 100vw, 637px\" \/><\/a><\/span><\/p>\n<p>&nbsp;<\/p>\n<p><span style=\"color: #000000;\">Intelektuali, studiuesi dhe ish pedagogu shqiptar \u201cMbi t\u00eb Drejt\u00ebn Penale\u201d, Profesor Ismet Elezi, tashm\u00eb po p\u00ebrgatitet t\u00eb nxjerr\u00eb botimin e rradh\u00ebs mbi fush\u00ebn juridike.<\/span><\/p>\n<p><span style=\"color: #000000;\">Edhe pse n\u00eb mosh\u00ebn 104 vje\u00e7are, Profesor Elezi, ka punuar p\u00ebr k\u00ebt\u00eb botim vite me rradh\u00eb deri n\u00eb dit\u00ebt e sotme p\u00ebr ta b\u00ebr\u00eb k\u00ebt\u00eb botim sa m\u00eb t\u00eb plot\u00eb.<\/span><\/p>\n<p><span style=\"color: #000000;\">Ai n\u00eb emisionin \u201cShekullor\u00ebt\u201d n\u00eb RTSH, \u00ebsht\u00eb shprehur se nuk u nxitua me botimin e tij para kohe, pasi filloi Reforma n\u00eb Drejt\u00ebsi, t\u00eb cil\u00ebn ai e priti t\u00eb p\u00ebrfundonte, q\u00eb n\u00eb k\u00ebt\u00eb m\u00ebnyr\u00eb ky botim t\u00eb jet\u00eb i vlefsh\u00ebm p\u00ebr gjith\u00eb jurist\u00ebt.<\/span><\/p>\n<p><span style=\"color: #000000;\">\u201c<em>Prandaj iu vura k\u00ebsaj pune p\u00ebr Kultur\u00ebn Juridike. Libri \u00ebsht\u00eb tem\u00eb e re, e patrajtuar m\u00eb par\u00eb.\u201d<\/em> \u2013 shprehet Profesor Elezi.<\/span><\/p>\n<p><span style=\"color: #000000;\">Profesor Ismet Elezi p\u00ebr rreth 50 vjet punoi si pedagog. Grad\u00ebn shkencore e ka marr\u00eb n\u00eb vitin 1961, kurse titullin \u201cProfesor\u201d m\u00eb 1972. Ka krijimtari t\u00eb gjer\u00eb shkencore me mbi 8000 faqe t\u00eb botuara.<\/span><\/p>\n<p><span style=\"color: #000000;\">Vepra shkencore: &#8220;E drejta zakonore penale e shqiptar\u00ebve&#8221; ka marr\u00eb \u00e7mimin e Republik\u00ebs. Vep\u00ebr me vler\u00eb t\u00eb ve\u00e7ant\u00eb \u00ebsht\u00eb dhe &#8220;E drejta zakonore e Laberis\u00eb\u201d. \u00cbsht\u00eb autor i disa teksteve t\u00eb s\u00eb drejt\u00ebs penale (Pjesa e Posa\u00e7me) si dhe bashk\u00ebautor i teksteve t\u00eb tjer\u00eb.<\/span><\/p>\n<p>&nbsp;<\/p>\n<p><span style=\"color: #000000;\"><em>\u00a0<iframe loading=\"lazy\" style=\"border: none; overflow: hidden;\" src=\"https:\/\/www.facebook.com\/plugins\/video.php?height=314&amp;href=https%3A%2F%2Fwww.facebook.com%2FRTShqiptar%2Fvideos%2F1084928299914823%2F&amp;show_text=false&amp;width=560&amp;t=0\" width=\"560\" height=\"314\" frameborder=\"0\" scrolling=\"no\" allowfullscreen=\"allowfullscreen\"><\/iframe><\/em><\/span><\/p>\n","protected":false,"gt_translate_keys":[{"key":"rendered","format":"html"}]},"excerpt":{"rendered":"<p>&nbsp; Intelektuali, studiuesi dhe ish pedagogu shqiptar \u201cMbi t\u00eb Drejt\u00ebn Penale\u201d, Profesor Ismet Elezi, tashm\u00eb po p\u00ebrgatitet t\u00eb nxjerr\u00eb botimin e rradh\u00ebs mbi fush\u00ebn juridike. Edhe pse n\u00eb mosh\u00ebn 104 vje\u00e7are, Profesor Elezi, ka punuar p\u00ebr k\u00ebt\u00eb botim vite me rradh\u00eb deri n\u00eb dit\u00ebt e sotme p\u00ebr ta b\u00ebr\u00eb k\u00ebt\u00eb botim sa m\u00eb t\u00eb plot\u00eb. [&hellip;]<\/p>\n","protected":false,"gt_translate_keys":[{"key":"rendered","format":"html"}]},"author":32,"featured_media":708530,"comment_status":"closed","ping_status":"open","sticky":false,"template":"","format":"standard","meta":{"footnotes":""},"categories":[65],"tags":[],"class_list":["post-708529","post","type-post","status-publish","format-standard","has-post-thumbnail","hentry","category-lajme"],"gt_translate_keys":[{"key":"link","format":"url"}],"_links":{"self":[{"href":"https:\/\/www.hashtag.al\/index.php\/wp-json\/wp\/v2\/posts\/708529","targetHints":{"allow":["GET"]}}],"collection":[{"href":"https:\/\/www.hashtag.al\/index.php\/wp-json\/wp\/v2\/posts"}],"about":[{"href":"https:\/\/www.hashtag.al\/index.php\/wp-json\/wp\/v2\/types\/post"}],"author":[{"embeddable":true,"href":"https:\/\/www.hashtag.al\/index.php\/wp-json\/wp\/v2\/users\/32"}],"replies":[{"embeddable":true,"href":"https:\/\/www.hashtag.al\/index.php\/wp-json\/wp\/v2\/comments?post=708529"}],"version-history":[{"count":0,"href":"https:\/\/www.hashtag.al\/index.php\/wp-json\/wp\/v2\/posts\/708529\/revisions"}],"wp:featuredmedia":[{"embeddable":true,"href":"https:\/\/www.hashtag.al\/index.php\/wp-json\/wp\/v2\/media\/708530"}],"wp:attachment":[{"href":"https:\/\/www.hashtag.al\/index.php\/wp-json\/wp\/v2\/media?parent=708529"}],"wp:term":[{"taxonomy":"category","embeddable":true,"href":"https:\/\/www.hashtag.al\/index.php\/wp-json\/wp\/v2\/categories?post=708529"},{"taxonomy":"post_tag","embeddable":true,"href":"https:\/\/www.hashtag.al\/index.php\/wp-json\/wp\/v2\/tags?post=708529"}],"curies":[{"name":"wp","href":"https:\/\/api.w.org\/{rel}","templated":true}]}}