{"id":708395,"date":"2024-11-09T14:23:15","date_gmt":"2024-11-09T13:23:15","guid":{"rendered":"https:\/\/www.hashtag.al\/?p=708395"},"modified":"2024-11-09T15:00:03","modified_gmt":"2024-11-09T14:00:03","slug":"arrestohet-29-vjecari-qe-goditi-me-thike-21-vjecarin-ne-gjirokaster","status":"publish","type":"post","link":"https:\/\/www.hashtag.al\/index.php\/2024\/11\/09\/arrestohet-29-vjecari-qe-goditi-me-thike-21-vjecarin-ne-gjirokaster\/","title":{"rendered":"Arrestohet 29-vje\u00e7ari q\u00eb goditi me thik\u00eb 21-vje\u00e7arin n\u00eb Gjirokast\u00ebr","gt_translate_keys":[{"key":"rendered","format":"text"}]},"content":{"rendered":"<p style=\"text-align: left;\"><span style=\"color: #000000;\"><img loading=\"lazy\" decoding=\"async\" class=\" wp-image-675760 aligncenter\" src=\"https:\/\/www.hashtag.al\/wp-content\/uploads\/2024\/05\/policia-dhermi-300x187.jpg\" alt=\"\" width=\"947\" height=\"590\" srcset=\"https:\/\/www.hashtag.al\/wp-content\/uploads\/2024\/05\/policia-dhermi-300x187.jpg 300w, https:\/\/www.hashtag.al\/wp-content\/uploads\/2024\/05\/policia-dhermi.jpg 640w\" sizes=\"auto, (max-width: 947px) 100vw, 947px\" \/><\/span><\/p>\n<p style=\"text-align: left;\"><span style=\"color: #000000;\">Policia e Gjirokastr\u00ebs ka arrestuar nj\u00eb 29-vje\u00e7ar, pas nj\u00eb incidenti t\u00eb r\u00ebnd\u00eb q\u00eb ndodhi n\u00eb lagjen &#8220;Kodra e Shtufit&#8221;, ku nj\u00eb 21-vje\u00e7ar u plagos me arm\u00eb t\u00eb ftoht\u00eb, konkretisht me thik\u00eb. Ngjarja, e cila u shkaktua nga nj\u00eb konflikt i \u00e7astit p\u00ebr motive t\u00eb dob\u00ebta, ka l\u00ebn\u00eb t\u00eb plagosur r\u00ebnd\u00eb t\u00eb riun, i cili po merr ndihm\u00ebn mjek\u00ebsore n\u00eb Spitalin e Traum\u00ebs n\u00eb Tiran\u00eb.<\/span><\/p>\n<p style=\"text-align: left;\"><span style=\"color: #000000;\">N\u00eb nj\u00eb njoftim p\u00ebr mediat, Policia e Shtetit b\u00ebri me dije se autori i plagosjes, shtetasi L. Dh., 29 vje\u00e7, u arrestua n\u00eb flagranc\u00eb p\u00ebr vepr\u00ebn penale t\u00eb &#8220;Plagosjes s\u00eb r\u00ebnd\u00eb me dashje&#8221;. <\/span><\/p>\n<p style=\"text-align: left;\"><span style=\"color: #000000;\"><em>\u201cN\u00eb vijim t\u00eb informacionit paraprak t\u00eb dh\u00ebn\u00eb mbr\u00ebmjen e djeshme, p\u00ebr ngjarjen e ndodhur n\u00eb lagjen \u201cKodra e Shtufit\u201d, ju informojm\u00eb se specialist\u00ebt p\u00ebr Hetimin e Krimeve t\u00eb R\u00ebnda n\u00eb DVP Gjirokast\u00ebr arrestuan n\u00eb flagranc\u00eb p\u00ebr vepr\u00ebn penale \u201cPlagosja e r\u00ebnd\u00eb me dashje\u201d, shtetasin L. Dh., 29 vje\u00e7, banues n\u00eb Gjirokast\u00ebr, pasi gjat\u00eb nj\u00eb konflikti t\u00eb \u00e7astit p\u00ebr motive t\u00eb dob\u00ebta, ka goditur me mjet prer\u00ebs (thik\u00eb), shtetasin L. H., 21 vje\u00e7, banues n\u00eb lagjen \u201cKodra e Shtufit\u201d, i cili aktualisht ndodhet n\u00eb spitalin e Traum\u00ebs, Tiran\u00eb, n\u00eb gjendje t\u00eb r\u00ebnd\u00eb sh\u00ebndet\u00ebsore. N\u00eb cil\u00ebsin\u00eb e prov\u00ebs materiale u sekuestrua mjeti prer\u00ebs (thik\u00eb).<\/em><\/span><\/p>\n<p style=\"text-align: left;\"><span style=\"color: #000000;\"><em>Materialet procedurale i kaluan Prokuroris\u00eb pran\u00eb Gjykat\u00ebs s\u00eb Shkall\u00ebs s\u00eb Par\u00eb t\u00eb Juridiksionit t\u00eb P\u00ebrgjithsh\u00ebm Gjirokast\u00ebr, p\u00ebr veprime t\u00eb m\u00ebtejshme\u201d,<\/em> thuhet n\u00eb njoftim.<\/span><\/p>\n","protected":false,"gt_translate_keys":[{"key":"rendered","format":"html"}]},"excerpt":{"rendered":"<p>Policia e Gjirokastr\u00ebs ka arrestuar nj\u00eb 29-vje\u00e7ar, pas nj\u00eb incidenti t\u00eb r\u00ebnd\u00eb q\u00eb ndodhi n\u00eb lagjen &#8220;Kodra e Shtufit&#8221;, ku nj\u00eb 21-vje\u00e7ar u plagos me arm\u00eb t\u00eb ftoht\u00eb, konkretisht me thik\u00eb. Ngjarja, e cila u shkaktua nga nj\u00eb konflikt i \u00e7astit p\u00ebr motive t\u00eb dob\u00ebta, ka l\u00ebn\u00eb t\u00eb plagosur r\u00ebnd\u00eb t\u00eb riun, i cili po [&hellip;]<\/p>\n","protected":false,"gt_translate_keys":[{"key":"rendered","format":"html"}]},"author":49,"featured_media":675760,"comment_status":"closed","ping_status":"open","sticky":false,"template":"","format":"standard","meta":{"footnotes":""},"categories":[65],"tags":[],"class_list":["post-708395","post","type-post","status-publish","format-standard","has-post-thumbnail","hentry","category-lajme"],"gt_translate_keys":[{"key":"link","format":"url"}],"_links":{"self":[{"href":"https:\/\/www.hashtag.al\/index.php\/wp-json\/wp\/v2\/posts\/708395","targetHints":{"allow":["GET"]}}],"collection":[{"href":"https:\/\/www.hashtag.al\/index.php\/wp-json\/wp\/v2\/posts"}],"about":[{"href":"https:\/\/www.hashtag.al\/index.php\/wp-json\/wp\/v2\/types\/post"}],"author":[{"embeddable":true,"href":"https:\/\/www.hashtag.al\/index.php\/wp-json\/wp\/v2\/users\/49"}],"replies":[{"embeddable":true,"href":"https:\/\/www.hashtag.al\/index.php\/wp-json\/wp\/v2\/comments?post=708395"}],"version-history":[{"count":0,"href":"https:\/\/www.hashtag.al\/index.php\/wp-json\/wp\/v2\/posts\/708395\/revisions"}],"wp:featuredmedia":[{"embeddable":true,"href":"https:\/\/www.hashtag.al\/index.php\/wp-json\/wp\/v2\/media\/675760"}],"wp:attachment":[{"href":"https:\/\/www.hashtag.al\/index.php\/wp-json\/wp\/v2\/media?parent=708395"}],"wp:term":[{"taxonomy":"category","embeddable":true,"href":"https:\/\/www.hashtag.al\/index.php\/wp-json\/wp\/v2\/categories?post=708395"},{"taxonomy":"post_tag","embeddable":true,"href":"https:\/\/www.hashtag.al\/index.php\/wp-json\/wp\/v2\/tags?post=708395"}],"curies":[{"name":"wp","href":"https:\/\/api.w.org\/{rel}","templated":true}]}}