{"id":708202,"date":"2024-11-08T11:39:13","date_gmt":"2024-11-08T10:39:13","guid":{"rendered":"https:\/\/www.hashtag.al\/?p=708202"},"modified":"2024-11-08T12:05:57","modified_gmt":"2024-11-08T11:05:57","slug":"komisioni-hetimor-drejt-fundit-albana-vokshi-na-sjellin-raporte-si-te-semure-dhe-epikriza","status":"publish","type":"post","link":"https:\/\/www.hashtag.al\/index.php\/2024\/11\/08\/komisioni-hetimor-drejt-fundit-albana-vokshi-na-sjellin-raporte-si-te-semure-dhe-epikriza\/","title":{"rendered":"Komisioni Hetimor drejt fundit, Albana Vokshi: Na sjellin raporte si t\u00eb s\u00ebmur\u00eb dhe epikriza","gt_translate_keys":[{"key":"rendered","format":"text"}]},"content":{"rendered":"<p style=\"text-align: left;\"><span style=\"color: #000000;\"><img loading=\"lazy\" decoding=\"async\" class=\" wp-image-708203 aligncenter\" src=\"https:\/\/www.hashtag.al\/wp-content\/uploads\/2024\/11\/vokshi-300x180.jpg\" alt=\"\" width=\"762\" height=\"457\" srcset=\"https:\/\/www.hashtag.al\/wp-content\/uploads\/2024\/11\/vokshi-300x180.jpg 300w, https:\/\/www.hashtag.al\/wp-content\/uploads\/2024\/11\/vokshi.jpg 584w\" sizes=\"auto, (max-width: 762px) 100vw, 762px\" \/><\/span><\/p>\n<p><span style=\"color: #000000;\">Komisioni Hetimor p\u00ebr Koncesionet n\u00eb Sh\u00ebndet\u00ebsi po afrohet n\u00eb fund, por gjat\u00eb mbledhjes s\u00eb sotme, kryetarja e komisionit, Albana Vokshi, shprehu shqet\u00ebsimin p\u00ebr munges\u00ebn e d\u00ebshmitar\u00ebve. Ajo theksoi se d\u00ebshmitar\u00ebt e ftuar po sjellin vet\u00ebm raporte mjek\u00ebsore dhe epikriza, nj\u00eb praktik\u00eb q\u00eb Vokshi e konsideroi si t\u00eb pazakont\u00eb dhe t\u00eb papranueshme p\u00ebr nj\u00eb proces hetimor.<\/span><\/p>\n<p><span style=\"color: #000000;\">N\u00eb ve\u00e7anti, Vokshi p\u00ebrmendi refuzimin e tre aksionar\u00ebve t\u00eb kompanive italiane t\u00eb angazhuara n\u00eb sterilizimin e pajisjeve mjek\u00ebsore, t\u00eb cil\u00ebt nuk jan\u00eb paraqitur si d\u00ebshmitar\u00eb. Ajo paralajm\u00ebroi se t\u00eb h\u00ebn\u00ebn do t\u00eb njoftohet policia dhe do t\u00eb merren masa p\u00ebr t\u00eb siguruar pranin\u00eb e tyre n\u00eb komision.<\/span><\/p>\n<p><span style=\"color: #000000;\">Po ashtu, Vokshi ngriti shqet\u00ebsimin p\u00ebr disa d\u00ebshmitar\u00eb q\u00eb kishin sjell\u00eb raporte mjek\u00ebsore p\u00ebr t\u00eb justifikuar munges\u00ebn e tyre. Ajo p\u00ebrmendi dy raste, t\u00eb Altin Bib\u00ebs dhe Artan Llesh\u00ebs, t\u00eb cil\u00ebt paraqit\u00ebn raporte t\u00eb l\u00ebshuara nga mjek\u00ebt q\u00eb dyshoheshin p\u00ebr probleme sh\u00ebndet\u00ebsore, duke penguar k\u00ebshtu pjes\u00ebmarrjen e tyre n\u00eb komision.\u00a0<\/span><\/p>\n<p style=\"text-align: left;\"><span style=\"color: #000000;\"><em>\u201cNuk e di n\u00ebse \u00ebsht\u00eb trajtuar n\u00eb seanc\u00eb plenare, por nuk kemi p\u00ebrgjigje p\u00ebr k\u00ebrkes\u00ebn q\u00eb kemi b\u00ebr\u00eb si an\u00ebtar\u00eb t\u00eb opozit\u00ebs.<\/em><\/span><\/p>\n<p style=\"text-align: left;\"><span style=\"color: #000000;\"><em>Nuk kemi shkaktuar asnj\u00eb problem, asnj\u00eb pengese sepse kemi dashur q\u00eb t\u00eb vij\u00eb normalisht, pavar\u00ebsisht se kemi qen\u00eb n\u00eb mosbindje civile. <\/em><\/span><\/p>\n<p style=\"text-align: left;\"><span style=\"color: #000000;\"><em>Kemi qen\u00eb n\u00eb k\u00ebt\u00eb komision kurdo q\u00eb \u00ebsht\u00eb thirrur edhe n\u00eb m\u00ebnyr\u00eb t\u00eb nj\u00eb anshme. <\/em><\/span><\/p>\n<p style=\"text-align: left;\"><span style=\"color: #000000;\"><em>Shqet\u00ebsimi q\u00eb dua ta ngre sot \u00ebsht\u00eb q\u00eb po avullojn\u00eb d\u00ebshmitar\u00ebt. Tani q\u00eb jemi n\u00eb fundin e afatit q\u00eb ka caktuar kan\u00eb filluar t\u00eb gjith\u00eb t\u00eb s\u00ebmuren r\u00ebnd\u00eb, t\u00eb na sjellin epikriza, raporte 10 ditore. <\/em><\/span><\/p>\n<p style=\"text-align: left;\"><span style=\"color: #000000;\"><em>Kemi dy d\u00ebshmitare q\u00eb kishim thirrur sot p\u00ebr t\u00eb d\u00ebshmuar, kemi Altin Bib\u00ebn, q\u00eb thot\u00eb se \u00ebsht\u00eb me raport 10 ditor. Artan Lleshi, i cili na sjell nj\u00eb epikrize p\u00ebr disa dyshime n\u00eb sh\u00ebndet\u201d,<\/em> tha nd\u00ebr t\u00eb tjera Vokshi.<\/span><\/p>\n","protected":false,"gt_translate_keys":[{"key":"rendered","format":"html"}]},"excerpt":{"rendered":"<p>Komisioni Hetimor p\u00ebr Koncesionet n\u00eb Sh\u00ebndet\u00ebsi po afrohet n\u00eb fund, por gjat\u00eb mbledhjes s\u00eb sotme, kryetarja e komisionit, Albana Vokshi, shprehu shqet\u00ebsimin p\u00ebr munges\u00ebn e d\u00ebshmitar\u00ebve. Ajo theksoi se d\u00ebshmitar\u00ebt e ftuar po sjellin vet\u00ebm raporte mjek\u00ebsore dhe epikriza, nj\u00eb praktik\u00eb q\u00eb Vokshi e konsideroi si t\u00eb pazakont\u00eb dhe t\u00eb papranueshme p\u00ebr nj\u00eb proces hetimor. [&hellip;]<\/p>\n","protected":false,"gt_translate_keys":[{"key":"rendered","format":"html"}]},"author":49,"featured_media":708203,"comment_status":"closed","ping_status":"open","sticky":false,"template":"","format":"standard","meta":{"footnotes":""},"categories":[65],"tags":[],"class_list":["post-708202","post","type-post","status-publish","format-standard","has-post-thumbnail","hentry","category-lajme"],"gt_translate_keys":[{"key":"link","format":"url"}],"_links":{"self":[{"href":"https:\/\/www.hashtag.al\/index.php\/wp-json\/wp\/v2\/posts\/708202","targetHints":{"allow":["GET"]}}],"collection":[{"href":"https:\/\/www.hashtag.al\/index.php\/wp-json\/wp\/v2\/posts"}],"about":[{"href":"https:\/\/www.hashtag.al\/index.php\/wp-json\/wp\/v2\/types\/post"}],"author":[{"embeddable":true,"href":"https:\/\/www.hashtag.al\/index.php\/wp-json\/wp\/v2\/users\/49"}],"replies":[{"embeddable":true,"href":"https:\/\/www.hashtag.al\/index.php\/wp-json\/wp\/v2\/comments?post=708202"}],"version-history":[{"count":0,"href":"https:\/\/www.hashtag.al\/index.php\/wp-json\/wp\/v2\/posts\/708202\/revisions"}],"wp:featuredmedia":[{"embeddable":true,"href":"https:\/\/www.hashtag.al\/index.php\/wp-json\/wp\/v2\/media\/708203"}],"wp:attachment":[{"href":"https:\/\/www.hashtag.al\/index.php\/wp-json\/wp\/v2\/media?parent=708202"}],"wp:term":[{"taxonomy":"category","embeddable":true,"href":"https:\/\/www.hashtag.al\/index.php\/wp-json\/wp\/v2\/categories?post=708202"},{"taxonomy":"post_tag","embeddable":true,"href":"https:\/\/www.hashtag.al\/index.php\/wp-json\/wp\/v2\/tags?post=708202"}],"curies":[{"name":"wp","href":"https:\/\/api.w.org\/{rel}","templated":true}]}}