{"id":708133,"date":"2024-11-07T22:40:08","date_gmt":"2024-11-07T21:40:08","guid":{"rendered":"https:\/\/www.hashtag.al\/?p=708133"},"modified":"2024-11-07T22:40:08","modified_gmt":"2024-11-07T21:40:08","slug":"meta-dosja-e-spak-ut-fleterrufe-nuk-kam-pasur-asnjehere-idene-e-arratisjes","status":"publish","type":"post","link":"https:\/\/www.hashtag.al\/index.php\/2024\/11\/07\/meta-dosja-e-spak-ut-fleterrufe-nuk-kam-pasur-asnjehere-idene-e-arratisjes\/","title":{"rendered":"Meta: Dosja e SPAK-ut flet\u00ebrrufe, nuk kam pasur asnj\u00ebher\u00eb iden\u00eb e arratisjes","gt_translate_keys":[{"key":"rendered","format":"text"}]},"content":{"rendered":"<p><span style=\"color: #000000;\"><a href=\"https:\/\/www.hashtag.al\/wp-content\/uploads\/2024\/10\/ilir-meta-1.png\"><img loading=\"lazy\" decoding=\"async\" class=\"aligncenter size-full wp-image-705048\" src=\"https:\/\/www.hashtag.al\/wp-content\/uploads\/2024\/10\/ilir-meta-1.png\" alt=\"\" width=\"635\" height=\"471\" srcset=\"https:\/\/www.hashtag.al\/wp-content\/uploads\/2024\/10\/ilir-meta-1.png 635w, https:\/\/www.hashtag.al\/wp-content\/uploads\/2024\/10\/ilir-meta-1-300x223.png 300w\" sizes=\"auto, (max-width: 635px) 100vw, 635px\" \/><\/a><\/span><\/p>\n<p><span style=\"color: #000000;\">Ish presidenti i Republik\u00ebs, Ilir Meta n\u00eb nj\u00eb intervist\u00eb p\u00ebr emisionin \u201cFrontline\u2019 t\u00eb gazetares Marsela Karapan\u00e7o n\u00eb Report Tv foli p\u00ebr arrestimin e tij.<\/span><\/p>\n<p><span style=\"color: #000000;\">Meta e quati \u2018<em>flet\u00ebrrufe<\/em>\u2019 dosjen e SPAK dhe mohoi n\u00eb m\u00ebnyr\u00eb kategorike t\u00eb ket\u00eb pasur ndonj\u00ebher\u00eb n\u00eb mend iden\u00eb e arratisjes.<\/span><\/p>\n<p><span style=\"color: #000000;\"><strong>\u00a0<\/strong><em>Mos vall\u00eb ju prisnit t\u00eb duartrokisja rr\u00ebmbimin tim n\u00eb m\u00ebnyr\u00ebn m\u00eb banditeske, m\u00eb t\u00eb paligjshme dhe m\u00eb antikushtetuese nga njer\u00ebz me maska, me armatim t\u00eb r\u00ebnd\u00eb, q\u00eb s\u2019pranojn\u00eb t\u00eb identifikohen dhe q\u00eb nuk paraqesin asnj\u00eb akt ndalimi apo shkres\u00eb zyrtare?<\/em><\/span><\/p>\n<p><span style=\"color: #000000;\"><em>Sa p\u00ebr arratisjen, as ka ekzistuar kjo n\u00eb imagjinat\u00ebn time ndonj\u00ebher\u00eb dhe kjo ka qen\u00eb d\u00ebshira e atyre q\u00eb kan\u00eb kryer k\u00ebt\u00eb krim t\u00eb r\u00ebnd\u00eb p\u00ebr llogari t\u00eb mafias nd\u00ebrkomb\u00ebtare q\u00eb sot kontrollon shtetin tone t\u00eb kapur dhe t\u00eb d\u00ebshtuar\u201d-<\/em>tha Meta.<\/span><\/p>\n<p><span style=\"color: #000000;\">\u201c<em>\u00cbsht\u00eb detyra e SPAK-ut t\u00eb p\u00ebrmbush\u00eb barr\u00ebn e prov\u00ebs. Por, nuk ekziston asnj\u00eb prove nga ana e SPAK kund\u00ebr meje n\u00eb flet\u00ebrrufen\u00eb prej 165 faqesh t\u00eb mbushur me intervista e d\u00ebshmi kontradiktore nga njer\u00ebz q\u00eb kan\u00eb patur gjithmon\u00eb probleme me drejt\u00ebsin\u00eb.<\/em><\/span><\/p>\n<p><span style=\"color: #000000;\"><em>Ata jan\u00eb t\u00eb gjith\u00eb si ai bashk\u00ebpun\u00ebtori i policis\u00eb q\u00eb u p\u00ebrdorur nga Narkopolicia p\u00ebr rr\u00ebmbimin<\/em>\u201d-tha Meta<\/span><\/p>\n<p>&nbsp;<\/p>\n","protected":false,"gt_translate_keys":[{"key":"rendered","format":"html"}]},"excerpt":{"rendered":"<p>Ish presidenti i Republik\u00ebs, Ilir Meta n\u00eb nj\u00eb intervist\u00eb p\u00ebr emisionin \u201cFrontline\u2019 t\u00eb gazetares Marsela Karapan\u00e7o n\u00eb Report Tv foli p\u00ebr arrestimin e tij. Meta e quati \u2018flet\u00ebrrufe\u2019 dosjen e SPAK dhe mohoi n\u00eb m\u00ebnyr\u00eb kategorike t\u00eb ket\u00eb pasur ndonj\u00ebher\u00eb n\u00eb mend iden\u00eb e arratisjes. \u00a0Mos vall\u00eb ju prisnit t\u00eb duartrokisja rr\u00ebmbimin tim n\u00eb m\u00ebnyr\u00ebn [&hellip;]<\/p>\n","protected":false,"gt_translate_keys":[{"key":"rendered","format":"html"}]},"author":32,"featured_media":705048,"comment_status":"closed","ping_status":"open","sticky":false,"template":"","format":"standard","meta":{"footnotes":""},"categories":[65,13],"tags":[],"class_list":["post-708133","post","type-post","status-publish","format-standard","has-post-thumbnail","hentry","category-lajme","category-te-fundit"],"gt_translate_keys":[{"key":"link","format":"url"}],"_links":{"self":[{"href":"https:\/\/www.hashtag.al\/index.php\/wp-json\/wp\/v2\/posts\/708133","targetHints":{"allow":["GET"]}}],"collection":[{"href":"https:\/\/www.hashtag.al\/index.php\/wp-json\/wp\/v2\/posts"}],"about":[{"href":"https:\/\/www.hashtag.al\/index.php\/wp-json\/wp\/v2\/types\/post"}],"author":[{"embeddable":true,"href":"https:\/\/www.hashtag.al\/index.php\/wp-json\/wp\/v2\/users\/32"}],"replies":[{"embeddable":true,"href":"https:\/\/www.hashtag.al\/index.php\/wp-json\/wp\/v2\/comments?post=708133"}],"version-history":[{"count":0,"href":"https:\/\/www.hashtag.al\/index.php\/wp-json\/wp\/v2\/posts\/708133\/revisions"}],"wp:featuredmedia":[{"embeddable":true,"href":"https:\/\/www.hashtag.al\/index.php\/wp-json\/wp\/v2\/media\/705048"}],"wp:attachment":[{"href":"https:\/\/www.hashtag.al\/index.php\/wp-json\/wp\/v2\/media?parent=708133"}],"wp:term":[{"taxonomy":"category","embeddable":true,"href":"https:\/\/www.hashtag.al\/index.php\/wp-json\/wp\/v2\/categories?post=708133"},{"taxonomy":"post_tag","embeddable":true,"href":"https:\/\/www.hashtag.al\/index.php\/wp-json\/wp\/v2\/tags?post=708133"}],"curies":[{"name":"wp","href":"https:\/\/api.w.org\/{rel}","templated":true}]}}