{"id":708128,"date":"2024-11-07T20:41:00","date_gmt":"2024-11-07T19:41:00","guid":{"rendered":"https:\/\/www.hashtag.al\/?p=708128"},"modified":"2024-11-07T20:41:00","modified_gmt":"2024-11-07T19:41:00","slug":"shembja-e-koalicionit-ne-gjermani-cfare-vjen-me-pas","status":"publish","type":"post","link":"https:\/\/www.hashtag.al\/index.php\/2024\/11\/07\/shembja-e-koalicionit-ne-gjermani-cfare-vjen-me-pas\/","title":{"rendered":"Shembja e koalicionit n\u00eb Gjermani: \u00c7far\u00eb vjen m\u00eb pas?","gt_translate_keys":[{"key":"rendered","format":"text"}]},"content":{"rendered":"<p><span style=\"color: #000000;\"><a style=\"color: #000000;\" href=\"https:\/\/www.hashtag.al\/wp-content\/uploads\/2023\/11\/scholz.png\"><img loading=\"lazy\" decoding=\"async\" class=\"aligncenter size-full wp-image-635323\" src=\"https:\/\/www.hashtag.al\/wp-content\/uploads\/2023\/11\/scholz.png\" alt=\"\" width=\"1154\" height=\"663\" srcset=\"https:\/\/www.hashtag.al\/wp-content\/uploads\/2023\/11\/scholz.png 1154w, https:\/\/www.hashtag.al\/wp-content\/uploads\/2023\/11\/scholz-300x172.png 300w, https:\/\/www.hashtag.al\/wp-content\/uploads\/2023\/11\/scholz-1024x588.png 1024w, https:\/\/www.hashtag.al\/wp-content\/uploads\/2023\/11\/scholz-768x441.png 768w, https:\/\/www.hashtag.al\/wp-content\/uploads\/2023\/11\/scholz-250x145.png 250w\" sizes=\"auto, (max-width: 1154px) 100vw, 1154px\" \/><\/a><\/span><\/p>\n<p><span style=\"color: #000000;\">Koalicioni gjerman u shemb t\u00eb m\u00ebrkur\u00ebn pasi kancelari Olaf Scholz shkarkoi ministrin e tij t\u00eb financave dhe i hapi rrug\u00ebn zgjedhjeve t\u00eb parakohshme, duke shkaktuar kaos politik n\u00eb ekonomin\u00eb m\u00eb t\u00eb madhe t\u00eb Evrop\u00ebs disa or\u00eb pasi Donald Trump fitoi zgjedhjet presidenciale n\u00eb SHBA.<\/span><\/p>\n<p><span style=\"color: #000000;\">Pas shkarkimit t\u00eb ministrit t\u00eb financave Christian Lindner t\u00eb partis\u00eb Demokrat\u00ebt e Lir\u00eb (FDP), Scholz pritet t\u00eb kryesoj\u00eb nj\u00eb qeveri t\u00eb pakic\u00ebs me Social Demokrat\u00ebt e tij dhe t\u00eb Gjelb\u00ebrit, partia e dyt\u00eb m\u00eb e madhe, shkruan Reuters.<\/span><\/p>\n<p><span style=\"color: #000000;\">\u00c7far\u00eb ndodh tani?<\/span><\/p>\n<p><span style=\"color: #000000;\">Scholz tha se do t\u00eb th\u00ebrriste nj\u00eb mocion besimi n\u00eb qeverin\u00eb e tij p\u00ebr 15 janar, hapi pararend\u00ebs i nevojsh\u00ebm p\u00ebr mbajtjen e zgjedhjeve deri n\u00eb fund t\u00eb marsit.<\/span><\/p>\n<p><span style=\"color: #000000;\">Sipas rregullave t\u00eb krijuara p\u00ebr t\u00eb parandaluar llojin e trazirave t\u00eb koalicionit q\u00eb p\u00ebrshpejtoi fundin e demokracis\u00eb s\u00eb nd\u00ebrmjetme t\u00eb Gjermanis\u00eb, kancelaria kontrollon kryesisht ritmin e ngjarjeve: opozita mund ta shtyj\u00eb at\u00eb m\u00eb her\u00ebt n\u00ebse mund t\u00eb gjej\u00eb nj\u00eb shumic\u00eb p\u00ebr nj\u00eb kancelar t\u00eb caktuar alternativ, i cili do t\u00eb t\u00eb jet\u00eb sfidues me aritmetik\u00ebn aktuale parlamentare.<\/span><\/p>\n<p><span style=\"color: #000000;\">Frank-Walter Steinmeier, presidenti i Gjermanis\u00eb, tha se ai nuk do t\u00eb p\u00ebrdorte fuqin\u00eb e tij p\u00ebr t\u00eb bllokuar l\u00ebvizjen e Scholz-it p\u00ebr zgjedhje t\u00eb parakohshme pasi parlamenti t\u00eb ket\u00eb mbajtur nj\u00eb vot\u00ebbesim.<\/span><\/p>\n<p><span style=\"color: #000000;\">Si do qeveriste scholz deri ne zgjedhjet?<\/span><\/p>\n<p><span style=\"color: #000000;\">T\u00eb Gjelbrit, partia e dyt\u00eb m\u00eb e madhe n\u00eb koalicionin fillestar trepal\u00ebsh, do t\u00eb q\u00ebndroj\u00eb n\u00eb qeveri. Pa nj\u00eb shumic\u00eb parlamentare t\u00eb tyren, ata do t\u00eb duhet t\u00eb mbledhin s\u00eb bashku mb\u00ebshtetje ad hoc p\u00ebr votat individuale nga partit\u00eb e tjera.<\/span><\/p>\n<p><span style=\"color: #000000;\">Scholz tha se do t&#8217;i k\u00ebrkonte Friedrich Merz, liderit t\u00eb konservator\u00ebve t\u00eb opozit\u00ebs, t\u00eb mb\u00ebshteste masat buxhetore t\u00eb nevojshme urgjentisht, duke th\u00ebn\u00eb se ekonomia e goditur nga kriza e Gjermanis\u00eb nuk mund t\u00eb pres\u00eb deri pas zgjedhjeve p\u00ebr veprimet e qeveris\u00eb.<\/span><\/p>\n<p><span style=\"color: #000000;\">Nj\u00eb fokus i menj\u00ebhersh\u00ebm \u00ebsht\u00eb ajo q\u00eb ndodh me portofolet e mbajtura nga kat\u00ebr ministrat e FDP n\u00eb qeveri &#8211; p\u00ebrve\u00e7 Lindner, ministrat e drejt\u00ebsis\u00eb, transportit dhe arsimit.<\/span><\/p>\n<p><span style=\"color: #000000;\">Joerg Kukies, nj\u00eb aleat i Scholz-it, ish-bankier i investimeve t\u00eb Goldman Sachs dhe tani z\u00ebvend\u00ebsminist\u00ebr i financave, \u00ebsht\u00eb zgjedhur p\u00ebr t\u00eb z\u00ebvend\u00ebsuar Lindnerin si minist\u00ebr i financave. Ministri i Transportit Volker Wissing d\u00ebshiron t\u00eb q\u00ebndroj\u00eb n\u00eb postin e tij, nj\u00eb k\u00ebrkes\u00eb q\u00eb kristiandemokrat\u00ebt konservator\u00eb e than\u00eb se ishte e papranueshme.<\/span><\/p>\n<p><span style=\"color: #000000;\">\u00c7far\u00eb mund t\u00eb b\u00ebj\u00eb opozita?<\/span><\/p>\n<p><span style=\"color: #000000;\">Merz tha se marsi ishte shum\u00eb von\u00eb p\u00ebr zgjedhje t\u00eb parakohshme, duke i b\u00ebr\u00eb thirrje Scholz-it t\u00eb mbante nj\u00eb mocion besimi brenda nj\u00eb jave, gj\u00eb q\u00eb do t\u00eb lejonte zgjedhjet q\u00eb n\u00eb janar. Por ai nuk ka asnj\u00eb m\u00ebnyr\u00eb praktike p\u00ebr ta detyruar Scholz-in t\u00eb veproj\u00eb m\u00eb shpejt.<\/span><\/p>\n<p><span style=\"color: #000000;\">Merz mund t\u00eb refuzoj\u00eb t\u00eb votoj\u00eb p\u00ebr masat e propozuara t\u00eb urgjenc\u00ebs nga Scholz, por kjo do t\u00eb rrezikonte t\u00eb d\u00ebmtonte shkaqet q\u00eb Merz ushqen, si mb\u00ebshtetja p\u00ebr Ukrain\u00ebn kund\u00ebr pushtimit t\u00eb Rusis\u00eb.<\/span><\/p>\n<p><span style=\"color: #000000;\">N\u00eb \u00e7do rast, me nj\u00eb ep\u00ebrsi t\u00eb fort\u00eb mbi t\u00eb gjitha partit\u00eb e koalicionit n\u00eb sondazhe, Merz mund t\u00eb hezitoj\u00eb t&#8217;i jap\u00eb Scholz nj\u00eb fitore pak para zgjedhjeve.<\/span><\/p>\n<p><span style=\"color: #000000;\">\u00c7far\u00eb mund t\u00eb b\u00ebj\u00eb m\u00eb shum\u00eb presidenti gjermani?<\/span><\/p>\n<p><span style=\"color: #000000;\">Roli i Steinmeier \u00ebsht\u00eb kryesisht ceremonial, ndon\u00ebse zyra e tij &#8211; formalisht neutrale dhe mbi politik\u00ebn &#8211; ofron nj\u00eb foltore p\u00ebr t\u00eb qortuar politikan\u00ebt e pabindur.<\/span><\/p>\n<p><span style=\"color: #000000;\">\u201cTani nuk \u00ebsht\u00eb koha p\u00ebr taktika dhe p\u00ebrleshje\u201d, tha ai, pa p\u00ebrmendur asnj\u00eb pal\u00eb.<\/span><\/p>\n<p><span style=\"color: #000000;\">&#8220;\u00cbsht\u00eb koha p\u00ebr arsye dhe p\u00ebrgjegj\u00ebsi. Un\u00eb pres q\u00eb t\u00eb gjith\u00eb t\u00eb p\u00ebrmbushin k\u00ebrkesat e momentit.&#8221;<\/span><\/p>\n","protected":false,"gt_translate_keys":[{"key":"rendered","format":"html"}]},"excerpt":{"rendered":"<p>Koalicioni gjerman u shemb t\u00eb m\u00ebrkur\u00ebn pasi kancelari Olaf Scholz shkarkoi ministrin e tij t\u00eb financave dhe i hapi rrug\u00ebn zgjedhjeve t\u00eb parakohshme, duke shkaktuar kaos politik n\u00eb ekonomin\u00eb m\u00eb t\u00eb madhe t\u00eb Evrop\u00ebs disa or\u00eb pasi Donald Trump fitoi zgjedhjet presidenciale n\u00eb SHBA. Pas shkarkimit t\u00eb ministrit t\u00eb financave Christian Lindner t\u00eb partis\u00eb Demokrat\u00ebt [&hellip;]<\/p>\n","protected":false,"gt_translate_keys":[{"key":"rendered","format":"html"}]},"author":32,"featured_media":635323,"comment_status":"closed","ping_status":"open","sticky":false,"template":"","format":"standard","meta":{"footnotes":""},"categories":[6,13],"tags":[],"class_list":["post-708128","post","type-post","status-publish","format-standard","has-post-thumbnail","hentry","category-nderkombetare","category-te-fundit"],"gt_translate_keys":[{"key":"link","format":"url"}],"_links":{"self":[{"href":"https:\/\/www.hashtag.al\/index.php\/wp-json\/wp\/v2\/posts\/708128","targetHints":{"allow":["GET"]}}],"collection":[{"href":"https:\/\/www.hashtag.al\/index.php\/wp-json\/wp\/v2\/posts"}],"about":[{"href":"https:\/\/www.hashtag.al\/index.php\/wp-json\/wp\/v2\/types\/post"}],"author":[{"embeddable":true,"href":"https:\/\/www.hashtag.al\/index.php\/wp-json\/wp\/v2\/users\/32"}],"replies":[{"embeddable":true,"href":"https:\/\/www.hashtag.al\/index.php\/wp-json\/wp\/v2\/comments?post=708128"}],"version-history":[{"count":0,"href":"https:\/\/www.hashtag.al\/index.php\/wp-json\/wp\/v2\/posts\/708128\/revisions"}],"wp:featuredmedia":[{"embeddable":true,"href":"https:\/\/www.hashtag.al\/index.php\/wp-json\/wp\/v2\/media\/635323"}],"wp:attachment":[{"href":"https:\/\/www.hashtag.al\/index.php\/wp-json\/wp\/v2\/media?parent=708128"}],"wp:term":[{"taxonomy":"category","embeddable":true,"href":"https:\/\/www.hashtag.al\/index.php\/wp-json\/wp\/v2\/categories?post=708128"},{"taxonomy":"post_tag","embeddable":true,"href":"https:\/\/www.hashtag.al\/index.php\/wp-json\/wp\/v2\/tags?post=708128"}],"curies":[{"name":"wp","href":"https:\/\/api.w.org\/{rel}","templated":true}]}}