{"id":707669,"date":"2024-11-05T13:38:43","date_gmt":"2024-11-05T12:38:43","guid":{"rendered":"https:\/\/www.hashtag.al\/?p=707669"},"modified":"2024-11-05T13:38:43","modified_gmt":"2024-11-05T12:38:43","slug":"zbulohet-fajtorja-e-vertete-per-humbjet-linda-rama","status":"publish","type":"post","link":"https:\/\/www.hashtag.al\/index.php\/2024\/11\/05\/zbulohet-fajtorja-e-vertete-per-humbjet-linda-rama\/","title":{"rendered":"Zbulohet fajtorja e v\u00ebrtet\u00eb p\u00ebr humbjet: Linda Rama","gt_translate_keys":[{"key":"rendered","format":"text"}]},"content":{"rendered":"<p><a href=\"https:\/\/www.hashtag.al\/wp-content\/uploads\/2024\/11\/800-0-1679128724xlinda2-859.jpg\"><img loading=\"lazy\" decoding=\"async\" class=\"aligncenter size-full wp-image-707670\" src=\"https:\/\/www.hashtag.al\/wp-content\/uploads\/2024\/11\/800-0-1679128724xlinda2-859.jpg\" alt=\"\" width=\"800\" height=\"533\" srcset=\"https:\/\/www.hashtag.al\/wp-content\/uploads\/2024\/11\/800-0-1679128724xlinda2-859.jpg 800w, https:\/\/www.hashtag.al\/wp-content\/uploads\/2024\/11\/800-0-1679128724xlinda2-859-300x200.jpg 300w, https:\/\/www.hashtag.al\/wp-content\/uploads\/2024\/11\/800-0-1679128724xlinda2-859-768x512.jpg 768w\" sizes=\"auto, (max-width: 800px) 100vw, 800px\" \/><\/a><\/p>\n<p><span style=\"color: #000000;\"><strong>Nga Iris Luarasi<\/strong><\/span><\/p>\n<p><span style=\"color: #000000;\">E kush mund ta kishte menduar? Pasi humbi tre mandate rresht, Partia Demokratike duket se m\u00eb n\u00eb fund e ka gjetur \u201cfajtoren\u201d e madhe q\u00eb u ka z\u00ebn\u00eb rrug\u00ebn drejt pushtetit &#8211; Linda Rama.<\/span><\/p>\n<p><span style=\"color: #000000;\">Me gjith\u00eb problemet e brendshme q\u00eb ka PD-ja, tani e ka kuptuar se e vetmja gj\u00eb q\u00eb i ndan nga fitorja \u00ebsht\u00eb karriera e nj\u00eb gruaje.<\/span><\/p>\n<p><span style=\"color: #000000;\">K\u00ebto rreshta nuk po i shkruaj p\u00ebr t\u00eb mb\u00ebshtetur bashk\u00ebshorten e Edi Ram\u00ebs, por p\u00ebr t\u00eb mb\u00ebshtetur nj\u00eb grua n\u00eb karrier\u00eb.<\/span><\/p>\n<p><span style=\"color: #000000;\">P\u00ebr ironi t\u00eb fatit, Linda Rama ka filluar t\u00eb ushtroj\u00eb profesionin e saj si konsulente dhe bashk\u00ebautore e k\u00ebrkimeve q\u00eb kur ish-kryeministri i Partis\u00eb Socialiste, i koh\u00ebs, e largoi nga drejtimi i Agjencis\u00eb Komb\u00ebtare t\u00eb Privatizimit.<\/span><\/p>\n<p><span style=\"color: #000000;\">Nga ai moment, ajo \u00ebsht\u00eb angazhuar n\u00eb projekte nd\u00ebrkomb\u00ebtare p\u00ebr Shqip\u00ebrin\u00eb dhe ka shkruar raporte q\u00eb jan\u00eb p\u00ebrdorur nga \u00e7do qeveri, p\u00ebrfshir\u00eb dhe nga PD-n\u00eb gjat\u00eb viteve t\u00eb saj n\u00eb pushtet.<\/span><\/p>\n<p><span style=\"color: #000000;\">Linda, duhet t\u00eb largohet nga k\u00ebto projekte p\u00ebr hir t\u00eb \u201cpaanshm\u00ebris\u00eb\u201d, nj\u00eb k\u00ebrkes\u00eb q\u00eb n\u00eb vetvete bie ndesh me standardet nd\u00ebrkomb\u00ebtare t\u00eb barazis\u00eb n\u00eb pun\u00ebsim.<\/span><\/p>\n<p><span style=\"color: #000000;\">N\u00eb shumic\u00ebn e vendeve per\u00ebndimore, grat\u00eb kan\u00eb t\u00eb drejt\u00ebn p\u00ebr t\u00eb ndjekur nj\u00eb karrier\u00eb profesionale pavar\u00ebsisht pozicionit t\u00eb bashk\u00ebshortit t\u00eb tyre.<\/span><\/p>\n<p><span style=\"color: #000000;\">\u00a0Por, ironia nuk mbaron k\u00ebtu: meq\u00eb Linda \u00ebsht\u00eb e martuar me kryeministrin, sipas PD-s\u00eb, \u00ebsht\u00eb mir\u00eb q\u00eb ajo t\u00eb l\u00ebr\u00eb gjith\u00e7ka dhe t\u00eb merret me \u201cpun\u00ebt e sht\u00ebpis\u00eb\u201d p\u00ebr t\u00eb mos \u201ckontaminuar\u201d analizat nd\u00ebrkomb\u00ebtare me ndonj\u00eb ndikim t\u00eb supozuar.<\/span><\/p>\n<p><span style=\"color: #000000;\">Ndoshta kjo let\u00ebr do kishte qen\u00eb m\u00eb e udh\u00ebs po t\u00eb ishte shkruar pas ndonj\u00eb analize serioze t\u00eb raporteve t\u00eb Linda Ram\u00ebs dhe po t\u00eb kishte arsye t\u00eb mir\u00ebfillta p\u00ebr t\u00eb v\u00ebn\u00eb n\u00eb pik\u00ebpyetje paanshm\u00ebrin\u00eb e saj. Megjithat\u00eb, duket se u zgjodh rruga e shkurt\u00ebr \u2013 m\u00eb shum\u00eb komoditet sesa p\u00ebrpjekje.<\/span><\/p>\n<p><span style=\"color: #000000;\">Por \u00e7far\u00eb duhet t\u00eb b\u00ebj\u00eb sot Linda n\u00eb k\u00ebt\u00eb situat\u00eb komike?<\/span><\/p>\n<p><span style=\"color: #000000;\">Ka dy zgjedhje:<\/span><\/p>\n<p><span style=\"color: #000000;\">E para, mbase duhet t\u00eb kontraktohet nga PD-ja si eksperte q\u00eb, t\u2019i jap\u00eb partis\u00eb ndonj\u00eb shans p\u00ebr t\u00eb fituar zgjedhjet. E dyta, t\u00eb q\u00ebndroj\u00eb n\u00eb sht\u00ebpi, t\u00eb heq\u00eb dor\u00eb nga karriera e saj dhe t\u00eb fokusohet tek p\u00ebrgatitja e m\u00ebngjeseve familjare, q\u00eb PD t\u00eb jet\u00eb e qet\u00eb q\u00eb asnj\u00eb grua e suksesshme nuk p\u00ebrzihet n\u00eb \u00e7\u00ebshtje publike.<\/span><\/p>\n<p><span style=\"color: #000000;\">N\u00eb nj\u00eb skenar hipotetik: Linda, e papun\u00eb, pa karrier\u00eb dhe \u00e7do m\u00ebngjes duke u kthyer nga pazari i lagjes, i k\u00ebrkon lek\u00eb bashk\u00ebshortit p\u00ebr shpenzimet e p\u00ebrditshme t\u00eb familjes dhe ndonj\u00eb kafe me shoqet.<\/span><\/p>\n<p><span style=\"color: #000000;\">Ky \u00ebsht\u00eb modeli q\u00eb k\u00ebrkohet p\u00ebr grat\u00eb e suksesshme? Ky \u00ebsht\u00eb modeli q\u00eb po p\u00ebrpiqemi t\u00eb imponojm\u00eb p\u00ebr grat\u00eb n\u00eb karrier\u00eb? Q\u00eb puna dhe sakrificat e tyre jan\u00eb vet\u00ebm nj\u00eb fasad\u00eb q\u00eb mund t\u00eb asgj\u00ebsohet sapo t\u00eb martohen me \u201cburrin e gabuar\u201d?<\/span><\/p>\n<p><span style=\"color: #000000;\">Ndoshta m\u00eb ironikja \u00ebsht\u00eb fakti se nd\u00ebr n\u00ebnshkrueset e k\u00ebsaj letre jan\u00eb edhe gra t\u00eb PD-s\u00eb, t\u00eb cilat, n\u00eb vend q\u00eb t\u00eb protestojn\u00eb p\u00ebr faktin se asnj\u00ebra prej tyre nuk \u00ebsht\u00eb n\u00eb pozicion t\u00eb drejtoj\u00eb ndonj\u00eb qark n\u00eb zgjedhjet e ardhshme, k\u00ebrkojn\u00eb nd\u00ebrprerjen e karrier\u00ebs s\u00eb nj\u00eb gruaje tjet\u00ebr, qoft\u00eb kjo edhe gruaja e kryeministrit.<\/span><\/p>\n<p><span style=\"color: #000000;\">Si mundet q\u00eb vet\u00eb ato nuk e kuptojn\u00eb se \u00e7do k\u00ebrkes\u00eb p\u00ebr t\u00eb p\u00ebrjashtuar Linda Ram\u00ebn nga angazhimet e saj profesionale \u00ebsht\u00eb nj\u00eb hap prapa p\u00ebr t\u00eb drejtat e grave n\u00eb karrier\u00eb? \u00c7far\u00eb mesazhi po japin p\u00ebr grat\u00eb shqiptare me nj\u00eb nism\u00eb t\u00eb till\u00eb, kur grat\u00eb e suksesshme d\u00ebrgohen \u201cmbrapa kuzhin\u00ebs\u201d sepse pozita e bashk\u00ebshortit i b\u00ebn ato \u201ct\u00eb pap\u00ebrshtatshme\u201d p\u00ebr t\u00eb punuar? Duke k\u00ebrkuar q\u00eb Linda Rama t\u00eb largohet nga angazhimet profesionale, a \u00ebsht\u00eb ky modeli q\u00eb duam p\u00ebr grat\u00eb n\u00eb Shqip\u00ebri? A duhet t\u00eb jetojm\u00eb n\u00eb nj\u00eb shoq\u00ebri ku arritjet e nj\u00eb gruaje reduktohen p\u00ebr shkak t\u00eb statusit t\u00eb bashk\u00ebshortit t\u00eb saj?<\/span><\/p>\n<p><span style=\"color: #000000;\">Deputet\u00ebt e Grupit Parlamentar t\u00eb PD, mund t\u00eb kishin marr\u00eb shembull nga modelet e vendeve q\u00eb shpesh thon\u00eb se i ndjekin.<\/span><\/p>\n<p><span style=\"color: #000000;\">N\u00eb vendet ku barazia gjinore \u00ebsht\u00eb nj\u00eb standard bazik, \u00ebsht\u00eb e zakonshme q\u00eb grat\u00eb t\u00eb punojn\u00eb n\u00eb pozita t\u00eb r\u00ebnd\u00ebsishme, pavar\u00ebsisht se kush \u00ebsht\u00eb bashk\u00ebshorti i tyre.<\/span><\/p>\n<p><span style=\"color: #000000;\">Vet\u00eb k\u00ebto organizata nd\u00ebrkomb\u00ebtare, q\u00eb prej dekadash bashk\u00ebpunojn\u00eb me Linda Ram\u00ebn, e kan\u00eb pranuar dhe mb\u00ebshtetur at\u00eb pik\u00ebrisht p\u00ebr aft\u00ebsit\u00eb e saj, jo p\u00ebr statusin familjar.<\/span><\/p>\n<p><span style=\"color: #000000;\">Esht\u00eb nj\u00ebsoj sikur t\u2019i k\u00ebrkosh Michelle Obama, avokate dhe autore e suksesshme, t\u00eb mos ruante z\u00ebrin e saj unik publik dhe profesional gjat\u00eb presidenc\u00ebs s\u00eb bashk\u00ebshortit t\u00eb saj, t\u2019i k\u00ebrkoje Carla Brunit t\u00eb mos vazhdonte karrier\u00ebn e saj si k\u00ebng\u00ebtare dhe modele e suksesshme, sepse bashk\u00ebshorti i saj, Nicolas Sarkozy, ishte president i Franc\u00ebs, t\u2019i k\u00ebrkoje Eliza Reid, bashk\u00ebshortes s\u00eb presidentit t\u00eb Island\u00ebs, Gu\u00f0ni Th. J\u00f3hannesson t\u00eb mos vazhdonte karrier\u00ebn e saj gazetareske dhe pas ardhjes s\u00eb bashk\u00ebshortit n\u00eb krye t\u00eb shtetit. Apo t\u2019i k\u00ebrkoje Cherie Blair, avokate e njohur p\u00ebr t\u00eb drejtat e njeriut dhe \u00e7\u00ebshtjet ligjore nd\u00ebrkomb\u00ebtare, t\u00eb nd\u00ebrpriste karrier\u00ebn e saj sepse bashk\u00ebshorti i saj, Tony Blair, ishte kryeminist\u00ebr i Mbret\u00ebris\u00eb s\u00eb Bashkuar.<\/span><\/p>\n<p><span style=\"color: #000000;\">Keqardhje, por kjo let\u00ebr m\u00eb kujton q\u00eb e ardhmja e suksesit t\u00eb PD-s\u00eb, varet nga Linda Rama, nj\u00eb sukses q\u00eb, me sa duket, do t\u00eb arrihet vet\u00ebm kur Linda t\u00eb jet\u00eb e papun\u00eb dhe duke pyetur \u00e7do m\u00ebngjes p\u00ebr \u201clek\u00ebt e kafes\u00eb\u201d.<\/span><\/p>\n<p><span style=\"color: #000000;\"><span style=\"color: #ff0000;\">VINI RE:<\/span> Ky material \u00ebsht\u00eb pron\u00ebsi intelektuale e <strong><span style=\"color: #0000ff;\"><a style=\"color: #0000ff;\" href=\"https:\/\/www.gazetatema.net\/blogu-tema\/zbulohet-fajtorja-e-vertete-per-humbjet-linda-rama-i465225\">TemA<\/a><\/span><\/strong><\/span><\/p>\n","protected":false,"gt_translate_keys":[{"key":"rendered","format":"html"}]},"excerpt":{"rendered":"<p>Nga Iris Luarasi E kush mund ta kishte menduar? Pasi humbi tre mandate rresht, Partia Demokratike duket se m\u00eb n\u00eb fund e ka gjetur \u201cfajtoren\u201d e madhe q\u00eb u ka z\u00ebn\u00eb rrug\u00ebn drejt pushtetit &#8211; Linda Rama. Me gjith\u00eb problemet e brendshme q\u00eb ka PD-ja, tani e ka kuptuar se e vetmja gj\u00eb q\u00eb i [&hellip;]<\/p>\n","protected":false,"gt_translate_keys":[{"key":"rendered","format":"html"}]},"author":32,"featured_media":707670,"comment_status":"closed","ping_status":"open","sticky":false,"template":"","format":"standard","meta":{"footnotes":""},"categories":[22],"tags":[],"class_list":["post-707669","post","type-post","status-publish","format-standard","has-post-thumbnail","hentry","category-ballina"],"gt_translate_keys":[{"key":"link","format":"url"}],"_links":{"self":[{"href":"https:\/\/www.hashtag.al\/index.php\/wp-json\/wp\/v2\/posts\/707669","targetHints":{"allow":["GET"]}}],"collection":[{"href":"https:\/\/www.hashtag.al\/index.php\/wp-json\/wp\/v2\/posts"}],"about":[{"href":"https:\/\/www.hashtag.al\/index.php\/wp-json\/wp\/v2\/types\/post"}],"author":[{"embeddable":true,"href":"https:\/\/www.hashtag.al\/index.php\/wp-json\/wp\/v2\/users\/32"}],"replies":[{"embeddable":true,"href":"https:\/\/www.hashtag.al\/index.php\/wp-json\/wp\/v2\/comments?post=707669"}],"version-history":[{"count":0,"href":"https:\/\/www.hashtag.al\/index.php\/wp-json\/wp\/v2\/posts\/707669\/revisions"}],"wp:featuredmedia":[{"embeddable":true,"href":"https:\/\/www.hashtag.al\/index.php\/wp-json\/wp\/v2\/media\/707670"}],"wp:attachment":[{"href":"https:\/\/www.hashtag.al\/index.php\/wp-json\/wp\/v2\/media?parent=707669"}],"wp:term":[{"taxonomy":"category","embeddable":true,"href":"https:\/\/www.hashtag.al\/index.php\/wp-json\/wp\/v2\/categories?post=707669"},{"taxonomy":"post_tag","embeddable":true,"href":"https:\/\/www.hashtag.al\/index.php\/wp-json\/wp\/v2\/tags?post=707669"}],"curies":[{"name":"wp","href":"https:\/\/api.w.org\/{rel}","templated":true}]}}