{"id":707575,"date":"2024-11-04T22:58:12","date_gmt":"2024-11-04T21:58:12","guid":{"rendered":"https:\/\/www.hashtag.al\/?p=707575"},"modified":"2024-11-04T22:58:12","modified_gmt":"2024-11-04T21:58:12","slug":"nga-aktiviste-e-klimes-te-mbrojtese-e-demokracise-greta-thunberg-i-bashkohet-protestave-kunde-qeverise-ne-gjeorgji","status":"publish","type":"post","link":"https:\/\/www.hashtag.al\/index.php\/2024\/11\/04\/nga-aktiviste-e-klimes-te-mbrojtese-e-demokracise-greta-thunberg-i-bashkohet-protestave-kunde-qeverise-ne-gjeorgji\/","title":{"rendered":"Nga aktiviste e klim\u00ebs te \u201cmbrojt\u00ebse e demokracis\u00eb\u201d, Greta Thunberg i bashkohet protestave kund\u00eb qeveris\u00eb n\u00eb Gjeorgji \u00a0","gt_translate_keys":[{"key":"rendered","format":"text"}]},"content":{"rendered":"<p><span style=\"color: #000000;\"><a style=\"color: #000000;\" href=\"https:\/\/www.hashtag.al\/wp-content\/uploads\/2024\/11\/greta-thunberg.png\"><img loading=\"lazy\" decoding=\"async\" class=\"aligncenter size-full wp-image-707576\" src=\"https:\/\/www.hashtag.al\/wp-content\/uploads\/2024\/11\/greta-thunberg.png\" alt=\"\" width=\"944\" height=\"601\" srcset=\"https:\/\/www.hashtag.al\/wp-content\/uploads\/2024\/11\/greta-thunberg.png 944w, https:\/\/www.hashtag.al\/wp-content\/uploads\/2024\/11\/greta-thunberg-300x191.png 300w, https:\/\/www.hashtag.al\/wp-content\/uploads\/2024\/11\/greta-thunberg-768x489.png 768w\" sizes=\"auto, (max-width: 944px) 100vw, 944px\" \/><\/a><\/span><\/p>\n<p><span style=\"color: #000000;\">Aktivistja suedeze e klim\u00ebs Greta Thunberg iu bashkua nj\u00eb demonstrate politike kund\u00ebr qeveris\u00eb s\u00eb Gjeorgjis\u00eb n\u00eb Tbilisi t\u00eb h\u00ebn\u00ebn.<\/span><\/p>\n<p><span style=\"color: #000000;\">\u201c<em>Jam k\u00ebtu p\u00ebr t\u00eb shprehur mb\u00ebshtetjen dhe solidaritetin tim p\u00ebr t\u00eb gjith\u00eb aktivist\u00ebt dhe qytetar\u00ebt q\u00eb po dalin p\u00ebr t\u00eb mbrojtur t\u00eb drejtat e tyre themelore si liria, drejt\u00ebsia dhe demokracia,\u201d<\/em> tha Thunberg p\u00ebr mediat lokale.<\/span><\/p>\n<p><span style=\"color: #000000;\">Gjeorgjia mbajti zgjedhjet parlamentare m\u00eb 26 tetor, duke rezultuar n\u00eb mbajtjen e pushtetit nga partia pro-Mosk\u00ebs &#8220;\u00cbndrra Gjeorgjiane&#8221; me mb\u00ebshtetjen e pothuajse 54 p\u00ebr qind. Partit\u00eb e opozit\u00ebs dhe presidentja Salome Zourabichvili pretenduan se votimi ishte d\u00ebmtuar nga frik\u00ebsimi, blerja e votave dhe mashtrimi dhe u zotuan t\u00eb p\u00ebrmbysnin rezultatet.<\/span><\/p>\n<p><span style=\"color: #000000;\">\u201c<em>Ky \u00ebsht\u00eb nj\u00eb zhvillim i eg\u00ebr, nj\u00eb zhvillim autoritar q\u00eb po ndodh tani n\u00eb Gjeorgji, dhe kam respekt t\u00eb madh p\u00ebr njer\u00ebzit q\u00eb mbushin vazhdimisht rrug\u00ebt dhe p\u00ebrdorin t\u00eb drejt\u00ebn p\u00ebr t\u00eb demonstruar p\u00ebr t\u00eb shprehur pak\u00ebnaq\u00ebsin\u00eb e tyre me situat\u00ebn aktuale, pavar\u00ebsisht shtypjes. <\/em>\u201d, tha Thunberg.<\/span><\/p>\n<p><span style=\"color: #000000;\">Aktivistja u fotografua i veshur me nj\u00eb keffiyah, n\u00eb nj\u00eb shenj\u00eb p\u00ebr palestinez\u00ebt q\u00eb vuajn\u00eb n\u00ebn pushtimin dhe sulmin ushtarak t\u00eb Izraelit. P\u00ebrpjekja e saj n\u00eb politik\u00ebn gjeorgjiane \u00ebsht\u00eb zgjerimi i fundit i aktivizmit t\u00eb saj, i cili e ka par\u00eb at\u00eb t\u00eb arrestuar gjat\u00eb demonstratave pro-palestineze k\u00ebt\u00eb vit.<\/span><\/p>\n<p><span style=\"color: #000000;\">Sipas mediave lokale, lider\u00ebt e opozit\u00ebs paralajm\u00ebruan tubimin pak dit\u00eb m\u00eb par\u00eb, duke sh\u00ebnuar protest\u00ebn e dyt\u00eb t\u00eb madhe q\u00eb nga zgjedhjet. Pas votimit, Komisioni Evropian dha nj\u00eb raport kritik progresi mbi pranimin e Gjeorgjis\u00eb n\u00eb BE, duke v\u00ebn\u00eb n\u00eb akull aspiratat e an\u00ebtar\u00ebsimit t\u00eb vendit.<\/span><\/p>\n<p><span style=\"color: #000000;\">&#8220;<em>Kjo jav\u00eb \u00ebsht\u00eb java e marshimeve t\u00eb rezistenc\u00ebs n\u00eb t\u00eb gjith\u00eb Tbilisi,&#8221; tha Giorgi Vashadze, nj\u00eb an\u00ebtar i opozit\u00ebs L\u00ebvizja e Bashkuar Komb\u00ebtare, gjat\u00eb mitingut.<\/em><\/span><\/p>\n<p><span style=\"color: #000000;\"><em>\u201cNe k\u00ebrkojm\u00eb caktimin e zgjedhjeve t\u00eb reja. Ne nuk i njohim zgjedhjet e vjedhura dhe nuk njohim legjitimitetin e parlamentit<\/em>\u201d, tha ai, duke paralajm\u00ebruar se protestat do t\u00eb intensifikohen n\u00eb dit\u00ebt n\u00eb vijim.<\/span><\/p>\n<p><span style=\"color: #000000;\">\u201c<em>Bashkimi n\u00eb k\u00ebt\u00eb luft\u00eb nuk \u00ebsht\u00eb vet\u00ebm p\u00ebrgjegj\u00ebsia jon\u00eb, \u00ebsht\u00eb p\u00ebrgjegj\u00ebsi e t\u00eb gjith\u00ebve<\/em>\u201d, shtoi ai.<\/span><\/p>\n","protected":false,"gt_translate_keys":[{"key":"rendered","format":"html"}]},"excerpt":{"rendered":"<p>Aktivistja suedeze e klim\u00ebs Greta Thunberg iu bashkua nj\u00eb demonstrate politike kund\u00ebr qeveris\u00eb s\u00eb Gjeorgjis\u00eb n\u00eb Tbilisi t\u00eb h\u00ebn\u00ebn. \u201cJam k\u00ebtu p\u00ebr t\u00eb shprehur mb\u00ebshtetjen dhe solidaritetin tim p\u00ebr t\u00eb gjith\u00eb aktivist\u00ebt dhe qytetar\u00ebt q\u00eb po dalin p\u00ebr t\u00eb mbrojtur t\u00eb drejtat e tyre themelore si liria, drejt\u00ebsia dhe demokracia,\u201d tha Thunberg p\u00ebr mediat lokale. [&hellip;]<\/p>\n","protected":false,"gt_translate_keys":[{"key":"rendered","format":"html"}]},"author":32,"featured_media":707576,"comment_status":"closed","ping_status":"open","sticky":false,"template":"","format":"standard","meta":{"footnotes":""},"categories":[53,13],"tags":[],"class_list":["post-707575","post","type-post","status-publish","format-standard","has-post-thumbnail","hentry","category-fast-foodi","category-te-fundit"],"gt_translate_keys":[{"key":"link","format":"url"}],"_links":{"self":[{"href":"https:\/\/www.hashtag.al\/index.php\/wp-json\/wp\/v2\/posts\/707575","targetHints":{"allow":["GET"]}}],"collection":[{"href":"https:\/\/www.hashtag.al\/index.php\/wp-json\/wp\/v2\/posts"}],"about":[{"href":"https:\/\/www.hashtag.al\/index.php\/wp-json\/wp\/v2\/types\/post"}],"author":[{"embeddable":true,"href":"https:\/\/www.hashtag.al\/index.php\/wp-json\/wp\/v2\/users\/32"}],"replies":[{"embeddable":true,"href":"https:\/\/www.hashtag.al\/index.php\/wp-json\/wp\/v2\/comments?post=707575"}],"version-history":[{"count":0,"href":"https:\/\/www.hashtag.al\/index.php\/wp-json\/wp\/v2\/posts\/707575\/revisions"}],"wp:featuredmedia":[{"embeddable":true,"href":"https:\/\/www.hashtag.al\/index.php\/wp-json\/wp\/v2\/media\/707576"}],"wp:attachment":[{"href":"https:\/\/www.hashtag.al\/index.php\/wp-json\/wp\/v2\/media?parent=707575"}],"wp:term":[{"taxonomy":"category","embeddable":true,"href":"https:\/\/www.hashtag.al\/index.php\/wp-json\/wp\/v2\/categories?post=707575"},{"taxonomy":"post_tag","embeddable":true,"href":"https:\/\/www.hashtag.al\/index.php\/wp-json\/wp\/v2\/tags?post=707575"}],"curies":[{"name":"wp","href":"https:\/\/api.w.org\/{rel}","templated":true}]}}