{"id":707572,"date":"2024-11-04T22:21:58","date_gmt":"2024-11-04T21:21:58","guid":{"rendered":"https:\/\/www.hashtag.al\/?p=707572"},"modified":"2024-11-04T22:21:58","modified_gmt":"2024-11-04T21:21:58","slug":"shefi-i-nato-s-sulmet-e-rusise-ne-europe-po-shtohen","status":"publish","type":"post","link":"https:\/\/www.hashtag.al\/index.php\/2024\/11\/04\/shefi-i-nato-s-sulmet-e-rusise-ne-europe-po-shtohen\/","title":{"rendered":"Shefi i NATO-s: Sulmet e Rusis\u00eb n\u00eb Europ\u00eb po shtohen","gt_translate_keys":[{"key":"rendered","format":"text"}]},"content":{"rendered":"<p><span style=\"color: #000000;\"><a style=\"color: #000000;\" href=\"https:\/\/www.hashtag.al\/wp-content\/uploads\/2024\/11\/rutte.png\"><img loading=\"lazy\" decoding=\"async\" class=\"aligncenter size-full wp-image-707573\" src=\"https:\/\/www.hashtag.al\/wp-content\/uploads\/2024\/11\/rutte.png\" alt=\"\" width=\"959\" height=\"637\" srcset=\"https:\/\/www.hashtag.al\/wp-content\/uploads\/2024\/11\/rutte.png 959w, https:\/\/www.hashtag.al\/wp-content\/uploads\/2024\/11\/rutte-300x199.png 300w, https:\/\/www.hashtag.al\/wp-content\/uploads\/2024\/11\/rutte-768x510.png 768w\" sizes=\"auto, (max-width: 959px) 100vw, 959px\" \/><\/a><\/span><\/p>\n<p><span style=\"color: #000000;\">Rusia po organizon sulme hibride ndaj vendeve t\u00eb tjera si pjes\u00eb e luft\u00ebs s\u00eb saj gjith\u00ebp\u00ebrfshir\u00ebse kund\u00ebr Ukrain\u00ebs, tha Sekretari i P\u00ebrgjithsh\u00ebm i NATO-s Mark Rutte gjat\u00eb nj\u00eb vizite n\u00eb kryeqytetin gjerman t\u00eb h\u00ebn\u00ebn.<\/span><\/p>\n<p><span style=\"color: #000000;\">\u201c<em>Rusia po kryen nj\u00eb fushat\u00eb intensifikimi t\u00eb sulmeve hibride n\u00ebp\u00ebr territoret tona aleate, duke nd\u00ebrhyr\u00eb drejtp\u00ebrdrejt n\u00eb demokracit\u00eb tona, duke sabotuar industrin\u00eb dhe duke kryer dhun\u00eb<\/em>\u201d, tha Rutte, duke folur s\u00eb bashku me kancelarin Olaf Scholz.<\/span><\/p>\n<p><span style=\"color: #000000;\">&#8220;<em>Kjo tregon se zhvendosja e vij\u00ebs s\u00eb frontit n\u00eb k\u00ebt\u00eb luft\u00eb nuk \u00ebsht\u00eb m\u00eb vet\u00ebm n\u00eb Ukrain\u00eb. Gjithnj\u00eb e m\u00eb shum\u00eb, vija e frontit po l\u00ebviz p\u00ebrtej kufijve n\u00eb rajonin e Balltikut, n\u00eb Evrop\u00ebn Per\u00ebndimore dhe madje edhe n\u00eb veriun e lart\u00eb<\/em>,&#8221; tha ai.<\/span><\/p>\n<p><span style=\"color: #000000;\">Duke e quajtur dislokimin e trupave t\u00eb Kores\u00eb s\u00eb Veriut nga Moska nj\u00eb &#8220;p\u00ebrshkall\u00ebzim t\u00eb r\u00ebnd\u00ebsish\u00ebm&#8221;, Rutte tha se Kina dhe Irani po mb\u00ebshtesin gjithashtu Mosk\u00ebn, por shtoi se aleanca e NATO-s po bashk\u00ebpunon me shtetet n\u00eb rajonin e Azis\u00eb-Paq\u00ebsorit, jo m\u00eb pak Koren\u00eb e Jugut dhe Japonin\u00eb.<\/span><\/p>\n<p><span style=\"color: #000000;\">Duke folur vet\u00ebm disa or\u00eb para hapjes s\u00eb votimeve n\u00eb nj\u00eb gar\u00eb t\u00eb ngusht\u00eb presidenciale n\u00eb Shtetet e Bashkuara, Rutte tha se kushdo q\u00eb fiton zgjedhjet nuk do t\u00eb &#8220;p\u00ebrs\u00ebrit\u00eb gabimin pas Luft\u00ebs s\u00eb Par\u00eb Bot\u00ebrore t\u00eb t\u00ebrheqjes nga Evropa&#8221;. Ai shtoi se Ukraina ishte n\u00eb rrug\u00ebn e an\u00ebtar\u00ebsimit n\u00eb NATO, pavar\u00ebsisht munges\u00ebs s\u00eb mb\u00ebshtetjes nga Berlini p\u00ebr nj\u00eb ftes\u00eb t\u00eb shpejt\u00eb zyrtare.<\/span><\/p>\n<p><span style=\"color: #000000;\">\u201cJam absolutisht i bindur se nj\u00eb dit\u00eb Ukraina do t\u00eb jet\u00eb an\u00ebtare e NATO-s\u201d, tha Rutte, duke shtuar se \u201cajo ur\u00eb tani po nd\u00ebrtohet\u201d.<\/span><\/p>\n","protected":false,"gt_translate_keys":[{"key":"rendered","format":"html"}]},"excerpt":{"rendered":"<p>Rusia po organizon sulme hibride ndaj vendeve t\u00eb tjera si pjes\u00eb e luft\u00ebs s\u00eb saj gjith\u00ebp\u00ebrfshir\u00ebse kund\u00ebr Ukrain\u00ebs, tha Sekretari i P\u00ebrgjithsh\u00ebm i NATO-s Mark Rutte gjat\u00eb nj\u00eb vizite n\u00eb kryeqytetin gjerman t\u00eb h\u00ebn\u00ebn. \u201cRusia po kryen nj\u00eb fushat\u00eb intensifikimi t\u00eb sulmeve hibride n\u00ebp\u00ebr territoret tona aleate, duke nd\u00ebrhyr\u00eb drejtp\u00ebrdrejt n\u00eb demokracit\u00eb tona, duke sabotuar [&hellip;]<\/p>\n","protected":false,"gt_translate_keys":[{"key":"rendered","format":"html"}]},"author":32,"featured_media":707573,"comment_status":"closed","ping_status":"open","sticky":false,"template":"","format":"standard","meta":{"footnotes":""},"categories":[6,13],"tags":[],"class_list":["post-707572","post","type-post","status-publish","format-standard","has-post-thumbnail","hentry","category-nderkombetare","category-te-fundit"],"gt_translate_keys":[{"key":"link","format":"url"}],"_links":{"self":[{"href":"https:\/\/www.hashtag.al\/index.php\/wp-json\/wp\/v2\/posts\/707572","targetHints":{"allow":["GET"]}}],"collection":[{"href":"https:\/\/www.hashtag.al\/index.php\/wp-json\/wp\/v2\/posts"}],"about":[{"href":"https:\/\/www.hashtag.al\/index.php\/wp-json\/wp\/v2\/types\/post"}],"author":[{"embeddable":true,"href":"https:\/\/www.hashtag.al\/index.php\/wp-json\/wp\/v2\/users\/32"}],"replies":[{"embeddable":true,"href":"https:\/\/www.hashtag.al\/index.php\/wp-json\/wp\/v2\/comments?post=707572"}],"version-history":[{"count":0,"href":"https:\/\/www.hashtag.al\/index.php\/wp-json\/wp\/v2\/posts\/707572\/revisions"}],"wp:featuredmedia":[{"embeddable":true,"href":"https:\/\/www.hashtag.al\/index.php\/wp-json\/wp\/v2\/media\/707573"}],"wp:attachment":[{"href":"https:\/\/www.hashtag.al\/index.php\/wp-json\/wp\/v2\/media?parent=707572"}],"wp:term":[{"taxonomy":"category","embeddable":true,"href":"https:\/\/www.hashtag.al\/index.php\/wp-json\/wp\/v2\/categories?post=707572"},{"taxonomy":"post_tag","embeddable":true,"href":"https:\/\/www.hashtag.al\/index.php\/wp-json\/wp\/v2\/tags?post=707572"}],"curies":[{"name":"wp","href":"https:\/\/api.w.org\/{rel}","templated":true}]}}