{"id":707505,"date":"2024-11-04T16:51:53","date_gmt":"2024-11-04T15:51:53","guid":{"rendered":"https:\/\/www.hashtag.al\/?p=707505"},"modified":"2024-11-04T16:51:53","modified_gmt":"2024-11-04T15:51:53","slug":"permbytet-aeroporti-i-barcelones-jepet-alarmi-ne-qytet-video","status":"publish","type":"post","link":"https:\/\/www.hashtag.al\/index.php\/2024\/11\/04\/permbytet-aeroporti-i-barcelones-jepet-alarmi-ne-qytet-video\/","title":{"rendered":"P\u00ebrmbytet aeroporti i Barcelon\u00ebs, jepet alarmi n\u00eb qytet (Video)","gt_translate_keys":[{"key":"rendered","format":"text"}]},"content":{"rendered":"<p><img loading=\"lazy\" decoding=\"async\" class=\"aligncenter size-full wp-image-707508\" src=\"https:\/\/www.hashtag.al\/wp-content\/uploads\/2024\/11\/barcelone.png\" alt=\"\" width=\"952\" height=\"581\" srcset=\"https:\/\/www.hashtag.al\/wp-content\/uploads\/2024\/11\/barcelone.png 952w, https:\/\/www.hashtag.al\/wp-content\/uploads\/2024\/11\/barcelone-300x183.png 300w, https:\/\/www.hashtag.al\/wp-content\/uploads\/2024\/11\/barcelone-768x469.png 768w\" sizes=\"auto, (max-width: 952px) 100vw, 952px\" \/><\/p>\n<p><span style=\"color: #000000;\">Rr\u00ebke uji jan\u00eb par\u00eb brenda aeroportit t\u00eb Barcelon\u00ebs nd\u00ebrsa Spanja p\u00ebrballet me nj\u00eb tjet\u00ebr alarm t\u00eb kuq p\u00ebr p\u00ebrmbytje t\u00eb r\u00ebnda pas atyre n\u00eb Spanj\u00eb ku humb\u00ebn jet\u00ebn 202 persona. <\/span><\/p>\n<p><span style=\"color: #000000;\">Uji u pa duke v\u00ebrshuar brenda aeroportit \u201cJosep Tarradellas Barcelona-El Prat\u201d, duke detyruar disa udh\u00ebtar\u00eb t\u00eb hiqnin k\u00ebpuc\u00ebt teksa kalonin n\u00ebp\u00ebr terminal pasi dhjet\u00ebra fluturime u anuluan.<\/span><\/p>\n<p>Pak dit\u00eb m\u00eb par\u00eb Spanja u godit nga p\u00ebrmbytjet m\u00eb t\u00eb r\u00ebnda n\u00eb dekada q\u00eb lan\u00eb pas 202 viktima, dhjet\u00ebra t\u00eb zhdukur e d\u00ebme t\u00eb pallogaritshme materiale.<\/p>\n<div style=\"width: 352px;\" class=\"wp-video\"><video class=\"wp-video-shortcode\" id=\"video-707505-1\" width=\"352\" height=\"640\" preload=\"metadata\" controls=\"controls\"><source type=\"video\/mp4\" src=\"https:\/\/www.hashtag.al\/wp-content\/uploads\/2024\/11\/barca.mp4?_=1\" \/><a href=\"https:\/\/www.hashtag.al\/wp-content\/uploads\/2024\/11\/barca.mp4\">https:\/\/www.hashtag.al\/wp-content\/uploads\/2024\/11\/barca.mp4<\/a><\/video><\/div>\n<div style=\"width: 352px;\" class=\"wp-video\"><video class=\"wp-video-shortcode\" id=\"video-707505-2\" width=\"352\" height=\"640\" preload=\"metadata\" controls=\"controls\"><source type=\"video\/mp4\" src=\"https:\/\/www.hashtag.al\/wp-content\/uploads\/2024\/11\/IMG_1744.mp4?_=2\" \/><a href=\"https:\/\/www.hashtag.al\/wp-content\/uploads\/2024\/11\/IMG_1744.mp4\">https:\/\/www.hashtag.al\/wp-content\/uploads\/2024\/11\/IMG_1744.mp4<\/a><\/video><\/div>\n","protected":false,"gt_translate_keys":[{"key":"rendered","format":"html"}]},"excerpt":{"rendered":"<p>Rr\u00ebke uji jan\u00eb par\u00eb brenda aeroportit t\u00eb Barcelon\u00ebs nd\u00ebrsa Spanja p\u00ebrballet me nj\u00eb tjet\u00ebr alarm t\u00eb kuq p\u00ebr p\u00ebrmbytje t\u00eb r\u00ebnda pas atyre n\u00eb Spanj\u00eb ku humb\u00ebn jet\u00ebn 202 persona. Uji u pa duke v\u00ebrshuar brenda aeroportit \u201cJosep Tarradellas Barcelona-El Prat\u201d, duke detyruar disa udh\u00ebtar\u00eb t\u00eb hiqnin k\u00ebpuc\u00ebt teksa kalonin n\u00ebp\u00ebr terminal pasi dhjet\u00ebra fluturime [&hellip;]<\/p>\n","protected":false,"gt_translate_keys":[{"key":"rendered","format":"html"}]},"author":51,"featured_media":707508,"comment_status":"closed","ping_status":"open","sticky":false,"template":"","format":"standard","meta":{"footnotes":""},"categories":[53],"tags":[],"class_list":["post-707505","post","type-post","status-publish","format-standard","has-post-thumbnail","hentry","category-fast-foodi"],"gt_translate_keys":[{"key":"link","format":"url"}],"_links":{"self":[{"href":"https:\/\/www.hashtag.al\/index.php\/wp-json\/wp\/v2\/posts\/707505","targetHints":{"allow":["GET"]}}],"collection":[{"href":"https:\/\/www.hashtag.al\/index.php\/wp-json\/wp\/v2\/posts"}],"about":[{"href":"https:\/\/www.hashtag.al\/index.php\/wp-json\/wp\/v2\/types\/post"}],"author":[{"embeddable":true,"href":"https:\/\/www.hashtag.al\/index.php\/wp-json\/wp\/v2\/users\/51"}],"replies":[{"embeddable":true,"href":"https:\/\/www.hashtag.al\/index.php\/wp-json\/wp\/v2\/comments?post=707505"}],"version-history":[{"count":0,"href":"https:\/\/www.hashtag.al\/index.php\/wp-json\/wp\/v2\/posts\/707505\/revisions"}],"wp:featuredmedia":[{"embeddable":true,"href":"https:\/\/www.hashtag.al\/index.php\/wp-json\/wp\/v2\/media\/707508"}],"wp:attachment":[{"href":"https:\/\/www.hashtag.al\/index.php\/wp-json\/wp\/v2\/media?parent=707505"}],"wp:term":[{"taxonomy":"category","embeddable":true,"href":"https:\/\/www.hashtag.al\/index.php\/wp-json\/wp\/v2\/categories?post=707505"},{"taxonomy":"post_tag","embeddable":true,"href":"https:\/\/www.hashtag.al\/index.php\/wp-json\/wp\/v2\/tags?post=707505"}],"curies":[{"name":"wp","href":"https:\/\/api.w.org\/{rel}","templated":true}]}}