{"id":707442,"date":"2024-11-04T12:11:16","date_gmt":"2024-11-04T11:11:16","guid":{"rendered":"https:\/\/www.hashtag.al\/?p=707442"},"modified":"2024-11-04T12:15:11","modified_gmt":"2024-11-04T11:15:11","slug":"zbardhet-letra-per-proden-dhe-hoxhen-pl-kerkon-emra-afat-deri-me-7-nentor","status":"publish","type":"post","link":"https:\/\/www.hashtag.al\/index.php\/2024\/11\/04\/zbardhet-letra-per-proden-dhe-hoxhen-pl-kerkon-emra-afat-deri-me-7-nentor\/","title":{"rendered":"Zbardhet letra p\u00ebr Prod\u00ebn dhe Hoxh\u00ebn, PL k\u00ebrkon emra: Afat deri m\u00eb 7 n\u00ebntor","gt_translate_keys":[{"key":"rendered","format":"text"}]},"content":{"rendered":"<p style=\"text-align: left;\"><span style=\"color: #000000;\"><img loading=\"lazy\" decoding=\"async\" class=\" wp-image-707445 aligncenter\" src=\"https:\/\/www.hashtag.al\/wp-content\/uploads\/2024\/11\/Tedi-Blushi-466x450-1-e1730718762636-300x197.jpeg\" alt=\"\" width=\"949\" height=\"623\" srcset=\"https:\/\/www.hashtag.al\/wp-content\/uploads\/2024\/11\/Tedi-Blushi-466x450-1-e1730718762636-300x197.jpeg 300w, https:\/\/www.hashtag.al\/wp-content\/uploads\/2024\/11\/Tedi-Blushi-466x450-1-e1730718762636.jpeg 466w\" sizes=\"auto, (max-width: 949px) 100vw, 949px\" \/><\/span><\/p>\n<p style=\"text-align: left;\"><span style=\"color: #000000;\">Partia e Liris\u00eb ka d\u00ebrguar nj\u00eb shkres\u00eb zyrtare drejt Drejtorit t\u00eb P\u00ebrgjithsh\u00ebm t\u00eb Policis\u00eb s\u00eb Shtetit, Ilir Proda, dhe Ministrit t\u00eb Brendsh\u00ebm, Ervin Hoxha, duke k\u00ebrkuar emrat e atyre q\u00eb ekzekutuan vendimin p\u00ebr arrestimin e ish-Presidentit Ilir Meta, si dhe emrat e personave q\u00eb urdh\u00ebruan dhe udh\u00ebhoq\u00ebn operacionin.<\/span><\/p>\n<p style=\"text-align: left;\"><span style=\"color: #000000;\">Sekretari i P\u00ebrgjithsh\u00ebm i Partis\u00eb s\u00eb Liris\u00eb, Tedi Blushi, ka theksuar se arrestimi i Ilir Met\u00ebs \u00ebsht\u00eb b\u00ebr\u00eb n\u00eb m\u00ebnyr\u00eb t\u00eb paligjshme dhe se k\u00ebrkohet q\u00eb institucionet t\u00eb japin p\u00ebrgjigje deri m\u00eb 7 n\u00ebntor. N\u00eb t\u00eb kund\u00ebrt, Blushi paralajm\u00ebroi se do t\u00eb ndiqen rrug\u00ebt ligjore p\u00ebr t\u00eb kall\u00ebzuar penalisht ata q\u00eb kan\u00eb marr\u00eb pjes\u00eb n\u00eb k\u00ebt\u00eb veprim.<\/span><\/p>\n<p style=\"text-align: left;\"><span style=\"color: #000000;\">N\u00eb deklarat\u00ebn e tij, Blushi ka p\u00ebrshkruar arrestimin e Met\u00ebs si nj\u00eb akt denigrues, duke e trajtuar at\u00eb n\u00eb m\u00ebnyr\u00eb degraduesee dhe \u00e7&#8217;njer\u00ebzore, pa respektuar t\u00eb drejtat e tij sipas Kushtetut\u00ebs. Ai ka k\u00ebrkuar gjithashtu informacion mbi personat e angazhuar n\u00eb kt\u00eb operacion, duke theksuart se \u00e7do veprim i till\u00eb \u00ebsht\u00eb n\u00eb kund\u00ebrshtim me ligjet dhe standardet nd\u00ebrkomb\u00ebtare p\u00ebr t\u00eb drejtat e njeriut.<\/span><\/p>\n<p style=\"text-align: left;\"><span style=\"color: #000000;\">Partia e Liris\u00eb ka k\u00ebrkuar emrat e skuadr\u00ebs policore q\u00eb ka ekzekutuar urdhrin p\u00ebr arrestim dhe identitetin e atyre q\u00eb kan\u00eb urdh\u00ebruar dhe udh\u00ebhequr operacionin. N\u00ebse nuk do t\u00eb merrnin nj\u00eb p\u00ebrgjigje brenda afatit t\u00eb caktuar, ata paralajm\u00ebrojn\u00eb se do t\u00eb ndjekin rrug\u00ebn ligjore p\u00ebr t\u00eb mbajtur p\u00ebrgjegj\u00ebs ata q\u00eb kan\u00eb shkelur ligjin.<\/span><\/p>\n<p style=\"text-align: left;\"><span style=\"color: #000000;\"><strong>LETRA E PLOT\u00cb<\/strong><\/span><\/p>\n<p style=\"text-align: left;\"><em><span style=\"color: #000000;\">M\u00eb 21 tetor 2024, Presidenti i Partis\u00eb s\u00eb Liris\u00eb, Z.Ilir Meta, ish-Kryeminist\u00ebr, ish-Kryetar i Kuvendit dhe ish-President i Republik\u00ebs s\u00eb Shqip\u00ebris\u00eb, sipas videove t\u00eb publikuara dhe d\u00ebshmitar\u00ebve okular\u00eb, u trajtua n\u00eb m\u00ebnyr\u00eb denigruese, degraduese dhe \u00e7njer\u00ebzore nga persona me maska dhe t\u00eb armatosur r\u00ebnd\u00eb, q\u00eb m\u00eb von\u00eb u pretendua nga Ministri i Brendsh\u00ebm, Z.Ervin Hoxha, se ishin Forca L\u00ebviz\u00ebse Operacionale e Policis\u00eb s\u00eb Shtetit.<\/span><\/em><\/p>\n<p style=\"text-align: left;\"><em><span style=\"color: #000000;\">Incidenti ndodhi n\u00eb nj\u00eb kryq\u00ebzim t\u00eb ngarkuar n\u00eb Tiran\u00eb pran\u00eb \u201cCasa Italia\u201d, ku automjeti me t\u00eb cilin l\u00ebvizte Presidenti i Partis\u00eb s\u00eb Liris\u00eb, Z.Ilir Meta, u bllokua q\u00ebllimisht nga disa automjete private pa shenja identifikuese dhe pa asnj\u00eb mbishkrim policor, nga t\u00eb cilat dol\u00ebn dhjet\u00ebra persona t\u00eb armatosur r\u00ebnd\u00eb dhe me maska, t\u00eb veshur me uniforma t\u00eb zeza pa logo, pa distinktiva apo shenja identifikuese, t\u00eb cil\u00ebt rrethuan zon\u00ebn duke krijuar nj\u00eb atmosfer\u00eb terrori p\u00ebr qytetar\u00ebt q\u00eb ishin t\u00eb pranish\u00ebm.<\/span><\/em><\/p>\n<p style=\"text-align: left;\"><em><span style=\"color: #000000;\">Presidenti i Partis\u00eb s\u00eb Liris\u00eb, Z.Ilir Meta u nxorr forc\u00ebrisht nga automjeti me t\u00eb cilin udh\u00ebtonte, u rr\u00ebmbye me dhun\u00eb, u t\u00ebrhoq zvarr\u00eb mes publikut nga personat me maska, me nj\u00eb trajtim kriminal, denigrues dhe degradues, pa ju komunikuar asnj\u00eb vendim gjyq\u00ebsor dhe pa ju lexuar t\u00eb drejtat, q\u00eb i takonin, sipas Kushtetut\u00ebs dhe po n\u00eb m\u00ebnyr\u00eb t\u00eb dhunshme u detyrua forc\u00ebrisht t\u00eb hipte n\u00eb nj\u00eb nga automjetet private q\u00eb i bllokuan rrug\u00ebn. Nd\u00ebrkoh\u00eb u prangos dhunsh\u00ebm edhe drejtuesi i automjetit, z.Artimis Peca, Sekretar p\u00ebr Organizimin i Partis\u00eb s\u00eb Liris\u00eb (pa asnj\u00eb vendim gjyq\u00ebsor deri tani).<\/span><\/em><\/p>\n<p style=\"text-align: left;\"><em><span style=\"color: #000000;\">Ky veprim ndaj Presidentit t\u00eb Partis\u00eb s\u00eb Liris\u00eb, Z.Ilir Meta p\u00ebrb\u00ebn nj\u00eb trajtim degradues, posht\u00ebrues dhe t\u00eb pajustifikuar p\u00ebr nj\u00eb individ q\u00eb nuk ishte i armatosur, nuk paraqiste rezistenc\u00eb dhe nuk p\u00ebrb\u00ebnte asnj\u00eb k\u00ebrc\u00ebnim dhe rrezik p\u00ebr rendin publik.<\/span><\/em><\/p>\n<p style=\"text-align: left;\"><em><span style=\"color: #000000;\">Sjellja e till\u00eb p\u00ebrb\u00ebn nj\u00eb shkelje t\u00eb hapur t\u00eb dispozitave kushtetuese dhe ligjore, p\u00ebrfshir\u00eb nenin 28 t\u00eb Kushtetut\u00ebs s\u00eb Shqip\u00ebris\u00eb, i cili garanton t\u00eb drejtat e personave t\u00eb ndaluar dhe t\u00eb arrestuar, dhe nenin 5 t\u00eb Konvent\u00ebs Evropiane p\u00ebr t\u00eb Drejtat e Njeriut (KEDNJ), q\u00eb mbron lirin\u00eb dhe sigurin\u00eb e personit, duke k\u00ebrkuar q\u00eb masa e ndalimit apo arrestimit t\u00eb jet\u00eb n\u00eb p\u00ebrputhje me ligjin dhe t\u00eb b\u00ebhet n\u00eb m\u00ebnyr\u00eb humane dhe me respekt p\u00ebr dinjitetin njer\u00ebzor.<\/span><\/em><\/p>\n<p style=\"text-align: left;\"><em><span style=\"color: #000000;\">Po ashtu, jan\u00eb shkelur nenet 5, 34\/b dhe 246 t\u00eb Kodit t\u00eb Procedur\u00ebs Penale, si dhe nenet 3 dhe 5 t\u00eb ligjit nr. 79\/2020 \u201cP\u00ebr Ekzekutimin e Vendimeve Penale\u201d. Ky ligj p\u00ebrcakton qart\u00eb se \u00e7do person i ndaluar apo arrestuar duhet t\u00eb trajtohet n\u00eb m\u00ebnyr\u00eb humane dhe pa diskriminim, duke ruajtur integritetin dhe dinjitetin e tij.<\/span><\/em><\/p>\n<p style=\"text-align: left;\"><em><span style=\"color: #000000;\">Ajo q\u00eb \u00ebsht\u00eb ve\u00e7an\u00ebrisht shqet\u00ebsuese \u00ebsht\u00eb se ky operacion i kryer nga nj\u00eb nj\u00ebsi policore, ende e paidentifikuar plot\u00ebsisht, ka shfaqur nj\u00eb qasje arbitrare dhe ka dh\u00ebn\u00eb nj\u00eb shfaqje t\u00eb panevojshme t\u00eb forc\u00ebs.<\/span><\/em><\/p>\n<p style=\"text-align: left;\"><em><span style=\"color: #000000;\">P\u00ebrdorimi i maskave, uniformave dhe mjeteve pa identifikim t\u00eb qart\u00eb, si dhe armatimit t\u00eb r\u00ebnd\u00eb n\u00eb k\u00ebt\u00eb operacion jo vet\u00ebm q\u00eb ka krijuar frik\u00eb dhe panik n\u00eb publik, por \u00ebsht\u00eb gjithashtu n\u00eb kund\u00ebrshtim me standardet nd\u00ebrkomb\u00ebtare t\u00eb siguris\u00eb dhe t\u00eb drejtave t\u00eb njeriut, duke sfiduar \u00e7do parim t\u00eb transparenc\u00ebs dhe llogaridh\u00ebnies q\u00eb k\u00ebrkohet p\u00ebr forcat e rendit.<\/span><\/em><\/p>\n<p style=\"text-align: left;\"><em><span style=\"color: #000000;\">Jemi v\u00ebn\u00ebn n\u00eb dijeni se Struktura e Posa\u00e7me Kund\u00ebr Korrupsionit dhe Krimit t\u00eb Organizuar (SPAK) dhe Byroja Komb\u00ebtare e Hetimit (BKH) nuk jan\u00eb p\u00ebrfshir\u00eb n\u00eb procesin e ekzekutimit t\u00eb mas\u00ebs s\u00eb sigurimit personal me karakter shtr\u00ebngues \u201cArrest n\u00eb burg\u201d ndaj Z. Ilir Meta.<\/span><\/em><\/p>\n<p style=\"text-align: left;\"><em><span style=\"color: #000000;\">P\u00ebr sa m\u00eb sip\u00ebr, n\u00eb baz\u00eb t\u00eb neneve 23 dhe 28 t\u00eb Kushtetut\u00ebs s\u00eb Republik\u00ebs s\u00eb Shqip\u00ebris\u00eb, nenit 5 t\u00eb Konvent\u00ebs Evropiane p\u00ebr t\u00eb Drejtat e Njeriut, ligjit nr. 8580\/2000 \u201cP\u00ebr Partit\u00eb Politike\u201d, nenit 8 i ligjit nr. 8550\/1999 \u201cStatusi i Deputetit\u201d, nenit 246 i Kodit t\u00eb Procedur\u00ebs Penale, k\u00ebrkojm\u00eb t\u00eb na vini n\u00eb dispozicion informacionin si m\u00eb posht\u00eb vijon:<\/span><\/em><\/p>\n<p style=\"text-align: left;\"><em><span style=\"color: #000000;\">1. T\u00eb na vini n\u00eb dispozicion brenda dat\u00ebs 07.11.2024 emrat e t\u00eb gjith\u00eb skuadr\u00ebs s\u00eb pretenduar policore q\u00eb m\u00eb dat\u00eb 21.10.2024 ekzekutuan Urdhrin p\u00ebr ekzekutimin e vendimit nr. 125, dat\u00eb 20.10.2024, s\u00eb Gjykat\u00ebs s\u00eb Posa\u00e7me e Shkall\u00ebs s\u00eb par\u00eb Kund\u00ebr Korrupsionit dhe Krimit t\u00eb Organizuar, l\u00ebshuar nga Prokuroria e Posa\u00e7me Kund\u00ebr Korrupsionit dhe Krimit t\u00eb Organizuar, ndaj Z. Ilir Meta, n\u00eb kund\u00ebrshtim t\u00eb hapur me nenin 28 t\u00eb Kushtetut\u00ebs s\u00eb Republik\u00ebs s\u00eb Shqip\u00ebris\u00eb dhe nenin 5 t\u00eb Konvent\u00ebs Evropiane p\u00ebr t\u00eb Drejtat e Njeriut, duke trajtuar Presidentin e Partis\u00eb s\u00eb Liris\u00eb dhe ish-Presidentin e Republik\u00ebs s\u00eb Shqip\u00ebris\u00eb n\u00eb m\u00ebnyr\u00eb degraduese dhe posht\u00ebruese;<\/span><\/em><\/p>\n<p style=\"text-align: left;\"><em><span style=\"color: #000000;\">2. Emrat e personave q\u00eb kan\u00eb urdh\u00ebruar dhe kan\u00eb udh\u00ebhequr k\u00ebt\u00eb operacion kriminal.<\/span><\/em><\/p>\n<p style=\"text-align: left;\"><em><span style=\"color: #000000;\">N\u00ebse brenda dat\u00ebs 07.11.2024 nuk na p\u00ebrcillni emrat e personave, p\u00ebr t\u00eb vijuar me p\u00ebrgjegj\u00ebsin\u00eb personale t\u00eb atyre personave q\u00eb kan\u00eb dh\u00ebn\u00eb urdh\u00ebr dhe kan\u00eb ekzekutuar n\u00eb m\u00ebnyr\u00eb barbare nj\u00eb vendim gjyq\u00ebsor n\u00eb kund\u00ebrshtim flagrant me Kushtetut\u00ebn e Republik\u00ebs s\u00eb Shqip\u00ebris\u00eb dhe me parimet nd\u00ebrkomb\u00ebtare q\u00eb mbrojn\u00eb t\u00eb drejtat e njeriut, do t\u00eb jeni Ju personi q\u00eb do t\u00eb mbaj\u00eb p\u00ebrgjegj\u00ebsi penale p\u00ebr konsumim t\u00eb veprave penale \u201cShp\u00ebrdorim detyre\u201d dhe \u201cMoskall\u00ebzmi i krimit\u201d dhe p\u00ebr bashk\u00ebpunim n\u00eb kryerjen e veprave penale.<\/span><\/em><\/p>\n<p style=\"text-align: left;\"><em><span style=\"color: #000000;\">Duke shpresuar dhe besuar n\u00eb nj\u00eb bashk\u00ebpunim t\u00eb plot\u00eb nga organi juaj, mbetemi n\u00eb pritje t\u00eb p\u00ebrgjigjes Tuaj. <img loading=\"lazy\" decoding=\"async\" class=\" wp-image-707447 aligncenter\" src=\"https:\/\/www.hashtag.al\/wp-content\/uploads\/2024\/11\/1-1-208x300.jpeg\" alt=\"\" width=\"476\" height=\"687\" srcset=\"https:\/\/www.hashtag.al\/wp-content\/uploads\/2024\/11\/1-1-208x300.jpeg 208w, https:\/\/www.hashtag.al\/wp-content\/uploads\/2024\/11\/1-1-711x1024.jpeg 711w, https:\/\/www.hashtag.al\/wp-content\/uploads\/2024\/11\/1-1-1422x2048.jpeg 1422w\" sizes=\"auto, (max-width: 476px) 100vw, 476px\" \/><\/span><\/em><\/p>\n<p style=\"text-align: left;\"><em><span style=\"color: #000000;\"><img loading=\"lazy\" decoding=\"async\" class=\" wp-image-707448 aligncenter\" src=\"https:\/\/www.hashtag.al\/wp-content\/uploads\/2024\/11\/2-1-218x300.jpeg\" alt=\"\" width=\"474\" height=\"652\" srcset=\"https:\/\/www.hashtag.al\/wp-content\/uploads\/2024\/11\/2-1-218x300.jpeg 218w, https:\/\/www.hashtag.al\/wp-content\/uploads\/2024\/11\/2-1-745x1024.jpeg 745w, https:\/\/www.hashtag.al\/wp-content\/uploads\/2024\/11\/2-1-768x1056.jpeg 768w, https:\/\/www.hashtag.al\/wp-content\/uploads\/2024\/11\/2-1-1117x1536.jpeg 1117w, https:\/\/www.hashtag.al\/wp-content\/uploads\/2024\/11\/2-1-1490x2048.jpeg 1490w, https:\/\/www.hashtag.al\/wp-content\/uploads\/2024\/11\/2-1.jpeg 1862w\" sizes=\"auto, (max-width: 474px) 100vw, 474px\" \/><\/span><\/em><\/p>\n<p style=\"text-align: left;\"><em><span style=\"color: #000000;\"><img loading=\"lazy\" decoding=\"async\" class=\" wp-image-707449 aligncenter\" src=\"https:\/\/www.hashtag.al\/wp-content\/uploads\/2024\/11\/3-1-210x300.jpeg\" alt=\"\" width=\"474\" height=\"677\" srcset=\"https:\/\/www.hashtag.al\/wp-content\/uploads\/2024\/11\/3-1-210x300.jpeg 210w, https:\/\/www.hashtag.al\/wp-content\/uploads\/2024\/11\/3-1-718x1024.jpeg 718w, https:\/\/www.hashtag.al\/wp-content\/uploads\/2024\/11\/3-1-768x1096.jpeg 768w, https:\/\/www.hashtag.al\/wp-content\/uploads\/2024\/11\/3-1-1076x1536.jpeg 1076w, https:\/\/www.hashtag.al\/wp-content\/uploads\/2024\/11\/3-1-1435x2048.jpeg 1435w, https:\/\/www.hashtag.al\/wp-content\/uploads\/2024\/11\/3-1.jpeg 1794w\" sizes=\"auto, (max-width: 474px) 100vw, 474px\" \/><\/span><\/em><\/p>\n<p style=\"text-align: left;\"><em><span style=\"color: #000000;\"><img loading=\"lazy\" decoding=\"async\" class=\" wp-image-707450 aligncenter\" src=\"https:\/\/www.hashtag.al\/wp-content\/uploads\/2024\/11\/4-1-213x300.jpeg\" alt=\"\" width=\"478\" height=\"673\" srcset=\"https:\/\/www.hashtag.al\/wp-content\/uploads\/2024\/11\/4-1-213x300.jpeg 213w, https:\/\/www.hashtag.al\/wp-content\/uploads\/2024\/11\/4-1-727x1024.jpeg 727w, https:\/\/www.hashtag.al\/wp-content\/uploads\/2024\/11\/4-1-768x1081.jpeg 768w, https:\/\/www.hashtag.al\/wp-content\/uploads\/2024\/11\/4-1-1091x1536.jpeg 1091w, https:\/\/www.hashtag.al\/wp-content\/uploads\/2024\/11\/4-1-1454x2048.jpeg 1454w, https:\/\/www.hashtag.al\/wp-content\/uploads\/2024\/11\/4-1.jpeg 1818w\" sizes=\"auto, (max-width: 478px) 100vw, 478px\" \/><\/span><\/em><\/p>\n","protected":false,"gt_translate_keys":[{"key":"rendered","format":"html"}]},"excerpt":{"rendered":"<p>Partia e Liris\u00eb ka d\u00ebrguar nj\u00eb shkres\u00eb zyrtare drejt Drejtorit t\u00eb P\u00ebrgjithsh\u00ebm t\u00eb Policis\u00eb s\u00eb Shtetit, Ilir Proda, dhe Ministrit t\u00eb Brendsh\u00ebm, Ervin Hoxha, duke k\u00ebrkuar emrat e atyre q\u00eb ekzekutuan vendimin p\u00ebr arrestimin e ish-Presidentit Ilir Meta, si dhe emrat e personave q\u00eb urdh\u00ebruan dhe udh\u00ebhoq\u00ebn operacionin. Sekretari i P\u00ebrgjithsh\u00ebm i Partis\u00eb s\u00eb Liris\u00eb, [&hellip;]<\/p>\n","protected":false,"gt_translate_keys":[{"key":"rendered","format":"html"}]},"author":49,"featured_media":707445,"comment_status":"closed","ping_status":"open","sticky":false,"template":"","format":"standard","meta":{"footnotes":""},"categories":[65],"tags":[],"class_list":["post-707442","post","type-post","status-publish","format-standard","has-post-thumbnail","hentry","category-lajme"],"gt_translate_keys":[{"key":"link","format":"url"}],"_links":{"self":[{"href":"https:\/\/www.hashtag.al\/index.php\/wp-json\/wp\/v2\/posts\/707442","targetHints":{"allow":["GET"]}}],"collection":[{"href":"https:\/\/www.hashtag.al\/index.php\/wp-json\/wp\/v2\/posts"}],"about":[{"href":"https:\/\/www.hashtag.al\/index.php\/wp-json\/wp\/v2\/types\/post"}],"author":[{"embeddable":true,"href":"https:\/\/www.hashtag.al\/index.php\/wp-json\/wp\/v2\/users\/49"}],"replies":[{"embeddable":true,"href":"https:\/\/www.hashtag.al\/index.php\/wp-json\/wp\/v2\/comments?post=707442"}],"version-history":[{"count":0,"href":"https:\/\/www.hashtag.al\/index.php\/wp-json\/wp\/v2\/posts\/707442\/revisions"}],"wp:featuredmedia":[{"embeddable":true,"href":"https:\/\/www.hashtag.al\/index.php\/wp-json\/wp\/v2\/media\/707445"}],"wp:attachment":[{"href":"https:\/\/www.hashtag.al\/index.php\/wp-json\/wp\/v2\/media?parent=707442"}],"wp:term":[{"taxonomy":"category","embeddable":true,"href":"https:\/\/www.hashtag.al\/index.php\/wp-json\/wp\/v2\/categories?post=707442"},{"taxonomy":"post_tag","embeddable":true,"href":"https:\/\/www.hashtag.al\/index.php\/wp-json\/wp\/v2\/tags?post=707442"}],"curies":[{"name":"wp","href":"https:\/\/api.w.org\/{rel}","templated":true}]}}