{"id":707379,"date":"2024-11-04T09:11:16","date_gmt":"2024-11-04T08:11:16","guid":{"rendered":"https:\/\/www.hashtag.al\/?p=707379"},"modified":"2024-11-04T09:11:16","modified_gmt":"2024-11-04T08:11:16","slug":"amnesty-international-kerkon-lirimin-e-studentes-iraniane-qe-u-arrestua-pasi-hoqi-rrobat-ne-shenje-proteste","status":"publish","type":"post","link":"https:\/\/www.hashtag.al\/index.php\/2024\/11\/04\/amnesty-international-kerkon-lirimin-e-studentes-iraniane-qe-u-arrestua-pasi-hoqi-rrobat-ne-shenje-proteste\/","title":{"rendered":"Amnesty International k\u00ebrkon lirimin e studentes iraniane q\u00eb u arrestua pasi hoqi rrobat n\u00eb shenj\u00eb proteste","gt_translate_keys":[{"key":"rendered","format":"text"}]},"content":{"rendered":"<p><a href=\"https:\/\/www.hashtag.al\/wp-content\/uploads\/2024\/11\/Screenshot-2024-11-04-090936.png\"><img loading=\"lazy\" decoding=\"async\" class=\"aligncenter size-full wp-image-707381\" src=\"https:\/\/www.hashtag.al\/wp-content\/uploads\/2024\/11\/Screenshot-2024-11-04-090936.png\" alt=\"\" width=\"756\" height=\"427\" srcset=\"https:\/\/www.hashtag.al\/wp-content\/uploads\/2024\/11\/Screenshot-2024-11-04-090936.png 756w, https:\/\/www.hashtag.al\/wp-content\/uploads\/2024\/11\/Screenshot-2024-11-04-090936-300x169.png 300w\" sizes=\"auto, (max-width: 756px) 100vw, 756px\" \/><\/a><\/p>\n<p><span style=\"color: #000000;\">Amnesty International ka k\u00ebrkuar nga autoritetet iraniane t\u00eb lirojn\u00eb menj\u00ebher\u00eb dhe pa kushte nj\u00eb studente, e cila u arrestua pasi hoqi rrobat e saj n\u00eb shenj\u00eb proteste ndaj keqtrajtimit lidhur me zbatimin e rrept\u00eb t\u00eb kodit t\u00eb veshjes n\u00eb vend.<\/span><\/p>\n<p><span style=\"color: #000000;\">Incidenti ndodhi n\u00eb Universitetin Islamik Azad n\u00eb Teheran, ku e reja, e cila nuk \u00ebsht\u00eb identifikuar, pati nj\u00eb p\u00ebrplasje me an\u00ebtar\u00ebt e forcave paramilitare Basij, t\u00eb cil\u00ebt i hoq\u00ebn shamin\u00eb dhe i shqyen rrobat.<\/span><\/p>\n<p><span style=\"color: #000000;\">Pamjet e publikuara n\u00eb mediat sociale tregojn\u00eb studenten duke hequr rrobat dhe duke dal\u00eb n\u00eb rrug\u00eb me t\u00eb brendshme. Nj\u00eb video tjet\u00ebr tregon se si ajo futet me forc\u00eb n\u00eb nj\u00eb makin\u00eb nga burra me rroba civile.<\/span><\/p>\n<p><span style=\"color: #000000;\">Sipas mediave studentore, ajo u ngacmua nga nj\u00eb an\u00ebtar i Basij p\u00ebr mosmbajtjen e shamis\u00eb, p\u00ebrcjell <span style=\"color: #0000ff;\"><a style=\"color: #0000ff;\" href=\"https:\/\/www.theguardian.com\/world\/2024\/nov\/03\/woman-arrested-in-iran-after-stripping-during-anti-harassment-protest\">The Guardian.<\/a><\/span><\/span><\/p>\n<p><span style=\"color: #000000;\">Kodi i detyruesh\u00ebm i veshjes n\u00eb Iran k\u00ebrkon q\u00eb grat\u00eb t\u00eb mbajn\u00eb shami dhe rroba t\u00eb gjera n\u00eb publik.<\/span><\/p>\n<p><span style=\"color: #000000;\">Raportohet gjithashtu se studentja u dhunua gjat\u00eb arrestimit dhe nuk ka informacione t\u00eb sakta p\u00ebr gjendjen dhe vendndodhjen e saj.<\/span><\/p>\n<p><span style=\"color: #000000;\">Amnesty International Iran ka b\u00ebr\u00eb thirrje p\u00ebr nj\u00eb hetim t\u00eb pavarur dhe t\u00eb paansh\u00ebm mbi akuzat p\u00ebr keqtrajtim. Organizata theksoi se autoritetet duhet t\u00eb sigurojn\u00eb mbrojtjen e saj nga torturat dhe trajtimet e tjera \u00e7njer\u00ebzore dhe t\u2019i lejojn\u00eb qasjen te familja dhe avokati.<\/span><\/p>\n<p><span style=\"color: #000000;\">Agjencia konservatore iraniane e lajmeve, Fars, konfirmoi incidentin duke raportuar se studentja kishte veshur \u201crroba t\u00eb pap\u00ebrshtatshme\u201d dhe kishte \u201czhveshur\u201d pasi ishte udh\u00ebzuar nga rojet e siguris\u00eb p\u00ebr t\u00eb respektuar kodin e veshjes.<\/span><\/p>\n<p><span style=\"color: #000000;\">Duke cituar \u201cd\u00ebshmitar\u00eb\u201d, Fars deklaroi se rojet e siguris\u00eb kishin komunikuar \u201cn\u00eb m\u00ebnyr\u00eb t\u00eb qet\u00eb\u201d me studenten dhe hodhi posht\u00eb pretendimet p\u00ebr sjellje agresive.<\/span><\/p>\n<p><span style=\"color: #000000;\">Ky incident vjen m\u00eb shum\u00eb se dy vjet pas protestave masive n\u00eb Iran, q\u00eb u shkaktuan nga vdekja n\u00eb paraburgim e Mahsa Amini, nj\u00eb gruaje kurde iraniane e arrestuar p\u00ebr shkelje t\u00eb supozuar t\u00eb kodit t\u00eb veshjes.<\/span><\/p>\n<p><span style=\"color: #000000;\">Ato protesta u shtyp\u00ebn me forc\u00eb nga autoritetet, nd\u00ebrsa disa gra hodh\u00ebn tej shamit\u00eb n\u00eb shenj\u00eb kund\u00ebrshtie ndaj rregullave t\u00eb detyrueshme.<\/span><\/p>\n","protected":false,"gt_translate_keys":[{"key":"rendered","format":"html"}]},"excerpt":{"rendered":"<p>Amnesty International ka k\u00ebrkuar nga autoritetet iraniane t\u00eb lirojn\u00eb menj\u00ebher\u00eb dhe pa kushte nj\u00eb studente, e cila u arrestua pasi hoqi rrobat e saj n\u00eb shenj\u00eb proteste ndaj keqtrajtimit lidhur me zbatimin e rrept\u00eb t\u00eb kodit t\u00eb veshjes n\u00eb vend. Incidenti ndodhi n\u00eb Universitetin Islamik Azad n\u00eb Teheran, ku e reja, e cila nuk \u00ebsht\u00eb [&hellip;]<\/p>\n","protected":false,"gt_translate_keys":[{"key":"rendered","format":"html"}]},"author":32,"featured_media":707381,"comment_status":"closed","ping_status":"open","sticky":false,"template":"","format":"standard","meta":{"footnotes":""},"categories":[6],"tags":[],"class_list":["post-707379","post","type-post","status-publish","format-standard","has-post-thumbnail","hentry","category-nderkombetare"],"gt_translate_keys":[{"key":"link","format":"url"}],"_links":{"self":[{"href":"https:\/\/www.hashtag.al\/index.php\/wp-json\/wp\/v2\/posts\/707379","targetHints":{"allow":["GET"]}}],"collection":[{"href":"https:\/\/www.hashtag.al\/index.php\/wp-json\/wp\/v2\/posts"}],"about":[{"href":"https:\/\/www.hashtag.al\/index.php\/wp-json\/wp\/v2\/types\/post"}],"author":[{"embeddable":true,"href":"https:\/\/www.hashtag.al\/index.php\/wp-json\/wp\/v2\/users\/32"}],"replies":[{"embeddable":true,"href":"https:\/\/www.hashtag.al\/index.php\/wp-json\/wp\/v2\/comments?post=707379"}],"version-history":[{"count":0,"href":"https:\/\/www.hashtag.al\/index.php\/wp-json\/wp\/v2\/posts\/707379\/revisions"}],"wp:featuredmedia":[{"embeddable":true,"href":"https:\/\/www.hashtag.al\/index.php\/wp-json\/wp\/v2\/media\/707381"}],"wp:attachment":[{"href":"https:\/\/www.hashtag.al\/index.php\/wp-json\/wp\/v2\/media?parent=707379"}],"wp:term":[{"taxonomy":"category","embeddable":true,"href":"https:\/\/www.hashtag.al\/index.php\/wp-json\/wp\/v2\/categories?post=707379"},{"taxonomy":"post_tag","embeddable":true,"href":"https:\/\/www.hashtag.al\/index.php\/wp-json\/wp\/v2\/tags?post=707379"}],"curies":[{"name":"wp","href":"https:\/\/api.w.org\/{rel}","templated":true}]}}