{"id":707205,"date":"2024-11-02T22:38:34","date_gmt":"2024-11-02T21:38:34","guid":{"rendered":"https:\/\/www.hashtag.al\/?p=707205"},"modified":"2024-11-02T22:38:34","modified_gmt":"2024-11-02T21:38:34","slug":"trashegimia-e-fshehur-naziste-e-lideres-te-ekstremit-te-djathte-te-gjermanise","status":"publish","type":"post","link":"https:\/\/www.hashtag.al\/index.php\/2024\/11\/02\/trashegimia-e-fshehur-naziste-e-lideres-te-ekstremit-te-djathte-te-gjermanise\/","title":{"rendered":"Trash\u00ebgimia e fshehur naziste e lideres t\u00eb ekstremit t\u00eb djatht\u00eb t\u00eb Gjermanis\u00eb","gt_translate_keys":[{"key":"rendered","format":"text"}]},"content":{"rendered":"<p><span style=\"color: #000000;\"><a href=\"https:\/\/www.hashtag.al\/wp-content\/uploads\/2024\/11\/alice.png\"><img loading=\"lazy\" decoding=\"async\" class=\"aligncenter size-full wp-image-707206\" src=\"https:\/\/www.hashtag.al\/wp-content\/uploads\/2024\/11\/alice.png\" alt=\"\" width=\"1490\" height=\"637\" srcset=\"https:\/\/www.hashtag.al\/wp-content\/uploads\/2024\/11\/alice.png 1490w, https:\/\/www.hashtag.al\/wp-content\/uploads\/2024\/11\/alice-300x128.png 300w, https:\/\/www.hashtag.al\/wp-content\/uploads\/2024\/11\/alice-1024x438.png 1024w, https:\/\/www.hashtag.al\/wp-content\/uploads\/2024\/11\/alice-768x328.png 768w\" sizes=\"auto, (max-width: 1490px) 100vw, 1490px\" \/><\/a><\/span><\/p>\n<p><span style=\"color: #000000;\">Alice Weidel p\u00eblqen t\u00eb flas\u00eb p\u00ebr t\u00eb kaluar\u00ebn e Gjermanis\u00eb &#8211; por ajo ka folur m\u00eb pak p\u00ebr t\u00eb kaluar\u00ebn e familjes s\u00eb saj.<\/span><\/p>\n<p><span style=\"color: #000000;\">Si bashk\u00eb-udh\u00ebheq\u00ebse e Alternativ\u00ebs p\u00ebr Gjermanin\u00eb (AfD) t\u00eb s\u00eb djatht\u00ebs ekstreme, Weidel i ka k\u00ebrkuar vendit t\u00eb saj t\u00eb l\u00ebviz\u00eb nga ajo q\u00eb partia e saj e quan nj\u00eb &#8220;kult turpi&#8221; mbi mizorit\u00eb e saj t\u00eb epok\u00ebs naziste. Megjithat\u00eb, pavar\u00ebsisht thirrjeve t\u00eb saj q\u00eb Gjermania t\u00eb shikoj\u00eb p\u00ebrpara, historia e familjes s\u00eb saj ka mbetur n\u00eb hije.<\/span><\/p>\n<p><span style=\"color: #000000;\">Nj\u00eb hetim nga Welt am Sonntag, duke u mb\u00ebshtetur n\u00eb dokumente t\u00eb gjera nga arkivat gjermane dhe polake, zbulon se gjyshi i Weidel Hans Weidel ishte nj\u00eb gjykat\u00ebs i shquar nazist, i em\u00ebruar drejtp\u00ebrdrejt nga Adolf Hitleri, p\u00ebrgjegj\u00ebs p\u00ebr d\u00ebnimin e kund\u00ebrshtar\u00ebve t\u00eb Rajhut t\u00eb Tret\u00eb.<\/span><\/p>\n<p><span style=\"color: #000000;\">Nd\u00ebrsa historia e Weidels nuk \u00ebsht\u00eb unike n\u00eb nj\u00eb vend ku e kaluara naziste prek pothuajse \u00e7do familje, k\u00ebto zbulime jan\u00eb t\u00eb r\u00ebnd\u00ebsishme duke pasur parasysh pozicionet e AfD-s\u00eb mbi p\u00ebrpjekjet e Gjermanis\u00eb p\u00ebr t\u00eb shlyer veprimet e gjeneratave t\u00eb m\u00ebparshme.<\/span><\/p>\n<p><span style=\"color: #000000;\">N\u00eb vitin 2018, bashk\u00eb-udh\u00ebheq\u00ebsi i partis\u00eb Alexander Gauland tronditi vendin kur ai minimizoi periudh\u00ebn naziste si &#8220;thjesht mut zogu&#8221; n\u00eb nj\u00eb mij\u00ebvje\u00e7ar historie t\u00eb lavdishme. Vitin e kaluar, Bj\u00f6rn H\u00f6cke, nj\u00eb nga figurat m\u00eb ekstreme t\u00eb partis\u00eb, e p\u00ebrshkroi nj\u00eb memorial t\u00eb Holokaustit si nj\u00eb &#8220;monument turpi&#8221; dhe b\u00ebri thirrje p\u00ebr nj\u00eb ndryshim 180-grad\u00ebsh t\u00eb qasjes s\u00eb vendit ndaj kujtes\u00ebs.<\/span><\/p>\n<p><span style=\"color: #000000;\">Pavar\u00ebsisht radikalizmit t\u00eb saj t\u00eb hapur dhe paralajm\u00ebrimeve nga autoritetet se \u00ebsht\u00eb nj\u00eb organizat\u00eb ekstremiste, AfD \u00ebsht\u00eb rritur n\u00eb popullaritet. N\u00eb shtator, ajo arriti fitoren m\u00eb t\u00eb r\u00ebnd\u00ebsishme elektorale p\u00ebr t\u00eb djatht\u00ebn ekstreme q\u00eb nga Lufta e Dyt\u00eb Bot\u00ebrore, duke kapur fitoren e saj t\u00eb par\u00eb n\u00eb zgjedhjet rajonale. Tani, me Alice Weidel si kandidaten kryesore, AfD po p\u00ebrgatitet t\u00eb shtyj\u00eb axhend\u00ebn e saj nacionaliste n\u00eb zgjedhjet e ardhshme federale.<\/span><\/p>\n<p><span style=\"color: #000000;\"><strong>Gjyqtari ushtarak<\/strong><\/span><\/p>\n<p><span style=\"color: #000000;\">Nuk \u00ebsht\u00eb se Weidel \u00ebsht\u00eb plot\u00ebsisht kund\u00ebr t\u00eb folurit p\u00ebr historin\u00eb e saj familjare. Ajo ka rr\u00ebfyer se si u d\u00ebbua nga ajo q\u00eb dikur ishte Silesia, tani Polonia \u2013 por ajo ka mbetur e heshtur p\u00ebr rolin kryesor t\u00eb gjyshit t\u00eb saj n\u00eb regjimin nazist.<\/span><\/p>\n<p><span style=\"color: #000000;\">P\u00ebrmes nj\u00eb z\u00ebdh\u00ebn\u00ebsi, Weidel tha se nuk kishte njohuri p\u00ebr t\u00eb kaluar\u00ebn naziste t\u00eb gjyshit t\u00eb saj. \u201cP\u00ebr shkak t\u00eb mosmarr\u00ebveshjeve familjare, nuk ka pasur asnj\u00eb kontakt me gjyshin, i cili ka vdekur n\u00eb vitin 1985 dhe as ai nuk ka qen\u00eb tem\u00eb bisede n\u00eb familje\u201d, tha z\u00ebdh\u00ebn\u00ebsi.<\/span><\/p>\n<p><span style=\"color: #000000;\">Weidel ishte gjasht\u00eb vje\u00e7 kur gjyshi i saj Hans vdiq. Gjyshja e saj, gjithashtu an\u00ebtare e partis\u00eb naziste, nd\u00ebrroi jet\u00eb dy vjet m\u00eb von\u00eb.<\/span><\/p>\n<p><span style=\"color: #000000;\">Plaku Weidel ishte gati 40 vje\u00e7 kur u b\u00eb gjykat\u00ebs ushtarak n\u00eb zyr\u00ebn e komandantit t\u00eb Varshav\u00ebs n\u00eb korrik 1941, duke u bashkuar me rreth 3000 gjyqtar\u00eb t\u00eb Wehrmacht n\u00eb zbatimin e sundimit ushtarak t\u00eb Hitlerit.<\/span><\/p>\n<p><span style=\"color: #000000;\">Epror\u00ebt e tij e lavd\u00ebruan at\u00eb p\u00ebr &#8220;kryerjen e pun\u00ebs s\u00eb tij me interes dhe mir\u00ebkuptim t\u00eb madh&#8221;, treguan dokumentet.<\/span><\/p>\n<p><span style=\"color: #000000;\">N\u00ebn Hitlerin, i cili sundoi si komandant i p\u00ebrgjithsh\u00ebm i Wehrmacht-it, gjykatat ushtarake dhan\u00eb rreth 50,000 d\u00ebnime me vdekje, nga t\u00eb cilat mbi 20,000 u kryen, sipas gjetjeve t\u00eb historianes Claudia Bade, e cila shkroi se nj\u00eb rekord i till\u00eb \u201ce kalonte shum\u00eb at\u00eb t\u00eb gjykatat civile naziste.\u201d<\/span><\/p>\n<p><span style=\"color: #000000;\">Tre vjet pas k\u00ebsaj pune, Hans Weidel u em\u00ebrua Kryegjyqtar i Shtabit. Em\u00ebrimi i tij kaloi p\u00ebrmes selis\u00eb s\u00eb F\u00fchrer-it, sipas nj\u00eb dokumenti zyrtar t\u00eb 12 tetorit 1944 q\u00eb thot\u00eb: &#8220;Der F\u00fchrer, n\u00ebnshkruar nga Adolf Hitlerin&#8221;.<\/span><\/p>\n<p><span style=\"color: #000000;\">Para rritjes s\u00eb tij t\u00eb madhe n\u00eb sistemin nazist, Hans Weidel kishte studiuar drejt\u00ebsi n\u00eb Mynih dhe Breslau. Ai ishte an\u00ebtar i partis\u00eb naziste q\u00eb nga viti 1932, duke u bashkuar p\u00ebrpara ardhjes s\u00eb Hitlerit n\u00eb pushtet dhe duke sh\u00ebrbyer n\u00eb Waffen-SS nga viti 1933 si k\u00ebshilltar ligjor. \u201cEdhe p\u00ebrpara zgjedhjeve t\u00eb shtatorit 1930, votova nacional-socialist dhe b\u00ebra fushat\u00eb aktive n\u00eb propagand\u00ebn zgjedhore t\u00eb l\u00ebvizjes\u201d, shkruante ai n\u00eb nj\u00eb dokument t\u00eb ruajtur n\u00eb arkivat gjermane.<\/span><\/p>\n<p><span style=\"color: #000000;\">Hans Weidel do t&#8217;u thoshte m\u00eb von\u00eb hetuesve se ai nuk kishte njohuri p\u00ebr trajtimin e hebrenjve nga nazist\u00ebt. Ai jetonte n\u00eb nj\u00eb qytet t\u00eb vog\u00ebl, ai tha: &#8220;Nuk d\u00ebgjova asgj\u00eb tjet\u00ebr p\u00ebrve\u00e7 asaj q\u00eb ishte n\u00eb gazeta apo n\u00eb radio.&#8221;<\/span><\/p>\n<p><span style=\"color: #000000;\">\u201cM\u00eb duhet t\u00eb theksoj, megjithat\u00eb, se kurr\u00eb nuk kam d\u00ebgjuar asgj\u00eb p\u00ebr krimet e SS,\u201d shtoi ai.<\/span><\/p>\n<p><span style=\"color: #000000;\"><strong>Pasojat<\/strong><\/span><\/p>\n<p><span style=\"color: #000000;\">Pas humbjes s\u00eb Gjermanis\u00eb dhe ndarjes s\u00eb saj n\u00eb kat\u00ebr zona t\u00eb pushtuara, fuqit\u00eb fitimtare u nis\u00ebn p\u00ebr pastrimin e vendit nga nazist\u00ebt. Mb\u00ebshtet\u00ebsit e diktatur\u00ebs nuk duhej t\u00eb mbanin poste t\u00eb r\u00ebnd\u00ebsishme n\u00eb shtetin e ri. P\u00ebr k\u00ebt\u00eb q\u00ebllim u ngrit\u00ebn gjykata nga qeverit\u00eb ushtarake t\u00eb fuqive aleate.<\/span><\/p>\n<p><span style=\"color: #000000;\">Hans Weidel, i cili ishte zhvendosur me familjen e tij n\u00eb Westfalin\u00eb Lindore pas luft\u00ebs, u p\u00ebrball me tre hetime p\u00ebr rolet e tij gjat\u00eb diktatur\u00ebs.<\/span><\/p>\n<p><span style=\"color: #000000;\">N\u00eb n\u00ebntor 1948, nj\u00eb gjykat\u00eb n\u00eb Bielefeld, pjes\u00eb e zon\u00ebs s\u00eb pushtuar nga britanik\u00ebt, hapi nj\u00eb \u00e7\u00ebshtje kund\u00ebr tij p\u00ebr &#8220;an\u00ebtar\u00ebsim n\u00eb nj\u00eb organizat\u00eb kriminale&#8221;. Por \u00e7\u00ebshtja u mbyll brenda nj\u00eb muaji, me prokuror\u00ebt q\u00eb p\u00ebrmend\u00ebn munges\u00ebn e provave, tregoi dosja e hetimit n\u00eb arkivat federale.<\/span><\/p>\n<p><span style=\"color: #000000;\">Ai vendim, megjith\u00ebse nuk ishte nj\u00eb lirim i plot\u00eb, e kurseu at\u00eb nga p\u00ebrjashtimi. Ai vazhdoi hapjen e nj\u00eb firme ligjore n\u00eb qytetin per\u00ebndimor t\u00eb G\u00fctersloh, ku u aktivizua n\u00eb nj\u00eb shoqat\u00eb t\u00eb personave t\u00eb zhvendosur dhe k\u00ebrkoi kompensim p\u00ebr pron\u00ebn e tij t\u00eb humbur n\u00eb Silesia e Ep\u00ebrme.<\/span><\/p>\n<p><span style=\"color: #000000;\">Dy dekada m\u00eb von\u00eb, e kaluara e tij naziste e kapi p\u00ebrs\u00ebri. N\u00eb fund t\u00eb viteve 1970, policia n\u00eb North Rhine-Westphalia dhe Hamburg rihapi hetimet p\u00ebr rolin e tij gjat\u00eb luft\u00ebs. K\u00ebrkesat p\u00ebr dokumente u d\u00ebrguan n\u00eb Gjermanin\u00eb Lindore, at\u00ebher\u00eb n\u00ebn sundimin komunist. Megjithat\u00eb, t\u00eb dyja p\u00ebrpjekjet p\u00ebr ta ndjekur penalisht d\u00ebshtuan. N\u00eb Republik\u00ebn Federale, asnj\u00eb gjyqtar i vet\u00ebm ushtarak nuk u soll para drejt\u00ebsis\u00eb p\u00ebr shqiptimin e d\u00ebnimeve arbitrare me vdekje.<\/span><\/p>\n<p><span style=\"color: #000000;\">Zbulimet nuk kan\u00eb gjasa t\u00eb d\u00ebmtojn\u00eb pozit\u00ebn e Alice Weidel me baz\u00ebn e saj, nd\u00ebrsa ajo p\u00ebrgatitet t\u00eb udh\u00ebheq\u00eb partin\u00eb e saj n\u00eb zgjedhjet e vitit t\u00eb ardhsh\u00ebm.<\/span><\/p>\n<p><span style=\"color: #000000;\">Megjithat\u00eb, nd\u00ebrsa AfD p\u00ebrpiqet t\u00eb largoj\u00eb akuzat p\u00ebr simpatin\u00eb naziste, m\u00ebnyra se si ajo zgjedh t\u00eb p\u00ebrballet me rolin kryesor t\u00eb gjyshit t\u00eb saj n\u00eb regjim mund t\u00eb ndikoj\u00eb n\u00eb m\u00ebnyr\u00ebn se si votuesit e shohin angazhimin e partis\u00eb p\u00ebr t\u00eb shkuar p\u00ebrtej t\u00eb kaluar\u00ebs s\u00eb saj.<\/span><\/p>\n<p><span style=\"color: #000000;\"><span style=\"color: #ff0000;\">VINI RE:<\/span> Artikulli \u00ebsht\u00eb pron\u00eb intelektuale e <a href=\"https:\/\/www.politico.eu\/article\/hidden-nazi-heritage-germany-far-right-leader-afd-alice-weidel-hans-weidel-warsaw\/\"><span style=\"color: #3366ff;\">Politico.eu<\/span><\/a><\/span><\/p>\n","protected":false,"gt_translate_keys":[{"key":"rendered","format":"html"}]},"excerpt":{"rendered":"<p>Alice Weidel p\u00eblqen t\u00eb flas\u00eb p\u00ebr t\u00eb kaluar\u00ebn e Gjermanis\u00eb &#8211; por ajo ka folur m\u00eb pak p\u00ebr t\u00eb kaluar\u00ebn e familjes s\u00eb saj. Si bashk\u00eb-udh\u00ebheq\u00ebse e Alternativ\u00ebs p\u00ebr Gjermanin\u00eb (AfD) t\u00eb s\u00eb djatht\u00ebs ekstreme, Weidel i ka k\u00ebrkuar vendit t\u00eb saj t\u00eb l\u00ebviz\u00eb nga ajo q\u00eb partia e saj e quan nj\u00eb &#8220;kult turpi&#8221; [&hellip;]<\/p>\n","protected":false,"gt_translate_keys":[{"key":"rendered","format":"html"}]},"author":32,"featured_media":707206,"comment_status":"closed","ping_status":"open","sticky":false,"template":"","format":"standard","meta":{"footnotes":""},"categories":[6,13],"tags":[],"class_list":["post-707205","post","type-post","status-publish","format-standard","has-post-thumbnail","hentry","category-nderkombetare","category-te-fundit"],"gt_translate_keys":[{"key":"link","format":"url"}],"_links":{"self":[{"href":"https:\/\/www.hashtag.al\/index.php\/wp-json\/wp\/v2\/posts\/707205","targetHints":{"allow":["GET"]}}],"collection":[{"href":"https:\/\/www.hashtag.al\/index.php\/wp-json\/wp\/v2\/posts"}],"about":[{"href":"https:\/\/www.hashtag.al\/index.php\/wp-json\/wp\/v2\/types\/post"}],"author":[{"embeddable":true,"href":"https:\/\/www.hashtag.al\/index.php\/wp-json\/wp\/v2\/users\/32"}],"replies":[{"embeddable":true,"href":"https:\/\/www.hashtag.al\/index.php\/wp-json\/wp\/v2\/comments?post=707205"}],"version-history":[{"count":0,"href":"https:\/\/www.hashtag.al\/index.php\/wp-json\/wp\/v2\/posts\/707205\/revisions"}],"wp:featuredmedia":[{"embeddable":true,"href":"https:\/\/www.hashtag.al\/index.php\/wp-json\/wp\/v2\/media\/707206"}],"wp:attachment":[{"href":"https:\/\/www.hashtag.al\/index.php\/wp-json\/wp\/v2\/media?parent=707205"}],"wp:term":[{"taxonomy":"category","embeddable":true,"href":"https:\/\/www.hashtag.al\/index.php\/wp-json\/wp\/v2\/categories?post=707205"},{"taxonomy":"post_tag","embeddable":true,"href":"https:\/\/www.hashtag.al\/index.php\/wp-json\/wp\/v2\/tags?post=707205"}],"curies":[{"name":"wp","href":"https:\/\/api.w.org\/{rel}","templated":true}]}}