{"id":707174,"date":"2024-11-02T13:48:03","date_gmt":"2024-11-02T12:48:03","guid":{"rendered":"https:\/\/www.hashtag.al\/?p=707174"},"modified":"2024-11-02T13:48:03","modified_gmt":"2024-11-02T12:48:03","slug":"perfundon-pas-50-minutash-marshimi-i-opozites-ne-shkoder","status":"publish","type":"post","link":"https:\/\/www.hashtag.al\/index.php\/2024\/11\/02\/perfundon-pas-50-minutash-marshimi-i-opozites-ne-shkoder\/","title":{"rendered":"P\u00ebrfundon pas 50 minutash marshimi i opozit\u00ebs n\u00eb Shkod\u00ebr","gt_translate_keys":[{"key":"rendered","format":"text"}]},"content":{"rendered":"<div class=\"col-md-1 col-sm-1\">\n<div class=\"article-sharing-options\"><\/div>\n<\/div>\n<div class=\"col-md-10 col-sm-10 article-text\">\n<p style=\"text-align: left;\"><span style=\"color: #000000;\"><img loading=\"lazy\" decoding=\"async\" class=\" wp-image-707175 aligncenter\" src=\"https:\/\/www.hashtag.al\/wp-content\/uploads\/2024\/11\/99-1-300x169.jpeg\" alt=\"\" width=\"737\" height=\"415\" srcset=\"https:\/\/www.hashtag.al\/wp-content\/uploads\/2024\/11\/99-1-300x169.jpeg 300w, https:\/\/www.hashtag.al\/wp-content\/uploads\/2024\/11\/99-1-1024x576.jpeg 1024w, https:\/\/www.hashtag.al\/wp-content\/uploads\/2024\/11\/99-1-768x432.jpeg 768w, https:\/\/www.hashtag.al\/wp-content\/uploads\/2024\/11\/99-1.jpeg 1280w\" sizes=\"auto, (max-width: 737px) 100vw, 737px\" \/><\/span><\/p>\n<p style=\"text-align: left;\"><span style=\"color: #000000;\">Ka p\u00ebrfunduar pas rreth 50 minutash marshimi i qytetar\u00ebve n\u00eb Shkod\u00ebr kund\u00ebr krimit t\u00eb organizuar. Ky marshim i heshtur, sikund\u00ebr e quajti n\u00ebnkryetari i PD-s\u00eb, Lu\u00e7iano Bo\u00e7i, vjen 3 dit\u00eb pas ngjarjes s\u00eb r\u00ebnd\u00eb t\u00eb ndodhur n\u00eb kryeqendr\u00ebn e veriut, ku 3 persona humb\u00ebn jet\u00ebn si pasoj\u00eb e nj\u00eb atentati mafioz.<\/span><\/p>\n<p style=\"text-align: left;\"><span style=\"color: #000000;\">Lu\u00e7iano Bo\u00e7i, n\u00ebnkryetar i PD-s\u00eb dhe drejtues politik i k\u00ebsaj partie n\u00eb Qarkun e Shkodr\u00ebs, tha se Shkodra sot reagoi fuqish\u00ebm, Shkodra reagoi me k\u00ebt\u00eb heshtje, e cila shpreh revolt\u00ebn dhe zem\u00ebrat\u00ebn e qytetar\u00ebve, m\u00eb fort se t\u00eb gjitha ul\u00ebrimat.<\/span><\/p>\n<div id=\"taboola-sponsored-mid-article\" class=\" trc_related_container trc_spotlight_widget trc_elastic trc_elastic_sc-ma-balkanweb \" style=\"text-align: left;\" data-placement-name=\"Sponsored Mid Article\">\n<div class=\"trc_rbox_container\">\n<div>\n<div id=\"trc_wrapper_69797\" class=\"trc_rbox sc-ma-balkanweb trc-content-sponsored \">\n<div id=\"outer_69797\" class=\"trc_rbox_outer\">\n<div id=\"rbox-t2m\" class=\"trc_rbox_div trc_rbox_border_elm\">\n<div id=\"internal_trc_69797\"><\/div>\n<\/div>\n<\/div>\n<\/div>\n<\/div>\n<\/div>\n<\/div>\n<p style=\"text-align: left;\"><span style=\"color: #000000;\"><em>\u201cQyteti i g\u00ebzimit, qyteti i dijes, si\u00e7 \u00ebsht\u00eb Shkodra nuk mund t\u00eb jet\u00eb qyteti i komanduar nga bandat.<\/em><\/span><\/p>\n<p style=\"text-align: left;\"><span style=\"color: #000000;\"><em>Nuk mundet q\u00eb Edi Rama t\u00eb p\u00ebrs\u00ebris\u00eb pushtetin e tij me krim. Ne do t\u00eb nd\u00ebrtojm\u00eb marr\u00ebdh\u00ebnien ton\u00eb solidare me qytetar\u00ebt, ne duhet ti japim besim qytetar\u00ebve q\u00eb beteja e tyre \u00ebsht\u00eb beteja jon\u00eb.<\/em><\/span><\/p>\n<p style=\"text-align: left;\"><span style=\"color: #000000;\"><em>Betej\u00ebn ton\u00eb do e \u00e7ojm\u00eb deri n\u00eb fund bashk\u00eb me qytetar\u00ebt. qytetaria nuk do t\u00eb lejoj\u00eb q\u00eb Rama t\u00eb qeveris\u00eb k\u00ebt\u00eb vend me bandat\u201d,<\/em> tha Bo\u00e7i.<\/span><\/p>\n<\/div>\n","protected":false,"gt_translate_keys":[{"key":"rendered","format":"html"}]},"excerpt":{"rendered":"<p>Ka p\u00ebrfunduar pas rreth 50 minutash marshimi i qytetar\u00ebve n\u00eb Shkod\u00ebr kund\u00ebr krimit t\u00eb organizuar. Ky marshim i heshtur, sikund\u00ebr e quajti n\u00ebnkryetari i PD-s\u00eb, Lu\u00e7iano Bo\u00e7i, vjen 3 dit\u00eb pas ngjarjes s\u00eb r\u00ebnd\u00eb t\u00eb ndodhur n\u00eb kryeqendr\u00ebn e veriut, ku 3 persona humb\u00ebn jet\u00ebn si pasoj\u00eb e nj\u00eb atentati mafioz. Lu\u00e7iano Bo\u00e7i, n\u00ebnkryetar i [&hellip;]<\/p>\n","protected":false,"gt_translate_keys":[{"key":"rendered","format":"html"}]},"author":49,"featured_media":707163,"comment_status":"closed","ping_status":"open","sticky":false,"template":"","format":"standard","meta":{"footnotes":""},"categories":[65],"tags":[],"class_list":["post-707174","post","type-post","status-publish","format-standard","has-post-thumbnail","hentry","category-lajme"],"gt_translate_keys":[{"key":"link","format":"url"}],"_links":{"self":[{"href":"https:\/\/www.hashtag.al\/index.php\/wp-json\/wp\/v2\/posts\/707174","targetHints":{"allow":["GET"]}}],"collection":[{"href":"https:\/\/www.hashtag.al\/index.php\/wp-json\/wp\/v2\/posts"}],"about":[{"href":"https:\/\/www.hashtag.al\/index.php\/wp-json\/wp\/v2\/types\/post"}],"author":[{"embeddable":true,"href":"https:\/\/www.hashtag.al\/index.php\/wp-json\/wp\/v2\/users\/49"}],"replies":[{"embeddable":true,"href":"https:\/\/www.hashtag.al\/index.php\/wp-json\/wp\/v2\/comments?post=707174"}],"version-history":[{"count":0,"href":"https:\/\/www.hashtag.al\/index.php\/wp-json\/wp\/v2\/posts\/707174\/revisions"}],"wp:featuredmedia":[{"embeddable":true,"href":"https:\/\/www.hashtag.al\/index.php\/wp-json\/wp\/v2\/media\/707163"}],"wp:attachment":[{"href":"https:\/\/www.hashtag.al\/index.php\/wp-json\/wp\/v2\/media?parent=707174"}],"wp:term":[{"taxonomy":"category","embeddable":true,"href":"https:\/\/www.hashtag.al\/index.php\/wp-json\/wp\/v2\/categories?post=707174"},{"taxonomy":"post_tag","embeddable":true,"href":"https:\/\/www.hashtag.al\/index.php\/wp-json\/wp\/v2\/tags?post=707174"}],"curies":[{"name":"wp","href":"https:\/\/api.w.org\/{rel}","templated":true}]}}