{"id":706935,"date":"2024-11-01T09:15:54","date_gmt":"2024-11-01T08:15:54","guid":{"rendered":"https:\/\/www.hashtag.al\/?p=706935"},"modified":"2024-11-01T09:19:39","modified_gmt":"2024-11-01T08:19:39","slug":"ish-ministri-saimir-tahiri-paraqitet-sot-ne-spak","status":"publish","type":"post","link":"https:\/\/www.hashtag.al\/index.php\/2024\/11\/01\/ish-ministri-saimir-tahiri-paraqitet-sot-ne-spak\/","title":{"rendered":"Ish-ministri Saimir Tahiri paraqitet sot n\u00eb SPAK","gt_translate_keys":[{"key":"rendered","format":"text"}]},"content":{"rendered":"<p style=\"text-align: left;\"><span style=\"color: #000000;\"><img loading=\"lazy\" decoding=\"async\" class=\" wp-image-706936 aligncenter\" src=\"https:\/\/www.hashtag.al\/wp-content\/uploads\/2024\/11\/former-albanian-interior-minister-saimir-tahiri-speaks-on-the-phone-in-tirana-1-300x181.webp\" alt=\"\" width=\"792\" height=\"478\" srcset=\"https:\/\/www.hashtag.al\/wp-content\/uploads\/2024\/11\/former-albanian-interior-minister-saimir-tahiri-speaks-on-the-phone-in-tirana-1-300x181.webp 300w, https:\/\/www.hashtag.al\/wp-content\/uploads\/2024\/11\/former-albanian-interior-minister-saimir-tahiri-speaks-on-the-phone-in-tirana-1.webp 884w\" sizes=\"auto, (max-width: 792px) 100vw, 792px\" \/><\/span><\/p>\n<p style=\"text-align: left;\"><span style=\"color: #000000;\">Ish-ministri Saimir Tahiri do t\u00eb pyetet sot nga prokuror\u00ebt e SPAK. <\/span><\/p>\n<p style=\"text-align: left;\"><span style=\"color: #000000;\">Gazetarja e <span style=\"color: #0000ff;\"><strong><a style=\"color: #0000ff;\" href=\"https:\/\/top-channel.tv\/2024\/11\/01\/ish-ministri-saimir-tahiri-paraqitet-sot-ne-spak-zbardhen-detajet\/\">Top Channel,<\/a><\/strong><\/span> Anila Hoxha, raporton se ai do t\u00eb paraqitet n\u00eb SPAK n\u00eb or\u00ebn 09:30 p\u00ebr t&#8217;u marr\u00eb n\u00eb pyetje lidhur me dosjen e ngjarjeve t\u00eb 21 janarit. Tahiri \u00ebsht\u00eb thirrur nga prokurori i posa\u00e7\u00ebm Alfred Shehu.<\/span><\/p>\n","protected":false,"gt_translate_keys":[{"key":"rendered","format":"html"}]},"excerpt":{"rendered":"<p>Ish-ministri Saimir Tahiri do t\u00eb pyetet sot nga prokuror\u00ebt e SPAK. Gazetarja e Top Channel, Anila Hoxha, raporton se ai do t\u00eb paraqitet n\u00eb SPAK n\u00eb or\u00ebn 09:30 p\u00ebr t&#8217;u marr\u00eb n\u00eb pyetje lidhur me dosjen e ngjarjeve t\u00eb 21 janarit. Tahiri \u00ebsht\u00eb thirrur nga prokurori i posa\u00e7\u00ebm Alfred Shehu.<\/p>\n","protected":false,"gt_translate_keys":[{"key":"rendered","format":"html"}]},"author":49,"featured_media":706936,"comment_status":"closed","ping_status":"open","sticky":false,"template":"","format":"standard","meta":{"footnotes":""},"categories":[65],"tags":[],"class_list":["post-706935","post","type-post","status-publish","format-standard","has-post-thumbnail","hentry","category-lajme"],"gt_translate_keys":[{"key":"link","format":"url"}],"_links":{"self":[{"href":"https:\/\/www.hashtag.al\/index.php\/wp-json\/wp\/v2\/posts\/706935","targetHints":{"allow":["GET"]}}],"collection":[{"href":"https:\/\/www.hashtag.al\/index.php\/wp-json\/wp\/v2\/posts"}],"about":[{"href":"https:\/\/www.hashtag.al\/index.php\/wp-json\/wp\/v2\/types\/post"}],"author":[{"embeddable":true,"href":"https:\/\/www.hashtag.al\/index.php\/wp-json\/wp\/v2\/users\/49"}],"replies":[{"embeddable":true,"href":"https:\/\/www.hashtag.al\/index.php\/wp-json\/wp\/v2\/comments?post=706935"}],"version-history":[{"count":0,"href":"https:\/\/www.hashtag.al\/index.php\/wp-json\/wp\/v2\/posts\/706935\/revisions"}],"wp:featuredmedia":[{"embeddable":true,"href":"https:\/\/www.hashtag.al\/index.php\/wp-json\/wp\/v2\/media\/706936"}],"wp:attachment":[{"href":"https:\/\/www.hashtag.al\/index.php\/wp-json\/wp\/v2\/media?parent=706935"}],"wp:term":[{"taxonomy":"category","embeddable":true,"href":"https:\/\/www.hashtag.al\/index.php\/wp-json\/wp\/v2\/categories?post=706935"},{"taxonomy":"post_tag","embeddable":true,"href":"https:\/\/www.hashtag.al\/index.php\/wp-json\/wp\/v2\/tags?post=706935"}],"curies":[{"name":"wp","href":"https:\/\/api.w.org\/{rel}","templated":true}]}}