{"id":706818,"date":"2024-10-31T13:22:35","date_gmt":"2024-10-31T12:22:35","guid":{"rendered":"https:\/\/www.hashtag.al\/?p=706818"},"modified":"2024-10-31T13:22:35","modified_gmt":"2024-10-31T12:22:35","slug":"u-paraqit-ne-spak-per-21-janarin-qefalia-alibeajt-sa-here-nderron-ngjyren-here-lul-here-berishe-here-1912-mbetesh-enkelejd","status":"publish","type":"post","link":"https:\/\/www.hashtag.al\/index.php\/2024\/10\/31\/u-paraqit-ne-spak-per-21-janarin-qefalia-alibeajt-sa-here-nderron-ngjyren-here-lul-here-berishe-here-1912-mbetesh-enkelejd\/","title":{"rendered":"U paraqit n\u00eb SPAK p\u00ebr 21 janarin, Qefalia-Alibeajt: Sa her\u00eb nd\u00ebrron ngjyr\u00ebn, her\u00eb Lul, her\u00eb Berish\u00eb, her\u00eb 1912, mbetesh Enkelejd","gt_translate_keys":[{"key":"rendered","format":"text"}]},"content":{"rendered":"<p style=\"text-align: left;\"><span style=\"color: #000000;\"><img loading=\"lazy\" decoding=\"async\" class=\" wp-image-706753 aligncenter\" src=\"https:\/\/www.hashtag.al\/wp-content\/uploads\/2024\/10\/Untitled-design-4-300x169.jpg\" alt=\"\" width=\"792\" height=\"446\" srcset=\"https:\/\/www.hashtag.al\/wp-content\/uploads\/2024\/10\/Untitled-design-4-300x169.jpg 300w, https:\/\/www.hashtag.al\/wp-content\/uploads\/2024\/10\/Untitled-design-4-1024x576.jpg 1024w, https:\/\/www.hashtag.al\/wp-content\/uploads\/2024\/10\/Untitled-design-4-768x432.jpg 768w, https:\/\/www.hashtag.al\/wp-content\/uploads\/2024\/10\/Untitled-design-4-1536x864.jpg 1536w, https:\/\/www.hashtag.al\/wp-content\/uploads\/2024\/10\/Untitled-design-4.jpg 1920w\" sizes=\"auto, (max-width: 792px) 100vw, 792px\" \/><\/span><\/p>\n<p style=\"text-align: left;\"><span style=\"color: #000000;\">Deputeti i Partis\u00eb Socialiste, Xhemal Qefalia, ka sqaruar arsyen e thirrjes s\u00eb tij n\u00eb Prokurorin\u00eb e Posa\u00e7me (SPAK) p\u00ebr t\u00eb d\u00ebshmuar rreth ngjarjeve t\u00eb 21 Janarit.\u00a0<\/span><\/p>\n<p style=\"text-align: left;\"><span style=\"color: #000000;\">Qefalia u shpreh se n\u00eb SPAK i ishte treguar nj\u00eb fotografi ku kishte t\u00eb b\u00ebj\u00eb me Alibeajn<em>. &#8220;M\u00eb than\u00eb, \u2018A \u00ebsht\u00eb Enkelejdi ky q\u00eb ka automatik, q\u00eb po u gjuan protestuesve?\u2019. Jo, jo, i thash se Enkelejdi ka qen\u00eb k\u00ebshilltar, ka qen\u00eb brenda,&#8221;<\/em> tha ai.<\/span><\/p>\n<p style=\"text-align: left;\"><span style=\"color: #000000;\">N\u00eb nj\u00eb replik\u00eb t\u00eb m\u00ebtejshme, Qefalia e kritikoi Alibeajn p\u00ebr ndryshimin e pozicioneve politike, duke th\u00ebn\u00eb se pavar\u00ebsisht se si e nd\u00ebrron ngjyr\u00ebn, ai mbetet Enkelejdi.<\/span><\/p>\n<div class=\"col-md-1 col-sm-1\" style=\"text-align: left;\">\n<div class=\"article-sharing-options\"><\/div>\n<\/div>\n<div class=\"col-md-10 col-sm-10 article-text\">\n<p style=\"text-align: left;\"><span style=\"color: #000000;\"><em>\u201cEnkelejd, isha n\u00eb SPAK dhe d\u00ebshmova p\u00ebr 21 Janarin. Po ajo q\u00eb m\u00eb habiti, ishte se m\u00eb than\u00eb p\u00ebr nj\u00eb fotografi, m\u00eb than\u00eb \u2018A \u00ebsht\u00eb Enkelejdi ky q\u00eb ka automatik, q\u00eb po u gjuan protestuesve?\u2019. Jo, jo i thash se Enkelejdi ka qen\u00eb k\u00ebshilltar, ka qen\u00eb brenda.<\/em><\/span><\/p>\n<p style=\"text-align: left;\"><span style=\"color: #000000;\"><em>Zot\u00ebri, se sa her\u00eb nd\u00ebrron ngjyr\u00ebn ti, her\u00eb Lul, her\u00eb Berish\u00eb, her\u00eb 1912, ti mbetesh Enkelejdi, q\u00eb vjen tani dhe t\u00eb ka ardhur z\u00ebri pasi ik\u00ebn k\u00ebta p\u00ebr t\u00eb folur. Ne do i p\u00ebrgjigjemi SPAK-ut se kemi besuar t\u00eb drejt\u00ebsia, nj\u00eb drejt\u00ebsi q\u00eb do vendoset p\u00ebr t\u00eb gjith\u00eb. Te ajo fotografia nuk ishe ti, se ishte veshur me nj\u00eb form\u00eb tjet\u00ebr, ishe mbyllur atje brenda t\u00eb ajo k\u00ebshtjella q\u00eb vrat\u00eb dhjet\u00ebra demonstrues\u201d,<\/em> tha Qefaliaj.<\/span><\/p>\n<\/div>\n","protected":false,"gt_translate_keys":[{"key":"rendered","format":"html"}]},"excerpt":{"rendered":"<p>Deputeti i Partis\u00eb Socialiste, Xhemal Qefalia, ka sqaruar arsyen e thirrjes s\u00eb tij n\u00eb Prokurorin\u00eb e Posa\u00e7me (SPAK) p\u00ebr t\u00eb d\u00ebshmuar rreth ngjarjeve t\u00eb 21 Janarit.\u00a0 Qefalia u shpreh se n\u00eb SPAK i ishte treguar nj\u00eb fotografi ku kishte t\u00eb b\u00ebj\u00eb me Alibeajn. &#8220;M\u00eb than\u00eb, \u2018A \u00ebsht\u00eb Enkelejdi ky q\u00eb ka automatik, q\u00eb po u [&hellip;]<\/p>\n","protected":false,"gt_translate_keys":[{"key":"rendered","format":"html"}]},"author":49,"featured_media":706753,"comment_status":"closed","ping_status":"open","sticky":false,"template":"","format":"standard","meta":{"footnotes":""},"categories":[65],"tags":[],"class_list":["post-706818","post","type-post","status-publish","format-standard","has-post-thumbnail","hentry","category-lajme"],"gt_translate_keys":[{"key":"link","format":"url"}],"_links":{"self":[{"href":"https:\/\/www.hashtag.al\/index.php\/wp-json\/wp\/v2\/posts\/706818","targetHints":{"allow":["GET"]}}],"collection":[{"href":"https:\/\/www.hashtag.al\/index.php\/wp-json\/wp\/v2\/posts"}],"about":[{"href":"https:\/\/www.hashtag.al\/index.php\/wp-json\/wp\/v2\/types\/post"}],"author":[{"embeddable":true,"href":"https:\/\/www.hashtag.al\/index.php\/wp-json\/wp\/v2\/users\/49"}],"replies":[{"embeddable":true,"href":"https:\/\/www.hashtag.al\/index.php\/wp-json\/wp\/v2\/comments?post=706818"}],"version-history":[{"count":0,"href":"https:\/\/www.hashtag.al\/index.php\/wp-json\/wp\/v2\/posts\/706818\/revisions"}],"wp:featuredmedia":[{"embeddable":true,"href":"https:\/\/www.hashtag.al\/index.php\/wp-json\/wp\/v2\/media\/706753"}],"wp:attachment":[{"href":"https:\/\/www.hashtag.al\/index.php\/wp-json\/wp\/v2\/media?parent=706818"}],"wp:term":[{"taxonomy":"category","embeddable":true,"href":"https:\/\/www.hashtag.al\/index.php\/wp-json\/wp\/v2\/categories?post=706818"},{"taxonomy":"post_tag","embeddable":true,"href":"https:\/\/www.hashtag.al\/index.php\/wp-json\/wp\/v2\/tags?post=706818"}],"curies":[{"name":"wp","href":"https:\/\/api.w.org\/{rel}","templated":true}]}}