{"id":706377,"date":"2024-10-29T15:27:07","date_gmt":"2024-10-29T14:27:07","guid":{"rendered":"https:\/\/www.hashtag.al\/?p=706377"},"modified":"2024-10-29T15:27:07","modified_gmt":"2024-10-29T14:27:07","slug":"lajcak-jam-optimist-per-perparimin-ne-disa-tema-te-dialogut-kosove-serbi","status":"publish","type":"post","link":"https:\/\/www.hashtag.al\/index.php\/2024\/10\/29\/lajcak-jam-optimist-per-perparimin-ne-disa-tema-te-dialogut-kosove-serbi\/","title":{"rendered":"Laj\u00e7ak: Jam optimist p\u00ebr p\u00ebrparimin n\u00eb disa tema t\u00eb dialogut Kosov\u00eb-Serbi","gt_translate_keys":[{"key":"rendered","format":"text"}]},"content":{"rendered":"<p style=\"text-align: left;\"><span style=\"color: #000000;\"><img loading=\"lazy\" decoding=\"async\" class=\" wp-image-706378 aligncenter\" src=\"https:\/\/www.hashtag.al\/wp-content\/uploads\/2024\/10\/Screenshot-2024-10-29-104149-300x169.png\" alt=\"\" width=\"779\" height=\"439\" srcset=\"https:\/\/www.hashtag.al\/wp-content\/uploads\/2024\/10\/Screenshot-2024-10-29-104149-300x169.png 300w, https:\/\/www.hashtag.al\/wp-content\/uploads\/2024\/10\/Screenshot-2024-10-29-104149-768x432.png 768w, https:\/\/www.hashtag.al\/wp-content\/uploads\/2024\/10\/Screenshot-2024-10-29-104149.png 1075w\" sizes=\"auto, (max-width: 779px) 100vw, 779px\" \/><\/span><\/p>\n<p style=\"text-align: left;\"><span style=\"color: #000000;\">I d\u00ebrguari i Bashkimit Evropian p\u00ebr dialogun mes Kosov\u00ebs dhe Serbis\u00eb, Mirosllav Laj\u00e7ak, ka th\u00ebn\u00eb t\u00eb mart\u00ebn se ndihet optimist p\u00ebr pak p\u00ebrparim t\u00eb arritur n\u00eb disa \u00e7\u00ebshtje me r\u00ebnd\u00ebsi gjat\u00eb nj\u00eb takimi t\u00eb kryenegociator\u00ebve jav\u00ebn e kaluar n\u00eb Bruksel.<\/span><\/p>\n<p style=\"text-align: left;\"><span style=\"color: #000000;\">Kryenegociator\u00ebt e Kosov\u00ebs dhe Serbis\u00eb, Besnik Bislimi dhe Petar Petkoviq, nuk arrit\u00ebn pajtueshm\u00ebri gjat\u00eb p\u00ebr m\u00ebnyr\u00ebn se si t\u00eb ecet p\u00ebrpara n\u00eb rrug\u00ebn drejt normalizimit t\u00eb marr\u00ebdh\u00ebnieve mes dy vendeve fqinje gjat\u00eb takimit t\u00eb tyre trepal\u00ebsh me Laj\u00e7akun t\u00eb enjten n\u00eb Bruksel, por u pajtuan n\u00eb disa \u00e7\u00ebshtje t\u00eb tjera.<\/span><\/p>\n<p style=\"text-align: left;\"><span style=\"color: #000000;\">Laj\u00e7ak tha t\u00eb mart\u00ebn n\u00eb Facebook se, derisa nuk u arrit ndonj\u00eb rezultat p\u00ebr rrug\u00ebn drejt zbatimit t\u00eb Marr\u00ebveshjes s\u00eb viti 2023, \u201cjam optimist p\u00ebr pak p\u00ebrparim t\u00eb arritur n\u00eb disa \u00e7\u00ebshtje t\u00eb r\u00ebnd\u00ebsishme, p\u00ebr t\u00eb cilat do t\u00eb vazhdojm\u00eb pun\u00ebn n\u00eb jav\u00ebt n\u00eb vijim\u201d.<\/span><\/p>\n<p style=\"text-align: left;\"><span style=\"color: #000000;\">Pas takimeve t\u00eb s\u00eb enjtes, Bislimi njoftoi se pal\u00ebt ishin pajtuar p\u00ebr disa \u00e7\u00ebshtje, p\u00ebrfshir\u00eb themelimin e nj\u00eb grupi punues, i cili do t\u2019i harmonizoj\u00eb rreth 20 certifikata veterinere, t\u00eb cilat p\u00ebrdoren p\u00ebr kalimet kufitare mes Kosov\u00ebs dhe Serbis\u00eb.<\/span><\/p>\n<p style=\"text-align: left;\"><span style=\"color: #000000;\">Kosova e ka akuzuar Serbin\u00eb n\u00eb t\u00eb kaluar\u00ebn se i ka penguar mallrat dhe bizneset kosovare q\u00eb kalojn\u00eb transit n\u00ebp\u00ebr territorin e Serbis\u00eb, pasi Beogradi nuk njeh certifikat\u00ebn fitosanitare t\u00eb l\u00ebshuar nga Republika e Kosov\u00ebs.<\/span><\/p>\n<p style=\"text-align: left;\"><span style=\"color: #000000;\">Ai tha gjithashtu se Laj\u00e7ak i njoftoi gjat\u00eb takimit se Serbia \u00ebsht\u00eb zotuar se deri n\u00eb fund t\u00eb muajit t\u00eb ardhsh\u00ebm do t\u00eb l\u00ebshohen linjat e interkoneksionit, q\u00eb ka qen\u00eb marr\u00ebveshje e energjis\u00eb e vitit 2022.<\/span><\/p>\n<p style=\"text-align: left;\"><span style=\"color: #000000;\">Takimi i s\u00eb enjtes ishte i pari trepal\u00ebsh pas m\u00eb shum\u00eb se tre muajve mes Bislimit dhe Petkoviqit, por ata p\u00ebrs\u00ebri d\u00ebshtuan t\u00eb arrijn\u00eb pajtueshm\u00ebri p\u00ebr m\u00ebnyr\u00ebn se si t\u00eb ecet p\u00ebrpara n\u00eb rrug\u00ebn drejt normalizimit t\u00eb marr\u00ebdh\u00ebnieve mes dy vendeve fqinje.<\/span><\/p>\n<p style=\"text-align: left;\"><span style=\"color: #000000;\">Duke folur pas takimit, Bislimi tha se n\u00eb fokus t\u00eb takimit ishte gjetja e nj\u00eb m\u00ebnyre p\u00ebr zbatimin e plot\u00eb t\u00eb Marr\u00ebveshjes Baz\u00eb, p\u00ebr t\u00eb cil\u00ebn Kosova dhe Serbia u pajtuan n\u00eb fillim t\u00eb vitit 2023.<\/span><\/p>\n<p style=\"text-align: left;\"><span style=\"color: #000000;\">\u201cFatkeq\u00ebsisht p\u00ebr tem\u00ebn kryesore q\u00eb jemi mbledh, nuk ka rezultat. Serbia me gjas\u00eb ende po ngul k\u00ebmb\u00eb n\u00eb zbatim t\u00eb pjessh\u00ebm, pra sipas ides\u00eb, \u2018ne b\u00ebjm\u00eb di\u00e7ka ju b\u00ebni di\u00e7ka\u2019\u201d, tha Bislimi.<\/span><\/p>\n<p style=\"text-align: left;\"><span style=\"color: #000000;\">Kryenegociatori serb Petkoviq tha se Beogradi \u201cnuk po ik\u00eb\u201d nga detyrimet q\u00eb dalin nga Marr\u00ebveshja Baz\u00eb, por se Prishtina duhet t\u00eb jet\u00eb e para q\u00eb do t\u00eb filloj\u00eb, duke nisur me themelimin e Asociacionit t\u00eb komunave me shumic\u00eb serbe.<\/span><\/p>\n<p style=\"text-align: left;\"><span style=\"color: #000000;\">Kosova ngul k\u00ebmb\u00eb se kjo marr\u00ebveshje duhet t\u00eb n\u00ebnshkruhet s\u00eb pari, edhe pse BE-ja thot\u00eb se ajo \u00ebsht\u00eb detyruese p\u00ebr pal\u00ebt pavar\u00ebsisht n\u00ebnshkrimit, dhe e ka akuzuar Serbin\u00eb edhe n\u00eb t\u00eb kaluar\u00ebn se d\u00ebshiron vet\u00ebm zbatimin e pjessh\u00ebm t\u00eb saj.<a href=\"https:\/\/www.evropaelire.org\/a\/lajcak-optimist-perparimin-shenuar-dialog\/33177407.html\"><span style=\"color: #0000ff;\"><strong>\/REL<\/strong><\/span><\/a><\/span><\/p>\n","protected":false,"gt_translate_keys":[{"key":"rendered","format":"html"}]},"excerpt":{"rendered":"<p>I d\u00ebrguari i Bashkimit Evropian p\u00ebr dialogun mes Kosov\u00ebs dhe Serbis\u00eb, Mirosllav Laj\u00e7ak, ka th\u00ebn\u00eb t\u00eb mart\u00ebn se ndihet optimist p\u00ebr pak p\u00ebrparim t\u00eb arritur n\u00eb disa \u00e7\u00ebshtje me r\u00ebnd\u00ebsi gjat\u00eb nj\u00eb takimi t\u00eb kryenegociator\u00ebve jav\u00ebn e kaluar n\u00eb Bruksel. Kryenegociator\u00ebt e Kosov\u00ebs dhe Serbis\u00eb, Besnik Bislimi dhe Petar Petkoviq, nuk arrit\u00ebn pajtueshm\u00ebri gjat\u00eb p\u00ebr [&hellip;]<\/p>\n","protected":false,"gt_translate_keys":[{"key":"rendered","format":"html"}]},"author":49,"featured_media":706378,"comment_status":"closed","ping_status":"open","sticky":false,"template":"","format":"standard","meta":{"footnotes":""},"categories":[149],"tags":[],"class_list":["post-706377","post","type-post","status-publish","format-standard","has-post-thumbnail","hentry","category-kosoverajon"],"gt_translate_keys":[{"key":"link","format":"url"}],"_links":{"self":[{"href":"https:\/\/www.hashtag.al\/index.php\/wp-json\/wp\/v2\/posts\/706377","targetHints":{"allow":["GET"]}}],"collection":[{"href":"https:\/\/www.hashtag.al\/index.php\/wp-json\/wp\/v2\/posts"}],"about":[{"href":"https:\/\/www.hashtag.al\/index.php\/wp-json\/wp\/v2\/types\/post"}],"author":[{"embeddable":true,"href":"https:\/\/www.hashtag.al\/index.php\/wp-json\/wp\/v2\/users\/49"}],"replies":[{"embeddable":true,"href":"https:\/\/www.hashtag.al\/index.php\/wp-json\/wp\/v2\/comments?post=706377"}],"version-history":[{"count":0,"href":"https:\/\/www.hashtag.al\/index.php\/wp-json\/wp\/v2\/posts\/706377\/revisions"}],"wp:featuredmedia":[{"embeddable":true,"href":"https:\/\/www.hashtag.al\/index.php\/wp-json\/wp\/v2\/media\/706378"}],"wp:attachment":[{"href":"https:\/\/www.hashtag.al\/index.php\/wp-json\/wp\/v2\/media?parent=706377"}],"wp:term":[{"taxonomy":"category","embeddable":true,"href":"https:\/\/www.hashtag.al\/index.php\/wp-json\/wp\/v2\/categories?post=706377"},{"taxonomy":"post_tag","embeddable":true,"href":"https:\/\/www.hashtag.al\/index.php\/wp-json\/wp\/v2\/tags?post=706377"}],"curies":[{"name":"wp","href":"https:\/\/api.w.org\/{rel}","templated":true}]}}