{"id":706317,"date":"2024-10-28T20:24:00","date_gmt":"2024-10-28T19:24:00","guid":{"rendered":"https:\/\/www.hashtag.al\/?p=706317"},"modified":"2024-10-28T20:24:00","modified_gmt":"2024-10-28T19:24:00","slug":"berisha-paralajmeron-ministrin-e-brendshem-dhe-drejtorin-e-policise-pergjigje-lemeritese-nese-reagoni-kunder-protestuesve","status":"publish","type":"post","link":"https:\/\/www.hashtag.al\/index.php\/2024\/10\/28\/berisha-paralajmeron-ministrin-e-brendshem-dhe-drejtorin-e-policise-pergjigje-lemeritese-nese-reagoni-kunder-protestuesve\/","title":{"rendered":"Berisha paralajm\u00ebron Ministrin e Brendsh\u00ebm dhe drejtorin e policis\u00eb: P\u00ebrgjigje lemerit\u00ebse n\u00ebse reagoni kund\u00ebr protestuesve","gt_translate_keys":[{"key":"rendered","format":"text"}]},"content":{"rendered":"<p><a href=\"https:\/\/www.hashtag.al\/wp-content\/uploads\/2024\/10\/berisha-hoxha-proda-scaled.jpg\"><img loading=\"lazy\" decoding=\"async\" class=\"aligncenter size-full wp-image-706318\" src=\"https:\/\/www.hashtag.al\/wp-content\/uploads\/2024\/10\/berisha-hoxha-proda-scaled.jpg\" alt=\"\" width=\"2560\" height=\"1149\" srcset=\"https:\/\/www.hashtag.al\/wp-content\/uploads\/2024\/10\/berisha-hoxha-proda-scaled.jpg 2560w, https:\/\/www.hashtag.al\/wp-content\/uploads\/2024\/10\/berisha-hoxha-proda-300x135.jpg 300w, https:\/\/www.hashtag.al\/wp-content\/uploads\/2024\/10\/berisha-hoxha-proda-1024x460.jpg 1024w, https:\/\/www.hashtag.al\/wp-content\/uploads\/2024\/10\/berisha-hoxha-proda-768x345.jpg 768w, https:\/\/www.hashtag.al\/wp-content\/uploads\/2024\/10\/berisha-hoxha-proda-1536x690.jpg 1536w, https:\/\/www.hashtag.al\/wp-content\/uploads\/2024\/10\/berisha-hoxha-proda-2048x920.jpg 2048w\" sizes=\"auto, (max-width: 2560px) 100vw, 2560px\" \/><\/a><\/p>\n<p><span style=\"color: #000000;\">Kreu i Partis\u00eb Demokratike, Sali Berisha, ka paralajm\u00ebruar ministrin e Brendsh\u00ebm, Ervin Hoxha, dhe drejtorin e Policis\u00eb s\u00eb Shtetit, Ilir Proda, n\u00eb prag t\u00eb protest\u00ebs s\u00eb planifikuar t\u00eb opozit\u00ebs.<\/span><\/p>\n<p><span style=\"color: #000000;\">Protesta synon bllokimin e disa akseve kryesore n\u00eb t\u00eb gjith\u00eb vendin p\u00ebr t\u00eb shprehur mosmarr\u00ebveshjen me qeverin\u00eb aktuale.<\/span><\/p>\n<p><span style=\"color: #000000;\">Sipas planit t\u00eb protest\u00ebs, akset q\u00eb do t\u00eb bllokohen p\u00ebrfshijn\u00eb: Tiran\u00eb\u2013Durr\u00ebs, pran\u00eb mbikalimit t\u00eb Kamz\u00ebs; Durr\u00ebs\u2013Tiran\u00eb, pran\u00eb mbikalimit t\u00eb Shkozetit; Kashar\u2013Milot, pran\u00eb kryq\u00ebzimit t\u00eb Milotit; Elbasan\u2013Tiran\u00eb, te rrethrrotullimi i Bradasheshit; Durr\u00ebs\u2013Fier, te rrethrrotullimi i Rrogozhin\u00ebs; dhe Levan\u2013Tepelen\u00eb, te rrethrrotullimi i Levanit.<\/span><\/p>\n<p><span style=\"color: #000000;\">\u201c<em>Nes\u00ebr paralajm\u00ebroj Edi Ram\u00ebn: mos nd\u00ebrsej\u00eb bastardin e familjes Hoxha, ish-gjob\u00ebv\u00ebn\u00ebsin, krye-gjobv\u00ebn\u00ebsin e Policis\u00eb Rrugore, p\u00ebrfaq\u00ebsuesin e bandave t\u00eb rrezikshme t\u00eb Durr\u00ebsit, dhe m\u00eb par\u00eb t\u00eb Tiran\u00ebs, Ervin Hoxh\u00ebn.<\/em><\/span><\/p>\n<p><span style=\"color: #000000;\"><em>Mos guxo t\u00eb nd\u00ebrsesh narko-komisarin e implikuar n\u00eb aktet m\u00eb t\u00eb r\u00ebnda kriminale me bandat, Ilir Prod\u00ebn kund\u00ebr protestuesve, sepse p\u00ebrgjigja do t\u00eb jet\u00eb lemerit\u00ebse p\u00ebr ju.<\/em><\/span><\/p>\n<p><span style=\"color: #000000;\"><em>Bllokimi i rrug\u00ebve, protesta, mosbindja civile e opozit\u00ebs \u00ebsht\u00eb kushtrimi q\u00eb burojn\u00eb nga thell\u00ebsia e shpirtit t\u00eb \u00e7do qytetari t\u00eb k\u00ebtij vendi p\u00ebr t\u2019u ndar\u00eb sa m\u00eb shpejt nga ky regjim.<\/em><\/span><\/p>\n<p><span style=\"color: #000000;\"><em>T\u00eb dashur miq, beteja q\u00eb fillon nes\u00ebr \u00ebsht\u00eb nj\u00eb betej\u00eb n\u00eb vazhdim. Bllokimi i Edi Ram\u00ebs n\u00eb Surrel do t\u00eb jet\u00eb edhe kjo n\u00eb agjend\u00ebn e mosbindjes civile. Po, po.<\/em><\/span><\/p>\n<p><span style=\"color: #000000;\"><em>Edi Rama, qytetar\u00ebt jan\u00eb t\u00eb revoltuar me ty, jan\u00eb t\u00eb zem\u00ebruar, jan\u00eb t\u00eb gatsh\u00ebm t\u00eb t\u00eb nxjerrin prej hund\u00ebsh gjith\u00e7ka ke vjedhur k\u00ebto vite pushteti<\/em>\u201d-tha Berisha.<\/span><\/p>\n","protected":false,"gt_translate_keys":[{"key":"rendered","format":"html"}]},"excerpt":{"rendered":"<p>Kreu i Partis\u00eb Demokratike, Sali Berisha, ka paralajm\u00ebruar ministrin e Brendsh\u00ebm, Ervin Hoxha, dhe drejtorin e Policis\u00eb s\u00eb Shtetit, Ilir Proda, n\u00eb prag t\u00eb protest\u00ebs s\u00eb planifikuar t\u00eb opozit\u00ebs. Protesta synon bllokimin e disa akseve kryesore n\u00eb t\u00eb gjith\u00eb vendin p\u00ebr t\u00eb shprehur mosmarr\u00ebveshjen me qeverin\u00eb aktuale. Sipas planit t\u00eb protest\u00ebs, akset q\u00eb do t\u00eb [&hellip;]<\/p>\n","protected":false,"gt_translate_keys":[{"key":"rendered","format":"html"}]},"author":32,"featured_media":706318,"comment_status":"closed","ping_status":"open","sticky":false,"template":"","format":"standard","meta":{"footnotes":""},"categories":[65,13],"tags":[],"class_list":["post-706317","post","type-post","status-publish","format-standard","has-post-thumbnail","hentry","category-lajme","category-te-fundit"],"gt_translate_keys":[{"key":"link","format":"url"}],"_links":{"self":[{"href":"https:\/\/www.hashtag.al\/index.php\/wp-json\/wp\/v2\/posts\/706317","targetHints":{"allow":["GET"]}}],"collection":[{"href":"https:\/\/www.hashtag.al\/index.php\/wp-json\/wp\/v2\/posts"}],"about":[{"href":"https:\/\/www.hashtag.al\/index.php\/wp-json\/wp\/v2\/types\/post"}],"author":[{"embeddable":true,"href":"https:\/\/www.hashtag.al\/index.php\/wp-json\/wp\/v2\/users\/32"}],"replies":[{"embeddable":true,"href":"https:\/\/www.hashtag.al\/index.php\/wp-json\/wp\/v2\/comments?post=706317"}],"version-history":[{"count":0,"href":"https:\/\/www.hashtag.al\/index.php\/wp-json\/wp\/v2\/posts\/706317\/revisions"}],"wp:featuredmedia":[{"embeddable":true,"href":"https:\/\/www.hashtag.al\/index.php\/wp-json\/wp\/v2\/media\/706318"}],"wp:attachment":[{"href":"https:\/\/www.hashtag.al\/index.php\/wp-json\/wp\/v2\/media?parent=706317"}],"wp:term":[{"taxonomy":"category","embeddable":true,"href":"https:\/\/www.hashtag.al\/index.php\/wp-json\/wp\/v2\/categories?post=706317"},{"taxonomy":"post_tag","embeddable":true,"href":"https:\/\/www.hashtag.al\/index.php\/wp-json\/wp\/v2\/tags?post=706317"}],"curies":[{"name":"wp","href":"https:\/\/api.w.org\/{rel}","templated":true}]}}